{"id":121488,"date":"2025-12-31T07:47:11","date_gmt":"2025-12-31T07:47:11","guid":{"rendered":"https:\/\/www.europesays.com\/se\/121488\/"},"modified":"2025-12-31T07:47:11","modified_gmt":"2025-12-31T07:47:11","slug":"man-slaktade-porsche-i-garage-greps-pa-bar-garning","status":"publish","type":"post","link":"https:\/\/www.europesays.com\/se\/121488\/","title":{"rendered":"M\u00e4n slaktade Porsche i garage \u2013 greps p\u00e5 bar g\u00e4rning"},"content":{"rendered":"<p class=\"ort\">\u00d6stermalm<\/p>\n<p class=\"text\">Klockan halvtv\u00e5 p\u00e5 natten fick en \u00d6stermalmsbo ett larm p\u00e5 sin mobiltelefon. Det kom fr\u00e5n hans Porsche som stod parkerad i fastighetens garage. \u00c4garen ber\u00e4ttar i f\u00f6rh\u00f6r att han sm\u00f6g ner till garaget, och att han d\u00e4r fick syn p\u00e5 tv\u00e5 personer vid bilen som enligt polisens f\u00f6runders\u00f6kning \u00e4r v\u00e4rd cirka v\u00e4rd 2,5 miljoner kronor. <\/p>\n<p class=\"text\">\u00c4garen larmade polisen, som snabbt var p\u00e5 plats.<\/p>\n<p class=\"text\">&#8221;N\u00e4r vi kommer runt ho\u0308rnet ser vi tv\u00e5\u030a ma\u0308n i ra\u030anarluvor som ro\u0308r sig vid och bakom bilarna&#8221;, skriver en av de tre poliser som med dragna tj\u00e4nstevapen grep de tv\u00e5 m\u00e4nnen p\u00e5 bar g\u00e4rning.<\/p>\n<p class=\"text\">&#8221;Na\u0308r xx lyder kommandon, ra\u0308cker upp sina ha\u0308nder och sedan la\u0308gger sig, sa\u030a sa\u0308nker jag vapnet.&#8221; <\/p>\n<p>Alla hjulen borta<\/p>\n<p class=\"text\">Polisutredningen skulle senare visa att de tv\u00e5 m\u00e4nnen hade plockat av flera delar fr\u00e5n bilen. Alla fyra hjul med da\u0308ck och fa\u0308lg, bromsok, bromsskivor och bromsbela\u0308gg var inlastade i en BMW som stulits ur ett garage i Vasastan.<\/p>\n<p class=\"text\">Dessutom hade de s\u00e5gat upp h\u00e5l i Porschens f\u00f6rard\u00f6rr och motorhuv.<\/p>\n<p class=\"citat\">&#8221;Na\u0308r xx lyder kommandon och ra\u0308cker upp sina ha\u0308nder och sedan la\u0308gger sig, sa\u030a sa\u0308nker jag vapnet.<\/p>\n<p class=\"text\">Det sammanlagda v\u00e4rdet av st\u00f6ldgodset uppskattas till omkring en halv miljon kronor. Ut\u00f6ver det har \u00e4garens f\u00f6rs\u00e4kringsbolag uppskattat kostnaden f\u00f6r reparationer efter skadeg\u00f6relsen till drygt 400 000 kronor. <\/p>\n<p><img decoding=\"async\" class=\"Image Image_\" src=\"\" data-aghref=\"http:\/\/www.mitti.se\/image-3.353309.270080.20251231050140.1.1cf66bc428\" data-agimagetype=\"hardcrop\" alt=\"Bilen pallades upp och blev av med b\u00e5de hjul och d\u00e4ck.\"\/><\/p>\n<p class=\"Caption\">Bilen pallades upp och blev av med b\u00e5de hjul och d\u00e4ck.<\/p>\n<p class=\"Source\">Polisens f\u00f6runders\u00f6kning<\/p>\n<p>F\u00e4ngelse och skadest\u00e5nd<\/p>\n<p class=\"text\">De tv\u00e5 m\u00e4nnen har erk\u00e4nt att de stulit delarna fr\u00e5n Porschen. En av dem, en man i 25-\u00e5rs\u00e5ldern \u2013 nekar dock till brott med motiveringen att han begick g\u00e4rning under hot. Det argumentet k\u00f6ptes varken av tingsr\u00e4tten eller hovr\u00e4tten.<\/p>\n<p class=\"text\">Den andra mannen \u2013 som \u00e4r i 50-\u00e5rs\u00e5ldern \u2013 har liksom 25-\u00e5ringen protesterat mot att st\u00f6lden ska bed\u00f6mas som grov. Inte heller det fick de geh\u00f6r f\u00f6r i n\u00e5gon av domstolarna.<\/p>\n<p class=\"text\">Nu har Svea hovr\u00e4tt fastst\u00e4llt tingsr\u00e4ttens dom vilket inneb\u00e4r att de tv\u00e5 m\u00e4nnen d\u00f6ms till f\u00e4ngelse i ett \u00e5r. De ska ocks\u00e5 betala drygt 300 000 kronor i skadest\u00e5nd till Porsche\u00e4garens f\u00f6rs\u00e4kringsbolag, samt drygt 20 000 kronor till garagebolaget f\u00f6r sabotaget mot \u00f6vervakningskamerorna.<\/p>\n","protected":false},"excerpt":{"rendered":"\u00d6stermalm Klockan halvtv\u00e5 p\u00e5 natten fick en \u00d6stermalmsbo ett larm p\u00e5 sin mobiltelefon. Det kom fr\u00e5n hans Porsche&hellip;\n","protected":false},"author":2,"featured_media":121489,"comment_status":"","ping_status":"","sticky":false,"template":"","format":"standard","meta":{"footnotes":""},"categories":[12],"tags":[22,23,26,27,17,21,24,25,28,29,15,16,18,34,31,33,32,30,19,20],"class_list":{"0":"post-121488","1":"post","2":"type-post","3":"status-publish","4":"format-standard","5":"has-post-thumbnail","7":"category-sverige","8":"tag-breaking-news","9":"tag-breakingnews","10":"tag-featured-news","11":"tag-featurednews","12":"tag-headlines","13":"tag-huvudnyheter","14":"tag-latest-news","15":"tag-latestnews","16":"tag-main-news","17":"tag-mainnews","18":"tag-news","19":"tag-nyheter","20":"tag-rubriker","21":"tag-se","22":"tag-svenska","23":"tag-sverige","24":"tag-sweden","25":"tag-swedish","26":"tag-top-stories","27":"tag-topstories"},"share_on_mastodon":{"url":"https:\/\/pubeurope.com\/@se\/115813079020107364","error":""},"_links":{"self":[{"href":"https:\/\/www.europesays.com\/se\/wp-json\/wp\/v2\/posts\/121488","targetHints":{"allow":["GET"]}}],"collection":[{"href":"https:\/\/www.europesays.com\/se\/wp-json\/wp\/v2\/posts"}],"about":[{"href":"https:\/\/www.europesays.com\/se\/wp-json\/wp\/v2\/types\/post"}],"author":[{"embeddable":true,"href":"https:\/\/www.europesays.com\/se\/wp-json\/wp\/v2\/users\/2"}],"replies":[{"embeddable":true,"href":"https:\/\/www.europesays.com\/se\/wp-json\/wp\/v2\/comments?post=121488"}],"version-history":[{"count":0,"href":"https:\/\/www.europesays.com\/se\/wp-json\/wp\/v2\/posts\/121488\/revisions"}],"wp:featuredmedia":[{"embeddable":true,"href":"https:\/\/www.europesays.com\/se\/wp-json\/wp\/v2\/media\/121489"}],"wp:attachment":[{"href":"https:\/\/www.europesays.com\/se\/wp-json\/wp\/v2\/media?parent=121488"}],"wp:term":[{"taxonomy":"category","embeddable":true,"href":"https:\/\/www.europesays.com\/se\/wp-json\/wp\/v2\/categories?post=121488"},{"taxonomy":"post_tag","embeddable":true,"href":"https:\/\/www.europesays.com\/se\/wp-json\/wp\/v2\/tags?post=121488"}],"curies":[{"name":"wp","href":"https:\/\/api.w.org\/{rel}","templated":true}]}}