{"id":121490,"date":"2025-12-31T07:48:07","date_gmt":"2025-12-31T07:48:07","guid":{"rendered":"https:\/\/www.europesays.com\/se\/121490\/"},"modified":"2025-12-31T07:48:07","modified_gmt":"2025-12-31T07:48:07","slug":"granskning-ryska-forlusterna-rekordhoga","status":"publish","type":"post","link":"https:\/\/www.europesays.com\/se\/121490\/","title":{"rendered":"Granskning: Ryska f\u00f6rlusterna rekordh\u00f6ga"},"content":{"rendered":"<p>Under 2025 har antalet ryska soldater som stupat vid fronten \u00f6kat till rekordh\u00f6ga niv\u00e5er. Det rapporterar <a href=\"https:\/\/www.bbc.com\/news\/articles\/c62n922dnw7o\" target=\"_blank\" rel=\"noopener noreferrer nofollow\">BBC<\/a> i en granskning tillsammans med den oberoende mediekanalen Mediazona. De tv\u00e5 kanalerna har analyserat ryska f\u00f6rluster genom att l\u00e4sa d\u00f6dsannonser \u00e4nda sedan den ryska invasionen inleddes i februari 2022.<\/p>\n<p>Granskningen visar att det publicerades 40 procent fler d\u00f6dsannonser under \u00e5ret j\u00e4mf\u00f6rt med 2024. BBC har bekr\u00e4ftat identiteten p\u00e5 n\u00e4stan 160\u00a0000 ryska soldater. Milit\u00e4rexperter som tidningen pratat med bed\u00f6mer dock antalet som \u00e4nnu h\u00f6gre, n\u00e5gonstans mellan 243\u00a0000 till 352\u00a0000 d\u00f6da.<\/p>\n","protected":false},"excerpt":{"rendered":"Under 2025 har antalet ryska soldater som stupat vid fronten \u00f6kat till rekordh\u00f6ga niv\u00e5er. Det rapporterar BBC i&hellip;\n","protected":false},"author":2,"featured_media":121491,"comment_status":"","ping_status":"","sticky":false,"template":"","format":"standard","meta":{"footnotes":""},"categories":[5],"tags":[22,23,26,27,17,21,24,25,28,29,15,16,18,34,31,33,32,30,19,20],"class_list":{"0":"post-121490","1":"post","2":"type-post","3":"status-publish","4":"format-standard","5":"has-post-thumbnail","7":"category-rubriker","8":"tag-breaking-news","9":"tag-breakingnews","10":"tag-featured-news","11":"tag-featurednews","12":"tag-headlines","13":"tag-huvudnyheter","14":"tag-latest-news","15":"tag-latestnews","16":"tag-main-news","17":"tag-mainnews","18":"tag-news","19":"tag-nyheter","20":"tag-rubriker","21":"tag-se","22":"tag-svenska","23":"tag-sverige","24":"tag-sweden","25":"tag-swedish","26":"tag-top-stories","27":"tag-topstories"},"share_on_mastodon":{"url":"https:\/\/pubeurope.com\/@se\/115813082929879634","error":""},"_links":{"self":[{"href":"https:\/\/www.europesays.com\/se\/wp-json\/wp\/v2\/posts\/121490","targetHints":{"allow":["GET"]}}],"collection":[{"href":"https:\/\/www.europesays.com\/se\/wp-json\/wp\/v2\/posts"}],"about":[{"href":"https:\/\/www.europesays.com\/se\/wp-json\/wp\/v2\/types\/post"}],"author":[{"embeddable":true,"href":"https:\/\/www.europesays.com\/se\/wp-json\/wp\/v2\/users\/2"}],"replies":[{"embeddable":true,"href":"https:\/\/www.europesays.com\/se\/wp-json\/wp\/v2\/comments?post=121490"}],"version-history":[{"count":0,"href":"https:\/\/www.europesays.com\/se\/wp-json\/wp\/v2\/posts\/121490\/revisions"}],"wp:featuredmedia":[{"embeddable":true,"href":"https:\/\/www.europesays.com\/se\/wp-json\/wp\/v2\/media\/121491"}],"wp:attachment":[{"href":"https:\/\/www.europesays.com\/se\/wp-json\/wp\/v2\/media?parent=121490"}],"wp:term":[{"taxonomy":"category","embeddable":true,"href":"https:\/\/www.europesays.com\/se\/wp-json\/wp\/v2\/categories?post=121490"},{"taxonomy":"post_tag","embeddable":true,"href":"https:\/\/www.europesays.com\/se\/wp-json\/wp\/v2\/tags?post=121490"}],"curies":[{"name":"wp","href":"https:\/\/api.w.org\/{rel}","templated":true}]}}