{"id":121494,"date":"2025-12-31T07:54:25","date_gmt":"2025-12-31T07:54:25","guid":{"rendered":"https:\/\/www.europesays.com\/se\/121494\/"},"modified":"2025-12-31T07:54:25","modified_gmt":"2025-12-31T07:54:25","slug":"ukraina-om-pastadd-attack-mot-putins-palats-logn","status":"publish","type":"post","link":"https:\/\/www.europesays.com\/se\/121494\/","title":{"rendered":"Ukraina om p\u00e5st\u00e5dd attack mot Putins palats: L\u00f6gn"},"content":{"rendered":"<p>Ryske utrikesministern Sergej Lavrov p\u00e5st\u00e5r att Putins residens i Novgorod-regionen attackerades med 91 dr\u00f6nare natten till m\u00e5ndag. Alla dr\u00f6nare ska ha skjutits ned, p\u00e5st\u00e5r han vidare enligt statligt kontrollerade Tass.<\/p>\n<p>Ryssland kommer d\u00e4rf\u00f6r att \u201dompr\u00f6va sin f\u00f6rhandlingsposition\u201d, uppger Lavrov. Han utlovar ocks\u00e5 ett ryskt svar p\u00e5 den p\u00e5st\u00e5dda attacken.<\/p>\n<p>Underminerar fredssamtal<\/p>\n<p>Men Ukrainas president Volodymyr Zelenskyj tillbakavisar de ryska uppgifterna som en \u201dfullst\u00e4ndig fabrikation\u201d i syfte att underminera Ukrainas och USA:s framsteg i samtalen om en fredsplan. Ryssland planerar nu nya attacker, m\u00f6jligtvis mot regeringsbyggnader i Kiev, varnar Zelenskyj vidare.<\/p>\n<p>\u201dTypiska ryska l\u00f6gner. Dessutom har ryssarna redan riktat in sig p\u00e5 Kiev tidigare, d\u00e4ribland regeringsbyggnaden&#8221;, s\u00e4ger Zelenskyj i ett uttalande p\u00e5 X.<\/p>\n<p>USA:s president Donald Trump hade ett \u201dpositivt\u201d samtal med Putin p\u00e5 m\u00e5ndagen, enligt Vita huset.<\/p>\n<p>Enligt Putins r\u00e5dgivare Jurij Usjakov var Putin \u201dmycket tydlig\u201d mot Trump med att ett antal \u00f6verenskommelser som diskuterats kring fredsplanen nu ska \u201domv\u00e4rderas\u201d av Ryssland, rapporterar Tass.<\/p>\n<p>\u2013 Han sade att han blev attackerad. Det \u00e4r inte bra, s\u00e4ger president Donald Trump vid en presstr\u00e4ff, ang\u00e5ende samtalet med Putin.<\/p>\n<p>P\u00e5 en journalistfr\u00e5ga om det kan vara s\u00e5 att attacken inte \u00e4gt rum svarar Trump att &#8221;det \u00e4r m\u00f6jligt det ocks\u00e5&#8221;.<\/p>\n<p>Putin: Kriget forts\u00e4tter<\/p>\n<p>Strax innan Lavrovs uttalande uppgav Putin, i ett tv-s\u00e4nt m\u00f6te med h\u00f6ga milit\u00e4ra chefer, att kriget mot Ukraina forts\u00e4tter.<\/p>\n<p>\u2013 Uppgifterna med att befria Donbass, Zaporizjzja och Cherson utf\u00f6rs i etapper, i enlighet med planen f\u00f6r den \u201cs\u00e4rskilda milit\u00e4ra operationen&#8221;, sade Putin om den fullskaliga ryska invasionen, som inleddes i februari 2022.<\/p>\n<p>Putin beordrar bland annat sina styrkor att inta den ukrainska storstaden Zaporizjzja, enligt Tass.<\/p>\n","protected":false},"excerpt":{"rendered":"Ryske utrikesministern Sergej Lavrov p\u00e5st\u00e5r att Putins residens i Novgorod-regionen attackerades med 91 dr\u00f6nare natten till m\u00e5ndag. Alla&hellip;\n","protected":false},"author":2,"featured_media":121495,"comment_status":"","ping_status":"","sticky":false,"template":"","format":"standard","meta":{"footnotes":""},"categories":[14],"tags":[22,23,26,27,17,21,24,25,28,29,15,16,18,34,31,33,32,30,19,20,51,52,53,54],"class_list":{"0":"post-121494","1":"post","2":"type-post","3":"status-publish","4":"format-standard","5":"has-post-thumbnail","7":"category-varlden","8":"tag-breaking-news","9":"tag-breakingnews","10":"tag-featured-news","11":"tag-featurednews","12":"tag-headlines","13":"tag-huvudnyheter","14":"tag-latest-news","15":"tag-latestnews","16":"tag-main-news","17":"tag-mainnews","18":"tag-news","19":"tag-nyheter","20":"tag-rubriker","21":"tag-se","22":"tag-svenska","23":"tag-sverige","24":"tag-sweden","25":"tag-swedish","26":"tag-top-stories","27":"tag-topstories","28":"tag-varlden","29":"tag-world","30":"tag-world-news","31":"tag-worldnews"},"share_on_mastodon":{"url":"https:\/\/pubeurope.com\/@se\/115813106514232959","error":""},"_links":{"self":[{"href":"https:\/\/www.europesays.com\/se\/wp-json\/wp\/v2\/posts\/121494","targetHints":{"allow":["GET"]}}],"collection":[{"href":"https:\/\/www.europesays.com\/se\/wp-json\/wp\/v2\/posts"}],"about":[{"href":"https:\/\/www.europesays.com\/se\/wp-json\/wp\/v2\/types\/post"}],"author":[{"embeddable":true,"href":"https:\/\/www.europesays.com\/se\/wp-json\/wp\/v2\/users\/2"}],"replies":[{"embeddable":true,"href":"https:\/\/www.europesays.com\/se\/wp-json\/wp\/v2\/comments?post=121494"}],"version-history":[{"count":0,"href":"https:\/\/www.europesays.com\/se\/wp-json\/wp\/v2\/posts\/121494\/revisions"}],"wp:featuredmedia":[{"embeddable":true,"href":"https:\/\/www.europesays.com\/se\/wp-json\/wp\/v2\/media\/121495"}],"wp:attachment":[{"href":"https:\/\/www.europesays.com\/se\/wp-json\/wp\/v2\/media?parent=121494"}],"wp:term":[{"taxonomy":"category","embeddable":true,"href":"https:\/\/www.europesays.com\/se\/wp-json\/wp\/v2\/categories?post=121494"},{"taxonomy":"post_tag","embeddable":true,"href":"https:\/\/www.europesays.com\/se\/wp-json\/wp\/v2\/tags?post=121494"}],"curies":[{"name":"wp","href":"https:\/\/api.w.org\/{rel}","templated":true}]}}