{"id":121496,"date":"2025-12-31T07:56:31","date_gmt":"2025-12-31T07:56:31","guid":{"rendered":"https:\/\/www.europesays.com\/se\/121496\/"},"modified":"2025-12-31T07:56:31","modified_gmt":"2025-12-31T07:56:31","slug":"vi-prioriterar-de-mest-utsatta-sa-hanterar-kommunen-stormkrisen-ljusnan","status":"publish","type":"post","link":"https:\/\/www.europesays.com\/se\/121496\/","title":{"rendered":"\u201dVi prioriterar de mest utsatta\u201d \u2013 s\u00e5 hanterar kommunen stormkrisen &#8211; Ljusnan"},"content":{"rendered":"<ol>\n<li><a href=\"https:\/\/news.google.com\/rss\/articles\/CBMinwFBVV95cUxPa3g3b1hEbldmeW04dFVRRDg5dGY4MGRPRElNWTR1STFUQy05VGlkWF9rWG1kc2dLcjVBaWZRVkdzNktTb2pUMW45WXNBYTJtdXgyUzlyMkJwd2p3VV9RYl9vVlZmQnZmRFNhNTRvNXd5NVNvVy1jMUZremdXeTV1TGlIYVN6MHBLQ2tMb3FpVDIxWDBzN0NBX0E5QXU1YzQ?oc=5\" target=\"_blank\" rel=\"nofollow noopener\">\u201dVi prioriterar de mest utsatta\u201d \u2013 s\u00e5 hanterar kommunen stormkrisen<\/a>&nbsp;&nbsp;Ljusnan<\/li>\n<li><a href=\"https:\/\/news.google.com\/rss\/articles\/CBMihgFBVV95cUxNX05yVVJPQURWRl9aLV9TWTFkeXVEZ0xrd25jOUx5UlVOQlVlMXZFcjE2OW05bHljQllZZ1c3dnY1RW5NY3p6Q0NJMm5YZ2hkem1VS3AwZm5iNnJZV1dubVFuUDdHZXVMUVZFemlOMm03Q3BJMEdlNWhvZzNMT1ZOeG8yakc5Zw?oc=5\" target=\"_blank\" rel=\"nofollow noopener\">Kommuner hj\u00e4lper str\u00f6ml\u00f6sa inv\u00e5nare<\/a>&nbsp;&nbsp;Aftonbladet<\/li>\n<li><a href=\"https:\/\/news.google.com\/rss\/articles\/CBMimgFBVV95cUxNaEFVcmpoY01wRHFXZnV3MnFmWm10R1YtLXF1cEhpa2w5c1hJWHIxSVlBSHhid0RoYy0zdlA4aHFpS0kxQ2Zad2VWTzNPWWtGQ2o3X1lVaUxzODQ3SEIzb2puX3hxTUtBLUZPbkFTRWV1dWpLanliZWE4MWdZc1FXbjBORks3aG5pTTc5NF9PVmE1NVJGU0QxLTNn?oc=5\" target=\"_blank\" rel=\"nofollow noopener\">Mats fj\u00e4rde dygn i ett str\u00f6ml\u00f6st Tr\u00f6n\u00f6: \u201dHelt utl\u00e4mnad\u201d<\/a>&nbsp;&nbsp;Sveriges Radio<\/li>\n<li><a href=\"https:\/\/news.google.com\/rss\/articles\/CBMibkFVX3lxTE04VXQwcVdVQXJCa0dPR3hEaU03WW9MdjE0d2Y4RHlkdERid21MTFg5cEphZ0ZBem1rczBKamVKTnJTR0tsd1FWSUxPNktBQldEQ3FSSUpkZFpibDYxSUp1YUtILXAtUjQ2YnJxRUdB?oc=5\" target=\"_blank\" rel=\"nofollow noopener\">Kritik efter stormkaos: \u201dEn krigszon\u201d<\/a>&nbsp;&nbsp;Sundsvalls Tidning<\/li>\n<li><a href=\"https:\/\/news.google.com\/rss\/articles\/CBMilAFBVV95cUxNcVFmMEYzNGF0QzZoc3B1MEZOTno2bVBwbWpaTmFNbmlQOUJQYnZ4eDYtUEJpX0o1bzh6M3FMZDNDbzdrQk9IbUZkM0VrZWRDdFZ2MGFGODE0bFY4U2R1anFrUEZiQTRRNkNEbnRDby1GMHFrTjBBN1M0ZnlaSE1JeGtRcVdEUGN6emZIVGRpc016TFZ5?oc=5\" target=\"_blank\" rel=\"nofollow noopener\">Inst\u00e4ngda av stormen \u2013 d\u00e5 bj\u00f6d Lyrbergs in strandsatta fr\u00e4mlingar<\/a>&nbsp;&nbsp;Gefle Dagblad<\/li>\n<\/ol>\n","protected":false},"excerpt":{"rendered":"\u201dVi prioriterar de mest utsatta\u201d \u2013 s\u00e5 hanterar kommunen stormkrisen&nbsp;&nbsp;Ljusnan Kommuner hj\u00e4lper str\u00f6ml\u00f6sa inv\u00e5nare&nbsp;&nbsp;Aftonbladet Mats fj\u00e4rde dygn i&hellip;\n","protected":false},"author":2,"featured_media":121497,"comment_status":"","ping_status":"","sticky":false,"template":"","format":"standard","meta":{"footnotes":""},"categories":[5],"tags":[22,23,26,27,17,21,24,25,28,29,15,16,18,34,31,33,32,30,19,20],"class_list":{"0":"post-121496","1":"post","2":"type-post","3":"status-publish","4":"format-standard","5":"has-post-thumbnail","7":"category-rubriker","8":"tag-breaking-news","9":"tag-breakingnews","10":"tag-featured-news","11":"tag-featurednews","12":"tag-headlines","13":"tag-huvudnyheter","14":"tag-latest-news","15":"tag-latestnews","16":"tag-main-news","17":"tag-mainnews","18":"tag-news","19":"tag-nyheter","20":"tag-rubriker","21":"tag-se","22":"tag-svenska","23":"tag-sverige","24":"tag-sweden","25":"tag-swedish","26":"tag-top-stories","27":"tag-topstories"},"share_on_mastodon":{"url":"https:\/\/pubeurope.com\/@se\/115813114357193719","error":""},"_links":{"self":[{"href":"https:\/\/www.europesays.com\/se\/wp-json\/wp\/v2\/posts\/121496","targetHints":{"allow":["GET"]}}],"collection":[{"href":"https:\/\/www.europesays.com\/se\/wp-json\/wp\/v2\/posts"}],"about":[{"href":"https:\/\/www.europesays.com\/se\/wp-json\/wp\/v2\/types\/post"}],"author":[{"embeddable":true,"href":"https:\/\/www.europesays.com\/se\/wp-json\/wp\/v2\/users\/2"}],"replies":[{"embeddable":true,"href":"https:\/\/www.europesays.com\/se\/wp-json\/wp\/v2\/comments?post=121496"}],"version-history":[{"count":0,"href":"https:\/\/www.europesays.com\/se\/wp-json\/wp\/v2\/posts\/121496\/revisions"}],"wp:featuredmedia":[{"embeddable":true,"href":"https:\/\/www.europesays.com\/se\/wp-json\/wp\/v2\/media\/121497"}],"wp:attachment":[{"href":"https:\/\/www.europesays.com\/se\/wp-json\/wp\/v2\/media?parent=121496"}],"wp:term":[{"taxonomy":"category","embeddable":true,"href":"https:\/\/www.europesays.com\/se\/wp-json\/wp\/v2\/categories?post=121496"},{"taxonomy":"post_tag","embeddable":true,"href":"https:\/\/www.europesays.com\/se\/wp-json\/wp\/v2\/tags?post=121496"}],"curies":[{"name":"wp","href":"https:\/\/api.w.org\/{rel}","templated":true}]}}