{"id":121498,"date":"2025-12-31T07:59:17","date_gmt":"2025-12-31T07:59:17","guid":{"rendered":"https:\/\/www.europesays.com\/se\/121498\/"},"modified":"2025-12-31T07:59:17","modified_gmt":"2025-12-31T07:59:17","slug":"forsvara-yttrandefriheten-men-hall-fast-vid-fakta-smalandsposten","status":"publish","type":"post","link":"https:\/\/www.europesays.com\/se\/121498\/","title":{"rendered":"F\u00f6rsvara yttrandefriheten \u2013 men h\u00e5ll fast vid fakta \u2013 Sm\u00e5landsposten"},"content":{"rendered":"<p>Att regeringen och svenska institutioner tar ett globalt ansvar f\u00f6r yttrandefriheten \u00e4r v\u00e4lkommet. <\/p>\n<p>Detta \u00e4r en ledare som uttrycker Sm\u00e5landspostens politiska linje.F\u00f6r kristna v\u00e4rderingar, konservativ ideologi i f\u00f6rening med liberal id\u00e9tradition samt f\u00f6r n\u00e4ringsfrihetens och \u00e4gander\u00e4ttens bevarande. Tidningens politiska etikett \u00e4r moderat.<\/p>\n<p><img loading=\"lazy\" decoding=\"async\" width=\"980\" height=\"551\" class=\"article-image article-image--featured\" alt=\"Ingrid Carlberg, tidigare ledarskribent , sedan etablerad f\u00f6rfattare, tar \u00f6ver som st\u00e4ndig sekreterare i Svenska Akademin.\" src=\"https:\/\/www.europesays.com\/se\/wp-content\/uploads\/2025\/12\/0073306a-b76a-47f5-a761-adb0fd2b966b.jpeg\"  \/><a class=\"article__lightbox-link\" href=\"https:\/\/static.bonniernews.se\/ba\/0073306a-b76a-47f5-a761-adb0fd2b966b.jpeg?crop=7040%2C3960%2Cx0%2Cy364&amp;width=1400&amp;format=pjpg&amp;auto=avif\" data-pswp-width=\"1400\" data-pswp-height=\"788\" data-pswp-caption=\"Ingrid Carlberg, tidigare ledarskribent , sedan etablerad f\u00f6rfattare, tar \u00f6ver som st\u00e4ndig sekreterare i Svenska Akademin. Bild: Christine Olsson\/TT\" data-pswp- rel=\"nofollow noopener\" target=\"_blank\">\u00d6ppna bild i helsk\u00e4rmsl\u00e4ge<\/a><\/p>\n<p class=\"txt-style-muted\" aria-hidden=\"true\">Ingrid Carlberg, tidigare ledarskribent , sedan etablerad f\u00f6rfattare, tar \u00f6ver som st\u00e4ndig sekreterare i Svenska Akademin.<\/p>\n<p class=\"article__figcaption-attribution txt-style-muted\">Bild: Christine Olsson\/TT<\/p>\n<p>I mellandagarna kom en nyhet som l\u00e4r ha seglat under radarn. Regeringen meddelade att <a class=\"article__content-link\" href=\"https:\/\/www.regeringen.se\/pressmeddelanden\/2025\/12\/kungl.-biblioteket-far-uppdrag-om-forbjuden-litteratur\" rel=\"nofollow noopener\" target=\"_blank\">Kungliga biblioteket <\/a>f\u00e5r ett uppdrag att f\u00f6r forskning samla litteratur som \u00e4r f\u00f6rbjuden eller censurerad p\u00e5 andra h\u00e5ll i v\u00e4rlden.<\/p>\n<p>I en tid n\u00e4r yttrande- tryck och pressfrihet pressas tillbaka \u00e4r det ett v\u00e4lkommet att svenska institutioner ocks\u00e5 p\u00e5 detta s\u00e4tt tar p\u00e5 sig ett globalt ansvar f\u00f6r att f\u00f6rsvara yttrande och pressfrihet.<\/p>\n<p>Utvecklingen i v\u00e4rlden \u00e4r ju ocks\u00e5 mycket oroande. Extra allvarligt \u00e4r att den amerikanska administrationen angriper medier och att censur av b\u00f6cker ter sig allt vanligare i landet. Vita husets v\u00e4gval ger gr\u00f6nt ljus f\u00f6r andra stater med bristande demokratiska traditioner att bannlysa litteratur och angripa den fria pressen. Just med inskr\u00e4nkningar av press och forskning brukar den auktorit\u00e4ra resan inledas.<\/p>\n<p aria-disabled=\"true\" class=\"ad__preamble ad-text txt-style-muted txt-ui txt-ui--strong txt-ui-2\">Annons<\/p>\n<p aria-disabled=\"true\" class=\"ad__preamble ad-text txt-style-muted txt-ui txt-ui--strong txt-ui-2\">Annons<\/p>\n<p>Svenska regeringar har sedan l\u00e4nge tagit ett s\u00e4rskilt ansvar f\u00f6r press- och yttrandefrihet. Fristadsprojekt f\u00f6r f\u00f6rfattare \u00e4r ett lyckat exempel som regeringen via Kulturr\u00e5det st\u00f6ttat, \u00e4ven om det nu visar sig att en fristadsf\u00f6rfattare i Lund givit sitt st\u00f6d \u00e5t terroristgrupper. Ansvaret ska inte ses som n\u00e5got slags sidosp\u00e5r. Det b\u00e4sta s\u00e4ttet att skydda och f\u00f6rsvara demokratin, \u00e4gander\u00e4tten, tryckfriheten och religionsfriheten \u2013 f\u00f6r att n\u00e4mna n\u00e5gra av samh\u00e4llets h\u00f6rnstenar \u2013 brukar s\u00e4gas vara att st\u00e4ndigt utvidga dem.<\/p>\n<p>\u00c4ven Svenska Akademin har under de senaste \u00e5ren prioriterat yttrandefriheten som ett centralt tema.<\/p>\n<p>De adertons goda internationella renomm\u00e9 och dess breda kontaktn\u00e4t \u00f6ver v\u00e4rlden g\u00f6r akademin till en betydelsefull akt\u00f6r och uppdraget ligger i linje med dess innersta mening.<\/p>\n<blockquote class=\"article__blockquote\">\n<p class=\"article__blockquote-text txt-headline txt-headline-3\">De adertons goda internationella renomm\u00e9 och dess breda kontaktn\u00e4t \u00f6ver v\u00e4rlden g\u00f6r akademin till en betydelsefull akt\u00f6r och uppdraget ligger i linje med dess innersta mening.<\/p>\n<\/blockquote>\n<p>N\u00e5got f\u00f6rv\u00e5nande blir det dock n\u00e4r akademins nyvalda st\u00e4ndiga sekreterare, Ingrid Carlberg, i en av sina f\u00f6rsta <a class=\"article__content-link\" href=\"https:\/\/www.sverigesradio.se\/avsnitt\/ekot-1745-sis-infor-insatsstyrka\" rel=\"nofollow noopener\" target=\"_blank\">intervjuer<\/a> i sin nya roll talar om att \u201dyttrandefrihetens fundament \u00e4r hotade till och med i det svenska samh\u00e4llet\u201d. I en Ekointervju oroar sig Carlberg f\u00f6r att en utveckling d\u00e4r b\u00f6cker f\u00f6rbjuds p\u00e5 bibliotek ska drabba ocks\u00e5 Sverige och att f\u00f6rfattare kan komma att tystas av politiker som tycker att de har \u201dobekv\u00e4ma \u00e5sikter\u201d.<\/p>\n<p aria-disabled=\"true\" class=\"ad__preamble ad-text txt-style-muted txt-ui txt-ui--strong txt-ui-2\">Annons<\/p>\n<p aria-disabled=\"true\" class=\"ad__preamble ad-text txt-style-muted txt-ui txt-ui--strong txt-ui-2\">Annons<\/p>\n<p>Att Akademins st\u00e4ndiga sekreterare \u00e5tnjuter en alldeles s\u00e4rskild auktoritet varf\u00f6r yttranden som dessa bed\u00f6ms som fakta f\u00f6r att inte s\u00e4ga sanningar. Alla inskr\u00e4nkningar eller hot mot friheterna ska uppm\u00e4rksammas, sm\u00e5 som stora, men p\u00e5 vilket s\u00e4tt yttrandefrihetens fundament \u00e4r hotat framg\u00e5r inte. I demokrati- och pressfrihetsindex utm\u00e4rker sig ist\u00e4llet Sverige som ett av l\u00e4nderna i den globala toppen. Utm\u00e5landet av Sverige som ett land d\u00e4r friheterna tunnas ut gagnar ingen demokrativ\u00e4n. Den t\u00e4r ist\u00e4llet p\u00e5 institutionsf\u00f6rtroende och gynnar dem som vill utm\u00e5la intellektuella, f\u00f6rfattare, journalister och forskare som v\u00e4nsterliberala wokeanh\u00e4ngare. Den \u00f6ppnar f\u00f6r att de som sprider \u201dfake-news\u201d sj\u00e4lva kan h\u00e4nvisa till att etablerade institutioner sprider diffusa narrativ. Talet om att yttrandefriheten och demokratin \u00e4r under press i Sverige blir i sak ett sj\u00e4lvspelande piano d\u00e4r denna ber\u00e4ttelse st\u00e4rker m\u00e5ngas upplevelse av att folkstyret f\u00f6rsvagas. Det leder i sig till ett svagare f\u00f6rtroende f\u00f6r demokratin. N\u00e5got som inte skulle gagna Sveriges m\u00f6jligheter att forts\u00e4tta ta ett globalt ansvar f\u00f6r yttrandefrihet, pressfrihet och demokrati.<\/p>\n","protected":false},"excerpt":{"rendered":"Att regeringen och svenska institutioner tar ett globalt ansvar f\u00f6r yttrandefriheten \u00e4r v\u00e4lkommet. Detta \u00e4r en ledare som&hellip;\n","protected":false},"author":2,"featured_media":121499,"comment_status":"","ping_status":"","sticky":false,"template":"","format":"standard","meta":{"footnotes":""},"categories":[67],"tags":[104,34,31,33,32,30,105],"class_list":{"0":"post-121498","1":"post","2":"type-post","3":"status-publish","4":"format-standard","5":"has-post-thumbnail","7":"category-underhallning","8":"tag-entertainment","9":"tag-se","10":"tag-svenska","11":"tag-sverige","12":"tag-sweden","13":"tag-swedish","14":"tag-underhallning"},"share_on_mastodon":{"url":"https:\/\/pubeurope.com\/@se\/115813126157279352","error":""},"_links":{"self":[{"href":"https:\/\/www.europesays.com\/se\/wp-json\/wp\/v2\/posts\/121498","targetHints":{"allow":["GET"]}}],"collection":[{"href":"https:\/\/www.europesays.com\/se\/wp-json\/wp\/v2\/posts"}],"about":[{"href":"https:\/\/www.europesays.com\/se\/wp-json\/wp\/v2\/types\/post"}],"author":[{"embeddable":true,"href":"https:\/\/www.europesays.com\/se\/wp-json\/wp\/v2\/users\/2"}],"replies":[{"embeddable":true,"href":"https:\/\/www.europesays.com\/se\/wp-json\/wp\/v2\/comments?post=121498"}],"version-history":[{"count":0,"href":"https:\/\/www.europesays.com\/se\/wp-json\/wp\/v2\/posts\/121498\/revisions"}],"wp:featuredmedia":[{"embeddable":true,"href":"https:\/\/www.europesays.com\/se\/wp-json\/wp\/v2\/media\/121499"}],"wp:attachment":[{"href":"https:\/\/www.europesays.com\/se\/wp-json\/wp\/v2\/media?parent=121498"}],"wp:term":[{"taxonomy":"category","embeddable":true,"href":"https:\/\/www.europesays.com\/se\/wp-json\/wp\/v2\/categories?post=121498"},{"taxonomy":"post_tag","embeddable":true,"href":"https:\/\/www.europesays.com\/se\/wp-json\/wp\/v2\/tags?post=121498"}],"curies":[{"name":"wp","href":"https:\/\/api.w.org\/{rel}","templated":true}]}}