{"id":121500,"date":"2025-12-31T08:08:06","date_gmt":"2025-12-31T08:08:06","guid":{"rendered":"https:\/\/www.europesays.com\/se\/121500\/"},"modified":"2025-12-31T08:08:06","modified_gmt":"2025-12-31T08:08:06","slug":"apple-2025-aret-da-inget-rasade-men-nagot-gick-forlorat","status":"publish","type":"post","link":"https:\/\/www.europesays.com\/se\/121500\/","title":{"rendered":"Apple 2025 \u2013 \u00e5ret d\u00e5 inget rasade, men n\u00e5got gick f\u00f6rlorat"},"content":{"rendered":"<p>2025 var ett s\u00e5dant \u00e5r.<\/p>\n<p>Apple gjorde inget katastrofalt. Inga Samsung Note-\u00f6gonblick, inga kartfiaskon och inga \u201dgates\u201d. I st\u00e4llet levererade Apple precis det Apple g\u00f6r n\u00e4r maskineriet \u00e4r v\u00e4loljat, men onekligen k\u00e4nns riktningen oklar, uppdateringar, justeringar, juridiska gr\u00e4l och en AI-satsning som mest k\u00e4ndes som ett mellanstadieprojekt som f\u00e5tt underk\u00e4nt av tr\u00e4sl\u00f6jdsl\u00e4raren (som vikarierade f\u00f6r it-l\u00e4raren).\u00a0<\/p>\n<p><strong>Produkter som fungerade, men s\u00e4llan f\u00f6rf\u00f6rde<\/strong><\/p>\n<p>Produktm\u00e4ssigt var 2025 ett tryggt \u00e5r. Macbook Air med M4 d\u00f6k upp tidigt, snabbare, svalare, effektivare. En tekniskt oklanderlig uppdatering som gjorde exakt vad den skulle, och inget mer. \u201dInget mer\u201d kan l\u00e5ta som att det var en d\u00e5lig dator, sanningen \u00e4r att det \u00e4r en fantastisk dator. Men \u00e4r det inte dags f\u00f6r en smula wow-faktor?<\/p>\n<p>Mac-plattformen fortsatte i varje fall visa varf\u00f6r Apple Silicon fortfarande \u00e4r branschens riktm\u00e4rke. Prestanda per watt, batteritider, tystnad. Allt satt d\u00e4r det skulle. Problemet var bara att ingen l\u00e4ngre blir \u00f6verraskad.\u00a0<\/p>\n<p>Vi visste redan att M5 skulle vara snabbare och mer energisn\u00e5l. Vad h\u00e4nder n\u00e4r <a href=\"https:\/\/idg.digidip.net\/visit?url=https:\/\/sv.wikipedia.org\/wiki\/Moores_lag&amp;currurl=https:\/\/www.macworld.se\/article\/3021097\/apple-2025-aret-da-inget-rasade-men-nagot-gick-forlorat.html&amp;ref=7-1-3021097-1-0-0-0-0\" rel=\"nofollow noopener\" data-subtag=\"7-1-3021097-1-0-0-0-0\" data-domain-name=\"wikipedia\" target=\"_blank\">Moores lag<\/a> upph\u00f6r, vad ska Apple (och alla andra) g\u00f6ra d\u00e5?\u00a0<\/p>\n<p>Apple Watch fortsatte i samma stabila sp\u00e5r. Sm\u00e5 designjusteringar, st\u00f6rre sk\u00e4rmyta, fortsatta h\u00e4lsosp\u00e5r. Den mest konsekventa produkten i Apples sortiment, p\u00e5 gott och ont.<\/p>\n<p>H\u00f6sten bj\u00f6d p\u00e5 Iphone 17-serien, d\u00e4r Pro-modellerna blev \u00e4nnu mer Pro. Tunnare, mer kamera, mer material. Bra telefoner, absolut. Men ocks\u00e5 telefoner som k\u00e4ndes som iterationer snarare \u00e4n steg. Snyggare, snabbare, b\u00e4ttre, men utan den d\u00e4r k\u00e4nslan av att n\u00e5got faktiskt f\u00f6r\u00e4ndrats. Men som tur \u00e4r fanns det ett undantag.\u00a0<\/p>\n<p>IOS 26 bj\u00f6ds vi ocks\u00e5 p\u00e5. \u00c4r det elakt att p\u00e5st\u00e5 att \u00e5tminstone 90 procent av designen h\u00e4mtats fr\u00e5n Windows Vista? <\/p>\n<p>De sl\u00e4ppte \u00e4ven en Ipad med M5-chippet. \u00c5terigen, en bra produkt. Men den tillf\u00f6rde inget som helst nytt. Ipad OS 26 f\u00f6rs\u00f6kte fr\u00e4scha upp operativsystemet. Var det lyckat? Nja, men ett fall fram\u00e5t i alla fall. Apple g\u00f6r verkligen allt f\u00f6r att Ipad OS ska efterlikna Mac OS utan att bli Mac OS. <\/p>\n<p><strong>iPhone Air \u2013 den felplacerade favoriten<\/strong><\/p>\n<p>Och s\u00e5 har vi Iphone Air.<\/p>\n<p>Telefonen som n\u00e4stan alla verkar vilja ogilla. F\u00f6r tunn. F\u00f6r dyr. F\u00f6r f\u00e5 kameror. F\u00f6r mycket kompromiss.<\/p>\n<p><a href=\"https:\/\/www.macworld.se\/article\/2903731\/apple-iphone-air.html\" rel=\"nofollow noopener\" target=\"_blank\">Jag h\u00e5ller inte med<\/a>.\u00a0<\/p>\n<p>Iphone Air \u00e4r kanske den mest intressanta Iphone Apple gjort p\u00e5 flera \u00e5r, just f\u00f6r att den inte f\u00f6rs\u00f6ker vinna specifikationskriget. Den g\u00f6r n\u00e5got annat. Den prioriterar k\u00e4nsla, vikt, balans. Hur det \u00e4r att faktiskt h\u00e5lla telefonen, snarare \u00e4n hur m\u00e5nga ber\u00e4kningar processorn kan g\u00f6ra varje sekund.<\/p>\n<p>Ja, batteriet \u00e4r mindre. Ja, kameraupps\u00e4ttningen \u00e4r mer sparsmakad. Men i geng\u00e4ld f\u00e5r du en telefon som k\u00e4nns absurd i handen, p\u00e5 det d\u00e4r klassiska Apple-s\u00e4ttet d\u00e4r du undrar om n\u00e5got verkligen ska f\u00e5 vara s\u00e5 tunt och l\u00e4tt.<\/p>\n<p>Iphone Air \u00e4r inte f\u00f6r alla. Den f\u00f6rs\u00f6ker inte heller att vara det. Och kanske \u00e4r det just d\u00e4rf\u00f6r den sticker ut i ett \u00e5r d\u00e4r s\u00e5 mycket annat k\u00e4ndes konsensusdrivet och f\u00f6rsiktigt.<\/p>\n<p><strong>Apple Intelligence \u2013 \u00e5ret d\u00e5 Apple pratade mer \u00e4n de levererade<\/strong><\/p>\n<p>2025 skulle vara \u00e5ret d\u00e5 Apple tog igen AI-f\u00f6rspr\u00e5nget. Apple Intelligence, en smartare Siri, AI \u00f6verallt, men diskret och integritetsv\u00e4nlig.<\/p>\n<p>I praktiken blev det allt annat.<\/p>\n<p>Funktionerna kom sent, oj\u00e4mnt eller inte alls. Vi EU-anv\u00e4ndare fick en kraftigt nedskalad upplevelse, n\u00e5got Apple g\u00e4rna skyllde p\u00e5 DMA. Siri var fortfarande Siri, ibland hj\u00e4lpsam, ofta f\u00f6rvirrad, s\u00e4llan bra. Siri ser d\u00e5ligt, men h\u00f6r illa.\u00a0<\/p>\n<p>Samtidigt l\u00e4mnade flera tunga namn Apples AI-organisation under \u00e5ret. Inga stora rubriker, men tillr\u00e4ckligt m\u00e5nga avhopp f\u00f6r att bilden skulle bli tydlig, Apple har tekniken, men saknar tempot.<\/p>\n<p>F\u00f6r f\u00f6rsta g\u00e5ngen p\u00e5 l\u00e4nge s\u00e5g Apple inte ut som f\u00f6retaget som v\u00e4ntar in r\u00e4tt \u00f6gonblick. De s\u00e5g ut som f\u00f6retaget som v\u00e4ntade f\u00f6r l\u00e4nge.<\/p>\n<p><strong>Vision Pro \u2013 fr\u00e5n framtid till fotnot<\/strong><\/p>\n<p>2025 blev \u00e5ret d\u00e5 Vision Pro slutade vara en vision och i st\u00e4llet blev ett facit.<\/p>\n<p>Produkten levde vidare, men utan n\u00e5got som helst momentum. Anv\u00e4ndningen f\u00f6rblev nischad, utvecklarst\u00f6det begr\u00e4nsat och ber\u00e4ttelsen allt mer f\u00f6rsiktig. Apple b\u00f6rjade tala om Vision Pro som en l\u00e5ngsiktig plattform snarare \u00e4n n\u00e4sta stora grej.\u00a0<\/p>\n<p>N\u00e4r Apple \u00f6ppnade Vision OS f\u00f6r traditionella handkontroller och externa samarbeten k\u00e4ndes det som ett tyst erk\u00e4nnande, ekosystemet beh\u00f6vde hj\u00e4lp. Eller snarare HLR.\u00a0<\/p>\n<p>Vision Pro blev vad m\u00e5nga misst\u00e4nkt, ett tekniskt m\u00e4sterverk som ingen k\u00f6pte. Och de som k\u00f6pte den <a href=\"https:\/\/idg.digidip.net\/visit?url=https:\/\/www.macrumors.com\/2025\/05\/16\/vision-pro-buyers-feel-total-regret\/?utm_source=chatgpt.com&amp;currurl=https:\/\/www.macworld.se\/article\/3021097\/apple-2025-aret-da-inget-rasade-men-nagot-gick-forlorat.html&amp;ref=7-1-3021097-1-0-0-0-0\" rel=\"nofollow noopener\" data-subtag=\"7-1-3021097-1-0-0-0-0\" data-domain-name=\"macrumors\" target=\"_blank\">slutade anv\u00e4nda<\/a> den efter ett kort tag.\u00a0<\/p>\n<p>Ist\u00e4llet f\u00f6r att lyfta kategorin headsets lyckades Apple sl\u00e5 in den sista spiken i dess kista. Om inte ens Apple kan skapa ett intresse f\u00f6r AI-headsets kan ingen.\u00a0<\/p>\n<p><strong>App Store, EU och den eviga dragkampen<\/strong><\/p>\n<p>2025 hade ocks\u00e5 ett konstant bakgrundsbrus av juridik.<\/p>\n<p>App Store-konflikten med EU, Brasilien och Japan fortsatte i ett utdraget st\u00e4llningskrig. Apple justerade regler. EU granskade. Utvecklare klagade. Anti-steering, alternativa betalningar, interoperabilitet.<\/p>\n<p>Apple f\u00f6ljde reglerna exakt s\u00e5 l\u00e5ngt det kr\u00e4vdes, men inte en millimeter l\u00e4ngre. Resultatet blev l\u00f6sningar som fungerade i teorin och skavde i praktiken. Lagligt, korrekt och djupt frustrerande.<\/p>\n<p>Aprop\u00e5 juridik: Apple passade ocks\u00e5 p\u00e5, i sann <a href=\"https:\/\/idg.digidip.net\/visit?url=https:\/\/battellemedia.com\/archives\/2005\/05\/jobs_on_suing_bloggers&amp;currurl=https:\/\/www.macworld.se\/article\/3021097\/apple-2025-aret-da-inget-rasade-men-nagot-gick-forlorat.html&amp;ref=7-1-3021097-1-0-0-0-0\" rel=\"nofollow noopener\" data-subtag=\"7-1-3021097-1-0-0-0-0\" data-domain-name=\"battellemedia\" target=\"_blank\">Steve Jobs-anda<\/a>, att st\u00e4mma Youtubern Jon Prosser, f\u00f6r att han l\u00e4ckte IOS 26. Prosser kontrade med \u00e5rets \u201d<a href=\"https:\/\/idg.digidip.net\/visit?url=https:\/\/youtu.be\/bWXazVhlyxQ?si=FHTEWWBWExOiSr1A&amp;t=258&amp;currurl=https:\/\/www.macworld.se\/article\/3021097\/apple-2025-aret-da-inget-rasade-men-nagot-gick-forlorat.html&amp;ref=7-1-3021097-1-0-0-0-0\" rel=\"nofollow noopener\" data-subtag=\"7-1-3021097-1-0-0-0-0\" data-domain-name=\"youtu\" target=\"_blank\">fuck you<\/a>\u201d och lade nyligen ut en l\u00e5ng video som p\u00e5st\u00e5s <a href=\"https:\/\/www.macworld.se\/article\/2617997\/vikbar-iphone-6.html\" rel=\"nofollow noopener\" target=\"_blank\">visa Iphone Fold<\/a>.\u00a0<\/p>\n<p><strong>Ett starkt bolag med svagare ber\u00e4ttelse<\/strong><\/p>\n<p>Det ironiska med Apple 2025 \u00e4r att de var starkare \u00e4n n\u00e5gonsin p\u00e5 n\u00e4stan alla m\u00e4tbara punkter. Vinsterna. Marginalerna. H\u00e5rdvaran. Ekosystemet.<\/p>\n<p>Men n\u00e5got saknades.<\/p>\n<p>Det fanns inget \u00f6gonblick som definierade \u00e5ret. Ingen produkt som k\u00e4ndes oundviklig. Ingen teknik som omedelbart f\u00f6r\u00e4ndrade hur vi anv\u00e4nder v\u00e5ra prylar.<\/p>\n<p>Apple gjorde allt r\u00e4tt, men inget som k\u00e4ndes farligt.<\/p>\n<p>Och f\u00f6r ett f\u00f6retag som byggt sitt varum\u00e4rke p\u00e5 att v\u00e5ga vara en smula farligare \u00e4n konkurrenterna, \u00e4r det kanske den st\u00f6rsta risken av alla.<\/p>\n<p>2025 blev \u00e5ret d\u00e5 Apple inte misslyckades, men heller inte tog ledningen. Ett \u00e5r av f\u00f6rvaltning snarare \u00e4n vision.<\/p>\n<p>Apple \u00e4r fortfarande Apple. De kommer inte f\u00f6rsvinna. De kommer inte bli irrelevanta i morgon. Men 2025 var \u00e5ret d\u00e5 det blev tydligt att \u00e4ven v\u00e4rldens mest disciplinerade teknikbolag kan bli aningen f\u00f6r bekv\u00e4mt.<\/p>\n<p>Fr\u00e5gan \u00e4r inte om Apple kan mer \u00e4n s\u00e5 h\u00e4r. Fr\u00e5gan \u00e4r n\u00e4r de v\u00e5gar visa det igen.<\/p>\n<p>2026 kommer att utvisa det. Tills dess, gott nytt \u00e5r till er alla! <\/p>\n","protected":false},"excerpt":{"rendered":"2025 var ett s\u00e5dant \u00e5r. Apple gjorde inget katastrofalt. Inga Samsung Note-\u00f6gonblick, inga kartfiaskon och inga \u201dgates\u201d. I&hellip;\n","protected":false},"author":2,"featured_media":121501,"comment_status":"","ping_status":"","sticky":false,"template":"","format":"standard","meta":{"footnotes":""},"categories":[66],"tags":[80,78,79,34,31,33,32,30,81,84,83,82],"class_list":{"0":"post-121500","1":"post","2":"type-post","3":"status-publish","4":"format-standard","5":"has-post-thumbnail","7":"category-vetenskap-och-teknik","8":"tag-science","9":"tag-science-and-technology","10":"tag-scienceandtechnology","11":"tag-se","12":"tag-svenska","13":"tag-sverige","14":"tag-sweden","15":"tag-swedish","16":"tag-technology","17":"tag-teknik","18":"tag-vetenskap","19":"tag-vetenskapteknik"},"share_on_mastodon":{"url":"https:\/\/pubeurope.com\/@se\/115813161506412814","error":""},"_links":{"self":[{"href":"https:\/\/www.europesays.com\/se\/wp-json\/wp\/v2\/posts\/121500","targetHints":{"allow":["GET"]}}],"collection":[{"href":"https:\/\/www.europesays.com\/se\/wp-json\/wp\/v2\/posts"}],"about":[{"href":"https:\/\/www.europesays.com\/se\/wp-json\/wp\/v2\/types\/post"}],"author":[{"embeddable":true,"href":"https:\/\/www.europesays.com\/se\/wp-json\/wp\/v2\/users\/2"}],"replies":[{"embeddable":true,"href":"https:\/\/www.europesays.com\/se\/wp-json\/wp\/v2\/comments?post=121500"}],"version-history":[{"count":0,"href":"https:\/\/www.europesays.com\/se\/wp-json\/wp\/v2\/posts\/121500\/revisions"}],"wp:featuredmedia":[{"embeddable":true,"href":"https:\/\/www.europesays.com\/se\/wp-json\/wp\/v2\/media\/121501"}],"wp:attachment":[{"href":"https:\/\/www.europesays.com\/se\/wp-json\/wp\/v2\/media?parent=121500"}],"wp:term":[{"taxonomy":"category","embeddable":true,"href":"https:\/\/www.europesays.com\/se\/wp-json\/wp\/v2\/categories?post=121500"},{"taxonomy":"post_tag","embeddable":true,"href":"https:\/\/www.europesays.com\/se\/wp-json\/wp\/v2\/tags?post=121500"}],"curies":[{"name":"wp","href":"https:\/\/api.w.org\/{rel}","templated":true}]}}