{"id":121506,"date":"2025-12-31T08:18:07","date_gmt":"2025-12-31T08:18:07","guid":{"rendered":"https:\/\/www.europesays.com\/se\/121506\/"},"modified":"2025-12-31T08:18:07","modified_gmt":"2025-12-31T08:18:07","slug":"18-kambodjanska-soldater-korsar-gransen-efter-frigivning-i-thailand","status":"publish","type":"post","link":"https:\/\/www.europesays.com\/se\/121506\/","title":{"rendered":"18 kambodjanska soldater korsar gr\u00e4nsen efter frigivning i Thailand"},"content":{"rendered":"<p>Under onsdagsf\u00f6rmiddagen m\u00f6ttes en konvoj av jublande folkmassor och viftande flaggor n\u00e4r de 18 soldaterna korsade gr\u00e4nsen till Kambodja. Hemkomsten \u00e4gde rum vid klockan 10.00 lokal tid efter m\u00e5nader av os\u00e4kerhet.<\/p>\n<p>F\u00f6rsenat av anklagelser<\/p>\n<p>Repatrieringen var ursprungligen planerad till tisdagen, men sk\u00f6ts upp av Thailand. Den thail\u00e4ndska regeringen h\u00e4vdade att Kambodja brutit mot villkoren i det f\u00e4rska avtalet om eldupph\u00f6r \u2013 anklagelser som Kambodja best\u00e4mt har f\u00f6rnekat.<\/p>\n<p>Det thail\u00e4ndska utrikesdepartementet betonade i ett uttalande att soldaterna har behandlats i enlighet med internationell humanit\u00e4r lag och principer under sin tid i f\u00f6rvar.<\/p>\n","protected":false},"excerpt":{"rendered":"Under onsdagsf\u00f6rmiddagen m\u00f6ttes en konvoj av jublande folkmassor och viftande flaggor n\u00e4r de 18 soldaterna korsade gr\u00e4nsen till&hellip;\n","protected":false},"author":2,"featured_media":121507,"comment_status":"","ping_status":"","sticky":false,"template":"","format":"standard","meta":{"footnotes":""},"categories":[14],"tags":[22,23,26,27,17,21,24,25,28,29,15,16,18,34,31,33,32,30,19,20,51,52,53,54],"class_list":{"0":"post-121506","1":"post","2":"type-post","3":"status-publish","4":"format-standard","5":"has-post-thumbnail","7":"category-varlden","8":"tag-breaking-news","9":"tag-breakingnews","10":"tag-featured-news","11":"tag-featurednews","12":"tag-headlines","13":"tag-huvudnyheter","14":"tag-latest-news","15":"tag-latestnews","16":"tag-main-news","17":"tag-mainnews","18":"tag-news","19":"tag-nyheter","20":"tag-rubriker","21":"tag-se","22":"tag-svenska","23":"tag-sverige","24":"tag-sweden","25":"tag-swedish","26":"tag-top-stories","27":"tag-topstories","28":"tag-varlden","29":"tag-world","30":"tag-world-news","31":"tag-worldnews"},"share_on_mastodon":{"url":"https:\/\/pubeurope.com\/@se\/115813200898426303","error":""},"_links":{"self":[{"href":"https:\/\/www.europesays.com\/se\/wp-json\/wp\/v2\/posts\/121506","targetHints":{"allow":["GET"]}}],"collection":[{"href":"https:\/\/www.europesays.com\/se\/wp-json\/wp\/v2\/posts"}],"about":[{"href":"https:\/\/www.europesays.com\/se\/wp-json\/wp\/v2\/types\/post"}],"author":[{"embeddable":true,"href":"https:\/\/www.europesays.com\/se\/wp-json\/wp\/v2\/users\/2"}],"replies":[{"embeddable":true,"href":"https:\/\/www.europesays.com\/se\/wp-json\/wp\/v2\/comments?post=121506"}],"version-history":[{"count":0,"href":"https:\/\/www.europesays.com\/se\/wp-json\/wp\/v2\/posts\/121506\/revisions"}],"wp:featuredmedia":[{"embeddable":true,"href":"https:\/\/www.europesays.com\/se\/wp-json\/wp\/v2\/media\/121507"}],"wp:attachment":[{"href":"https:\/\/www.europesays.com\/se\/wp-json\/wp\/v2\/media?parent=121506"}],"wp:term":[{"taxonomy":"category","embeddable":true,"href":"https:\/\/www.europesays.com\/se\/wp-json\/wp\/v2\/categories?post=121506"},{"taxonomy":"post_tag","embeddable":true,"href":"https:\/\/www.europesays.com\/se\/wp-json\/wp\/v2\/tags?post=121506"}],"curies":[{"name":"wp","href":"https:\/\/api.w.org\/{rel}","templated":true}]}}