{"id":121509,"date":"2025-12-31T08:20:09","date_gmt":"2025-12-31T08:20:09","guid":{"rendered":"https:\/\/www.europesays.com\/se\/121509\/"},"modified":"2025-12-31T08:20:09","modified_gmt":"2025-12-31T08:20:09","slug":"calle-jarnkrok-bort-maltorkan-natade-mot-jacob-markstrom","status":"publish","type":"post","link":"https:\/\/www.europesays.com\/se\/121509\/","title":{"rendered":"Calle J\u00e4rnkrok b\u00f6rt m\u00e5ltorkan \u2013 n\u00e4tade mot Jacob Markstr\u00f6m"},"content":{"rendered":"<p><a data-test-tag=\"internal-link\" href=\"https:\/\/www.aftonbladet.se\/av\/benjamin-hanafi\" class=\"hyperion-css-13ns1rr\" rel=\"nofollow noopener\" target=\"\" aria-label=\"Se alla artiklar av Benjamin Hanafi\"><img decoding=\"async\" class=\"image-asset hyperion-css-n6kkq1\" data-test-tag=\"image-asset\" src=\"https:\/\/www.europesays.com\/se\/wp-content\/uploads\/2025\/12\/1767169209_122_ed296fd6-161a-49a4-8ec7-d71c8d0a5a1b.png\"  alt=\"\"  loading=\"lazy\" fetchpriority=\"auto\" style=\"aspect-ratio:1900 \/ 1900\"\/><\/a><\/p>\n<p class=\"boxtextgrotesk-root_baa6 hyperion-css-1w346fg\">Uppdaterad 07.44 | Publicerad 07.38<\/p>\n<p>share-arrowDela<\/p>\n<p>unsaveSpara<\/p>\n<p>Lyssna p\u00e5 artikelnLyssna p\u00e5&#8230;<\/p>\n<p class=\"hyperion-css-1shl3oz\" data-test-tag=\"lead-text\">En svensk \u00f6verlistade en annan.<\/p>\n<p class=\"hyperion-css-1shl3oz\" data-test-tag=\"lead-text\">Calle J\u00e4rnkrok, 34, n\u00e4tade mot Jacob Markstr\u00f6m, 35.<\/p>\n<p class=\"hyperion-css-1shl3oz\" data-test-tag=\"lead-text\">Forwarden br\u00f6t en l\u00e5ng m\u00e5ltorka i nattens kross.<\/p>\n<p class=\"hyperion-css-1v9qo5x\">M\u00e5let kom n\u00e5gra minuter in den tredje perioden och innebar 3\u20130 f\u00f6r Toronto.<\/p>\n<p class=\"hyperion-css-1v9qo5x\">J\u00e4rnkrok fick pucken i slottet, klippte till direkt och fick se pucken passera New Jersey Devils-m\u00e5lvakten Jacob Markstr\u00f6m.<\/p>\n<p class=\"hyperion-css-1v9qo5x\">Matchen slutade till sist 4\u20130.<\/p>\n<p class=\"hyperion-css-1v9qo5x\">\u2013 Alla gjorde sitt jobb, m\u00e5lvakten var riktigt bra. \u00d6verlag v\u00e4ldigt stabil hockey av allihop, s\u00e4ger Maple Leafs tr\u00e4nare Craig Berube.<\/p>\n<p class=\"hyperion-css-1v9qo5x\">Toronto-m\u00e5lvakten Joseph Woll uts\u00e5gs till matchen lirare efter att ha r\u00e4ddat 33 avslut. <\/p>\n<p class=\"hyperion-css-1v9qo5x\">Desto tuffare f\u00f6r Markstr\u00f6m som sl\u00e4ppte 3 puckar p\u00e5 29 skott. Sista m\u00e5let kom i tom bur.<\/p>\n<p>Br\u00f6t l\u00e5ng m\u00e5ltorka<\/p>\n<p class=\"hyperion-css-1v9qo5x\">F\u00f6r J\u00e4rnkroks del, som vid flera tillf\u00e4llen varit petad under s\u00e4songen, var m\u00e5let efterl\u00e4ngtat.<\/p>\n<p class=\"hyperion-css-1v9qo5x\">Senast han gjorde m\u00e5l var 2 november i segern mot Flyers.<\/p>\n<p class=\"hyperion-css-1v9qo5x\">William Nylander saknades p\u00e5 nytt efter skadan han \u00e5drog sig mot Ottawa Senators i helgen.<\/p>\n<p>expand-left<\/p>\n<p>helsk\u00e4rm<img decoding=\"async\" class=\"image-asset hyperion-css-u06ts1\" data-test-tag=\"image-asset\" src=\"https:\/\/www.europesays.com\/se\/wp-content\/uploads\/2025\/12\/f7bfc2f5-5bba-4cbd-b33d-40010dcc9796.jpeg\"  alt=\"Calle J\u00e4rnkrok (tv) gjorde m\u00e5l mot New Jersey.\"  loading=\"eager\" fetchpriority=\"high\" style=\"aspect-ratio:1900 \/ 1267\"\/>Calle J\u00e4rnkrok (tv) gjorde m\u00e5l mot New Jersey. Foto: Frank Gunn\/The Canadian Press Via AP\/TT<\/p>\n<p class=\"hyperion-css-1v9qo5x\">square3<\/p>\n<p class=\"hyperion-css-1v9qo5x\">Ut\u00f6ver <a data-test-tag=\"internal-link\" href=\"https:\/\/www.aftonbladet.se\/tagg\/calle-jarnkrok\" class=\"hyperion-css-15jkft9\" rel=\"nofollow noopener\" target=\"\" aria-label=\"Calle J\u00e4rnkrok\" theme=\"sportbladet\">Calle J\u00e4rnkrok<\/a> var det en del andra svenskar som hamnade i po\u00e4ngprotokollet.<\/p>\n<p class=\"hyperion-css-1v9qo5x\">check Rikard Rakell stod f\u00f6r en assist och Erik Karlsson stod f\u00f6r tv\u00e5 n\u00e4r Pittsburgh Penguins besegrade Carolina Hurricanes med 5\u20131.<\/p>\n<p class=\"hyperion-css-1v9qo5x\">check Carl Grundstr\u00f6m gjorde m\u00e5l f\u00f6r Philadelphia Flyers  i segern mot Vancouver, d\u00e4r \u00e4ven Tom Willander, i Canucks, hittade n\u00e4tet.<\/p>\n<p class=\"hyperion-css-1v9qo5x\">check Simon Holmstr\u00f6m bidrog med en assist n\u00e4r Islanders straffbesegrade Chicago Blackhawks.<\/p>\n<p class=\"hyperion-css-1v9qo5x\">NHL fors\u00e4tter under natten till ny\u00e5rsdagen, och p\u00e5 fredagen tar Sam Hallam ut OS-truppen.<\/p>\n<p>FAKTAS\u00e5 spelas OS-hockeyn<\/p>\n<p class=\"hyperion-css-jonaf8\">Tolv nationer g\u00f6r upp i herrarnas OS-ishockey mellan den 11 och 22 februari.<\/p>\n<p class=\"hyperion-css-jonaf8\"><strong>Gruppindelning, grupp A:<\/strong> Kanada, Schweiz, Tjeckien, Frankrike. <strong>Grupp B: <\/strong>Finland, Sverige, Slovakien, Italien. <strong>Grupp C:<\/strong> USA, Tyskland, Lettland, Danmark.<\/p>\n<p class=\"hyperion-css-jonaf8\">Gruppsegrarna och b\u00e4sta tv\u00e5an g\u00e5r vidare direkt till kvartsfinal. \u00d6vriga \u00e5tta lag g\u00e5r till playoffkval (\u00e5ttondelsfinal).<\/p>\n<p class=\"hyperion-css-jonaf8\"><strong>Sveriges gruppspelsmatcher:<\/strong><\/p>\n<p class=\"hyperion-css-jonaf8\">11\/2: Italien (21.10).<\/p>\n<p class=\"hyperion-css-jonaf8\">13\/2: Finland (12.10).<\/p>\n<p class=\"hyperion-css-jonaf8\">14\/2: Slovakien (12.10).<\/p>\n<p class=\"hyperion-css-jonaf8\">\u00c5ttondelsfinaler spelas 17\/2, kvartsfinaler 18\/2, semifinaler 20\/2, bronsmatch 21\/2 och final 22\/2.<\/p>\n<p class=\"hyperion-css-jonaf8\"><strong>Senaste OS-vinnare:<\/strong><\/p>\n<p class=\"hyperion-css-jonaf8\">2022: Finland, 2018: OAR (Olympiska aktiva fr\u00e5n Ryssland), 2014: Kanada, 2010: Kanada, 2006: Sverige.<\/p>\n<p class=\"hyperion-css-jonaf8\"><strong>Redan OS-klara spelare:<\/strong><\/p>\n<p class=\"hyperion-css-jonaf8\">Adrian Kempe (Los Angeles), Gabriel Landeskog (Colorado), Lucas Raymond (Detroit), Rasmus Dahlin (Buffalo), Victor Hedman (Tampa Bay) och William Nylander (Toronto).<\/p>\n<p>L\u00e4s mer<\/p>\n","protected":false},"excerpt":{"rendered":"Uppdaterad 07.44 | Publicerad 07.38 share-arrowDela unsaveSpara Lyssna p\u00e5 artikelnLyssna p\u00e5&#8230; En svensk \u00f6verlistade en annan. Calle J\u00e4rnkrok,&hellip;\n","protected":false},"author":2,"featured_media":121510,"comment_status":"","ping_status":"","sticky":false,"template":"","format":"standard","meta":{"footnotes":""},"categories":[5],"tags":[22,23,26,27,17,21,24,25,28,29,15,16,18,34,31,33,32,30,19,20],"class_list":{"0":"post-121509","1":"post","2":"type-post","3":"status-publish","4":"format-standard","5":"has-post-thumbnail","7":"category-rubriker","8":"tag-breaking-news","9":"tag-breakingnews","10":"tag-featured-news","11":"tag-featurednews","12":"tag-headlines","13":"tag-huvudnyheter","14":"tag-latest-news","15":"tag-latestnews","16":"tag-main-news","17":"tag-mainnews","18":"tag-news","19":"tag-nyheter","20":"tag-rubriker","21":"tag-se","22":"tag-svenska","23":"tag-sverige","24":"tag-sweden","25":"tag-swedish","26":"tag-top-stories","27":"tag-topstories"},"share_on_mastodon":{"url":"https:\/\/pubeurope.com\/@se\/115813208722845558","error":""},"_links":{"self":[{"href":"https:\/\/www.europesays.com\/se\/wp-json\/wp\/v2\/posts\/121509","targetHints":{"allow":["GET"]}}],"collection":[{"href":"https:\/\/www.europesays.com\/se\/wp-json\/wp\/v2\/posts"}],"about":[{"href":"https:\/\/www.europesays.com\/se\/wp-json\/wp\/v2\/types\/post"}],"author":[{"embeddable":true,"href":"https:\/\/www.europesays.com\/se\/wp-json\/wp\/v2\/users\/2"}],"replies":[{"embeddable":true,"href":"https:\/\/www.europesays.com\/se\/wp-json\/wp\/v2\/comments?post=121509"}],"version-history":[{"count":0,"href":"https:\/\/www.europesays.com\/se\/wp-json\/wp\/v2\/posts\/121509\/revisions"}],"wp:featuredmedia":[{"embeddable":true,"href":"https:\/\/www.europesays.com\/se\/wp-json\/wp\/v2\/media\/121510"}],"wp:attachment":[{"href":"https:\/\/www.europesays.com\/se\/wp-json\/wp\/v2\/media?parent=121509"}],"wp:term":[{"taxonomy":"category","embeddable":true,"href":"https:\/\/www.europesays.com\/se\/wp-json\/wp\/v2\/categories?post=121509"},{"taxonomy":"post_tag","embeddable":true,"href":"https:\/\/www.europesays.com\/se\/wp-json\/wp\/v2\/tags?post=121509"}],"curies":[{"name":"wp","href":"https:\/\/api.w.org\/{rel}","templated":true}]}}