{"id":121511,"date":"2025-12-31T08:22:16","date_gmt":"2025-12-31T08:22:16","guid":{"rendered":"https:\/\/www.europesays.com\/se\/121511\/"},"modified":"2025-12-31T08:22:16","modified_gmt":"2025-12-31T08:22:16","slug":"sillypanel-dif-inget-annat-an-en-dromsits-de-sitter-i-allsvenskan","status":"publish","type":"post","link":"https:\/\/www.europesays.com\/se\/121511\/","title":{"rendered":"Sillypanel Dif: \u201dInget annat \u00e4n en dr\u00f6msits de sitter i\u201d | Allsvenskan"},"content":{"rendered":"<p>Publicerad 31 dec 2025 kl 05.00Uppdaterad kl 08.42<\/p>\n<p>PremiumKeita Kosugi \u00e4r redan s\u00e5ld.<\/p>\n<p>Hur ska Bosse Andersson agera med Mattias Siltanen och August Priske?\u00a0<\/p>\n<p>Finns det en l\u00f6sning p\u00e5 m\u00e5lvaktsfr\u00e5gan?\u00a0<\/p>\n<p>Och vilken spelare i allsvenskan borde Djurg\u00e5rden f\u00f6rs\u00f6ka v\u00e4rva i vinter?<\/p>\n<p>Det och mycket mer i djupdykningen av Dif:s kommande transferf\u00f6nster.<\/p>\n<p> \u201dB\u00e4st f\u00f6r alla att g\u00f6ra sig av med en av dem\u201d<\/p>\n<p> R\u00e5det: \u201dS\u00e4lj om buden \u00e4r enorma\u201d.<\/p>\n<p> Stj\u00e4rnan pekas ut: \u201dHade varit en superspelare f\u00f6r Djurg\u00e5rden\u201d<\/p>\n<p> \u201dRimligt f\u00f6r alla med en ny utmaning\u201d<\/p>\n","protected":false},"excerpt":{"rendered":"Publicerad 31 dec 2025 kl 05.00Uppdaterad kl 08.42 PremiumKeita Kosugi \u00e4r redan s\u00e5ld. Hur ska Bosse Andersson agera&hellip;\n","protected":false},"author":2,"featured_media":121512,"comment_status":"","ping_status":"","sticky":false,"template":"","format":"standard","meta":{"footnotes":""},"categories":[68],"tags":[554,103,34,130,129,111,110,31,33,32,30],"class_list":{"0":"post-121511","1":"post","2":"type-post","3":"status-publish","4":"format-standard","5":"has-post-thumbnail","7":"category-sport","8":"tag-organization-djurgarden-fotboll","9":"tag-premium","10":"tag-se","11":"tag-sections-allsvenskan","12":"tag-sections-fotboll","13":"tag-sport","14":"tag-sports","15":"tag-svenska","16":"tag-sverige","17":"tag-sweden","18":"tag-swedish"},"share_on_mastodon":{"url":"https:\/\/pubeurope.com\/@se\/115813216688799895","error":""},"_links":{"self":[{"href":"https:\/\/www.europesays.com\/se\/wp-json\/wp\/v2\/posts\/121511","targetHints":{"allow":["GET"]}}],"collection":[{"href":"https:\/\/www.europesays.com\/se\/wp-json\/wp\/v2\/posts"}],"about":[{"href":"https:\/\/www.europesays.com\/se\/wp-json\/wp\/v2\/types\/post"}],"author":[{"embeddable":true,"href":"https:\/\/www.europesays.com\/se\/wp-json\/wp\/v2\/users\/2"}],"replies":[{"embeddable":true,"href":"https:\/\/www.europesays.com\/se\/wp-json\/wp\/v2\/comments?post=121511"}],"version-history":[{"count":0,"href":"https:\/\/www.europesays.com\/se\/wp-json\/wp\/v2\/posts\/121511\/revisions"}],"wp:featuredmedia":[{"embeddable":true,"href":"https:\/\/www.europesays.com\/se\/wp-json\/wp\/v2\/media\/121512"}],"wp:attachment":[{"href":"https:\/\/www.europesays.com\/se\/wp-json\/wp\/v2\/media?parent=121511"}],"wp:term":[{"taxonomy":"category","embeddable":true,"href":"https:\/\/www.europesays.com\/se\/wp-json\/wp\/v2\/categories?post=121511"},{"taxonomy":"post_tag","embeddable":true,"href":"https:\/\/www.europesays.com\/se\/wp-json\/wp\/v2\/tags?post=121511"}],"curies":[{"name":"wp","href":"https:\/\/api.w.org\/{rel}","templated":true}]}}