{"id":121513,"date":"2025-12-31T08:23:27","date_gmt":"2025-12-31T08:23:27","guid":{"rendered":"https:\/\/www.europesays.com\/se\/121513\/"},"modified":"2025-12-31T08:23:27","modified_gmt":"2025-12-31T08:23:27","slug":"johan-romin-vart-ar-public-service-pa-vag","status":"publish","type":"post","link":"https:\/\/www.europesays.com\/se\/121513\/","title":{"rendered":"Johan Romin: Vart \u00e4r public service p\u00e5 v\u00e4g?\u00a0"},"content":{"rendered":"<p class=\"has-drop-cap\">SVT-programledaren Kristian Luuk sp\u00e4nner \u00f6gonen i tittarna och s\u00e5 b\u00f6rjar filmen med den rusande j\u00e4rnv\u00e4gsr\u00e4lsen mot n\u00e5got resm\u00e5l i v\u00e4rlden. <br \/>Men fr\u00e5gan som kanske borde st\u00e4llas \u00e4r: Vart \u00e4r SVT p\u00e5 v\u00e4g?\u00a0<\/p>\n<p>Ska f\u00f6retaget vara i\u00a0allm\u00e4nhetens tj\u00e4nst som det brukar heta, allts\u00e5 en opartisk leverant\u00f6r av sakligt och relevant TV-inneh\u00e5ll, f\u00f6r alla svenskar?\u00a0<\/p>\n<p>Eller \u2013 ska SVT vara en statligt underst\u00f6dd medieakt\u00f6r som vill tvinga in tittarna i politiskt korrekta v\u00e4nster\u00e5sikter?\u00a0<\/p>\n<p>Det \u00e4r uppenbart att Sveriges television just nu b\u00e5de vill \u00e4ta kakan och ha den kvar. Men eftersom det inte g\u00e5r, hamnar programf\u00f6retaget st\u00e4ndigt i problem och f\u00e5r kritik.<\/p>\n<p>Gina Dirawi \u00e4r ett lysande exempel p\u00e5 detta. Hennes k\u00e4ndisskap skapades av SVT, som i \u00e5ratal sett genom fingrarna med hennes m\u00e5nga m\u00e4rkliga och oacceptabla uttalanden, exempelvis att Israel \u00e4r som nazister och att det p\u00e5g\u00e5r \u201dfolkmord\u201d i Gaza. Den som hyser dessa \u00e5sikter tycker s\u00e4kert att 2026 \u00e5rs variant av Melodifestivalen ska bli toppen! De som inte h\u00e5ller med henne kommer s\u00e4kert att bojkotta den stora skattefinansierade tillst\u00e4llningen.\u00a0<\/p>\n<p>F\u00f6r inte ens med skohorn kan Dirawis uttalanden kallas opartiska, vilket till och med SVT:s chefer har insett och d\u00e4rf\u00f6r kommunicerat att \u201dvi har talat med henne\u201d. End of discussion? Eller?\u00a0<\/p>\n<p>Melodifestivalen \u00e4r l\u00e5ngt ifr\u00e5n det enda exemplet p\u00e5 hur n\u00f6jesprogram anv\u00e4nds som plattform f\u00f6r allehanda v\u00e4nster\u00e5sikter som egentligen h\u00f6r hemma i politisk opinionsbildning. <\/p>\n<p>Ta l\u00e5ngk\u00f6raren P\u00e5 sp\u00e5ret som ett exempel. Programmet engagerar fortfarande en stor del av svenska folket och samlar varje vecka runt tv\u00e5 miljoner m\u00e4nniskor, detta samtidigt som \u00f6vrig SVT-tittning dalar. <\/p>\n<p>Men hur opartiskt \u00e4r egentligen P\u00e5 Sp\u00e5ret? Ta urvalet av t\u00e4vlande.<\/p>\n<p>Som vanligt finns h\u00e4r en rad Public service-profiler, allts\u00e5 folk som antingen \u00e4r programledare i SVT och SR eller som p\u00e5 annat s\u00e4tt gjort sig k\u00e4nda i detta sammanhang. Sedan kommer vi till de personer som har \u201dde r\u00e4tta\u201d feministiska, aktivistiska, progressiva, v\u00e4nsterlutande \u00e5sikterna. H\u00e4r finns exempelvis Amie Bramme Sey, Hanna Hellquist, Ina Lundstr\u00f6m och flera andra. Uje Brandelius har till och med varit anst\u00e4lld av V\u00e4nsterpartiet.\u00a0Ungef\u00e4r en fj\u00e4rdedel av de medverkande har en s\u00e5dan profil. Motsvarande siffra f\u00f6r h\u00f6gerlutande \u00e4r noll procent. <\/p>\n<p>Varf\u00f6r f\u00e5r inte n\u00e5gon som varit anst\u00e4lld av Sverigedemokraterna vara med i studiov\u00e4rmen? Var finns alla med h\u00f6gerkonservativa eller h\u00f6gerliberala \u00e5sikter? Var finns en Carolin Dahlman, Ivar Arpi, Hanif Bali, Adam Cwejman, Thomas G\u00fcr, Paulina Neuding eller n\u00e5gon annan?<\/p>\n<p>Kanske inv\u00e4nder n\u00e5gon, \u201dJa men G\u00f6ran H\u00e4gglund var ju med f\u00f6r n\u00e5gra \u00e5r sedan\u201d.\u00a0Ja, det verkar som om Alliansen har f\u00e5tt en begr\u00e4nsad godk\u00e4nt-st\u00e4mpel. I \u00e5rets P\u00e5 Sp\u00e5ret f\u00e5r faktiskt Annie L\u00f6\u00f6f medverka i en videofr\u00e5ga d\u00e4r hon undrar om ett Alliansm\u00f6te i Maram\u00f6 2013.\u00a0<\/p>\n","protected":false},"excerpt":{"rendered":"SVT-programledaren Kristian Luuk sp\u00e4nner \u00f6gonen i tittarna och s\u00e5 b\u00f6rjar filmen med den rusande j\u00e4rnv\u00e4gsr\u00e4lsen mot n\u00e5got resm\u00e5l&hellip;\n","protected":false},"author":2,"featured_media":121514,"comment_status":"","ping_status":"","sticky":false,"template":"","format":"standard","meta":{"footnotes":""},"categories":[67],"tags":[12884,104,4049,4050,3651,34,31,33,32,30,105],"class_list":{"0":"post-121513","1":"post","2":"type-post","3":"status-publish","4":"format-standard","5":"has-post-thumbnail","7":"category-underhallning","8":"tag-chang-fick","9":"tag-entertainment","10":"tag-gina-dirawi","11":"tag-melodifestivalen","12":"tag-pa-sparet","13":"tag-se","14":"tag-svenska","15":"tag-sverige","16":"tag-sweden","17":"tag-swedish","18":"tag-underhallning"},"share_on_mastodon":{"url":"https:\/\/pubeurope.com\/@se\/115813220490861582","error":""},"_links":{"self":[{"href":"https:\/\/www.europesays.com\/se\/wp-json\/wp\/v2\/posts\/121513","targetHints":{"allow":["GET"]}}],"collection":[{"href":"https:\/\/www.europesays.com\/se\/wp-json\/wp\/v2\/posts"}],"about":[{"href":"https:\/\/www.europesays.com\/se\/wp-json\/wp\/v2\/types\/post"}],"author":[{"embeddable":true,"href":"https:\/\/www.europesays.com\/se\/wp-json\/wp\/v2\/users\/2"}],"replies":[{"embeddable":true,"href":"https:\/\/www.europesays.com\/se\/wp-json\/wp\/v2\/comments?post=121513"}],"version-history":[{"count":0,"href":"https:\/\/www.europesays.com\/se\/wp-json\/wp\/v2\/posts\/121513\/revisions"}],"wp:featuredmedia":[{"embeddable":true,"href":"https:\/\/www.europesays.com\/se\/wp-json\/wp\/v2\/media\/121514"}],"wp:attachment":[{"href":"https:\/\/www.europesays.com\/se\/wp-json\/wp\/v2\/media?parent=121513"}],"wp:term":[{"taxonomy":"category","embeddable":true,"href":"https:\/\/www.europesays.com\/se\/wp-json\/wp\/v2\/categories?post=121513"},{"taxonomy":"post_tag","embeddable":true,"href":"https:\/\/www.europesays.com\/se\/wp-json\/wp\/v2\/tags?post=121513"}],"curies":[{"name":"wp","href":"https:\/\/api.w.org\/{rel}","templated":true}]}}