{"id":121523,"date":"2025-12-31T08:35:13","date_gmt":"2025-12-31T08:35:13","guid":{"rendered":"https:\/\/www.europesays.com\/se\/121523\/"},"modified":"2025-12-31T08:35:13","modified_gmt":"2025-12-31T08:35:13","slug":"nu-kan-populara-farsta-slottsvik-skyddas","status":"publish","type":"post","link":"https:\/\/www.europesays.com\/se\/121523\/","title":{"rendered":"Nu kan popul\u00e4ra Farsta slottsvik skyddas"},"content":{"rendered":"<p class=\"ort\">Gustavsberg<\/p>\n<p class=\"text\">\u2013 H\u00e4r ser ni det som \u00e4r typiskt f\u00f6r det h\u00e4r omr\u00e5det, glest och \u00f6ppet mellan ekarna s\u00e5 att de f\u00e5 ljus och plats. Det \u00e4r sp\u00e5r fr\u00e5n f\u00f6rr n\u00e4r man l\u00e4t djuren beta h\u00e4r och p\u00e5 s\u00e5 vis h\u00f6ll markerna \u00f6ppna. Skogsbete anv\u00e4ndes i minst 500 \u00e5r, s\u00e4ger Gunnar Lind, en av de som bor i Farsta slottsvik.<\/p>\n<p class=\"text\">Han visar ett av omr\u00e5dets st\u00f6rsta tr\u00e4d \u2013 en st\u00e5tlig, 200-300 \u00e5r gammal ek som m\u00e4ter fem meter i omkrets. <\/p>\n<p class=\"text\">\u2013 De h\u00e4r tr\u00e4den \u00e4r boplatser \u00e5t en m\u00e4ngd olika djur, som ekorrar, fladderm\u00f6ss och f\u00e5glar.  <\/p>\n<p class=\"text\">Deras samf\u00e4llighet \u00e4ger de 16,5 hektar naturmark i Gustavsberg som nu utreds f\u00f6r att bli V\u00e4rmd\u00f6s n\u00e4sta biotopskyddsomr\u00e5de. <\/p>\n<p><img decoding=\"async\" class=\"Image Image_\" src=\"\" data-aghref=\"http:\/\/www.mitti.se\/image-3.353272.270030.20251231060244.dab4aba158\" data-agimagetype=\"hardcrop\" alt=\"Marianne Haage, V\u00e4rmd\u00f6s kommunekolog, och Gunnar Lind, boende i Farsta slottsvik, m\u00e4ter en av omr\u00e5dets st\u00f6rsta ekar. &quot;3,85 meter i omkrets&quot; konstaterar de. Det finns minst ett 30-tal ekar av den h\u00e4r storleken i omr\u00e5det, enligt Gunnar.\"\/><\/p>\n<p class=\"Caption\">Marianne Haage, V\u00e4rmd\u00f6s kommunekolog, och Gunnar Lind, boende i Farsta slottsvik, m\u00e4ter en av omr\u00e5dets st\u00f6rsta ekar. &#8221;3,85 meter i omkrets&#8221; konstaterar de. Det finns minst ett 30-tal ekar av den h\u00e4r storleken i omr\u00e5det, enligt Gunnar.<\/p>\n<p class=\"Source\">Christian L\u00e4rk<\/p>\n<p>Popul\u00e4rt friluftsomr\u00e5de<\/p>\n<p class=\"text\">Omr\u00e5det str\u00e4cker sig fr\u00e5n Idrottsv\u00e4gen i s\u00f6der till Farstaviken i norr och inneh\u00e5ller ett rutn\u00e4t av promenadslingor, ridv\u00e4gar, stigar och utflyktsplatser. Alltihop anv\u00e4nds flitigt av Gustavsbergsborna.<\/p>\n<p class=\"text\">\u2013 Det har blivit betydligt fler bes\u00f6kare i omr\u00e5det sedan vi flyttade hit f\u00f6r 20 \u00e5r sedan. Det g\u00f6r att det blir st\u00f6rre slitage och vi m\u00e4ktar inte med att underh\u00e5lla allt sj\u00e4lva l\u00e4ngre, det \u00e4r stora kostnader f\u00f6r f\u00f6reningen, s\u00e4ger Gunnar Lind.<\/p>\n<p class=\"text\">En orsak \u00e4r alla bost\u00e4der som byggts i och runt Gustavsbergs hamn de senaste \u00e5ren, d\u00e4ribland de s\u00e5 kallade Porslinskvarteren.<\/p>\n<p><img decoding=\"async\" class=\"Image Image_\" src=\"\" data-aghref=\"http:\/\/www.mitti.se\/image-3.353270.270030.20251231060244.3c54c0574d\" data-agimagetype=\"hardcrop\" alt=\"Gunnar Lind, boende i Farsta slottsvik, och Marianne Haage, V\u00e4rmd\u00f6s kommunekolog, promenerar i omr\u00e5det som f\u00f6resl\u00e5s bli biotopskyddsomr\u00e5de. &quot;Det h\u00e4r var Gustavsbergs matbod, omr\u00e5det f\u00f6rs\u00f6rjde fabriken med livsmedel \u2013 k\u00f6tt fr\u00e5n djuren och gr\u00f6dor fr\u00e5n odlingarna&quot; ber\u00e4ttar Gunnar Lind.\"\/><\/p>\n<p class=\"Caption\">Gunnar Lind, boende i Farsta slottsvik, och Marianne Haage, V\u00e4rmd\u00f6s kommunekolog, promenerar i omr\u00e5det som f\u00f6resl\u00e5s bli biotopskyddsomr\u00e5de. &#8221;Det h\u00e4r var Gustavsbergs matbod, omr\u00e5det f\u00f6rs\u00f6rjde fabriken med livsmedel \u2013 k\u00f6tt fr\u00e5n djuren och gr\u00f6dor fr\u00e5n odlingarna&#8221; ber\u00e4ttar Gunnar Lind.<\/p>\n<p class=\"Source\">Christian L\u00e4rk<\/p>\n<p class=\"text\">Cirka 2,7 hektar av det utpekade omr\u00e5det best\u00e5r av Engelska parken, som anlades av \u00e4garen till Farsta s\u00e4teri p\u00e5 1800-talet. Det g\u00f6r att det ocks\u00e5 finns ett kulturhistoriskt v\u00e4rde, ut\u00f6ver det biologiska och f\u00f6r friluftslivet, menar Gunnar Lind.<\/p>\n<p class=\"text\">D\u00e4rf\u00f6r har kommunen nu beslutat att utreda om de kan ge omr\u00e5det ett skydd och ta \u00f6ver sk\u00f6tseln. Det skulle bland annat inneb\u00e4ra att marken inte f\u00e5r bebyggas.<\/p>\n<p class=\"text\">Farsta slottsvik har ovanligt m\u00e5nga gamla och stora tr\u00e4d, framf\u00f6rallt ekar. <\/p>\n<p class=\"text\">\u2013 Den h\u00e4r typen av ekmilj\u00f6er \u00e4r s\u00e4llsynta och skyddsv\u00e4rda, omr\u00e5det \u00e4r ocks\u00e5 relativt stort, s\u00e4ger Marianne Haage, kommunekolog i V\u00e4rmd\u00f6 kommun. <\/p>\n<p><img decoding=\"async\" class=\"Image Image_\" src=\"\" data-aghref=\"http:\/\/www.mitti.se\/image-3.353274.270030.20251231060244.5744791c15\" data-agimagetype=\"hardcrop\" alt=\"I det nya f\u00f6reslagna biotopskyddsomr\u00e5det vid Farsta slottsvik finns \u00e4ven en m\u00e4ngd 100-200 \u00e5r gamla tallar, m\u00e5nga \u00f6ver 20 meter h\u00f6ga, konstaterar Gunnar Lind, boende i Farsta slottsvik.\"\/><\/p>\n<p class=\"Caption\">I det nya f\u00f6reslagna biotopskyddsomr\u00e5det vid Farsta slottsvik finns \u00e4ven en m\u00e4ngd 100-200 \u00e5r gamla tallar, m\u00e5nga \u00f6ver 20 meter h\u00f6ga, konstaterar Gunnar Lind, boende i Farsta slottsvik.<\/p>\n<p class=\"Source\">Christian L\u00e4rk<\/p>\n<p>&#8221;V\u00e4l v\u00e4rd investering&#8221;<\/p>\n<p class=\"text\">Parallellt med detta beslutades nyligen att g\u00f6ra ett 85 hektar stort omr\u00e5de s\u00f6der om Brunn till naturreservat, och att skicka ut ytterligare ett omr\u00e5de p\u00e5 samr\u00e5d. Det senare \u00e4r 115 hektar stort, S\u00e5ngen vid L\u00e5ngsunda, n\u00e4ra Norra Lagn\u00f6.<\/p>\n<p class=\"text\">Det p\u00e5g\u00e5r ocks\u00e5 en utredning f\u00f6r att g\u00f6ra delar av Vidsj\u00f6skogen p\u00e5 Ingar\u00f6 till naturreservat, s\u00f6der om platsen d\u00e4r det tidigare planerades bost\u00e4der, men som avbr\u00f6ts p\u00e5 grund av protester. Dialog f\u00f6rs d\u00e4r med mark\u00e4garen.  <\/p>\n<p class=\"text\">Sk\u00f6tseln kostar runt 200 000 kronor per \u00e5r och omr\u00e5de, allts\u00e5 totalt \u00f6ver en halv miljon kronor i \u00f6kade driftskostnader f\u00f6r kommunen <\/p>\n<p class=\"text\">\u2013 Det \u00e4r en v\u00e4l v\u00e4rd investering. Vill vi bevara naturen f\u00f6r kommande generationer s\u00e5 m\u00e5ste det f\u00e5 kosta, s\u00e4ger kommunalr\u00e5d Kristina L\u00e5ng C).<\/p>\n<p><img decoding=\"async\" class=\"Image Image_\" src=\"\" data-aghref=\"http:\/\/www.mitti.se\/image-3.353279.270030.20251231060244.8a244d8cbc\" data-agimagetype=\"hardcrop\" alt=\"Det f\u00f6reslagna biotopskyddsomr\u00e5det i Farsta slottsvik str\u00e4cker sig ner till Farstaviken, \u00e4ven viss \u00e4ngsmark ing\u00e5r. &quot;Det vore fint och kul om vi kunde ha djur betandes h\u00e4r, som det har varit tidigare, om m\u00f6jligt, till exempel f\u00e5r&quot;, s\u00e4ger Marianne Haage, V\u00e4rmd\u00f6s kommunekolog.\"\/><\/p>\n<p class=\"Caption\">Det f\u00f6reslagna biotopskyddsomr\u00e5det i Farsta slottsvik str\u00e4cker sig ner till Farstaviken, \u00e4ven viss \u00e4ngsmark ing\u00e5r. &#8221;Det vore fint och kul om vi kunde ha djur betandes h\u00e4r, som det har varit tidigare, om m\u00f6jligt, till exempel f\u00e5r&#8221;, s\u00e4ger Marianne Haage, V\u00e4rmd\u00f6s kommunekolog.<\/p>\n<p class=\"Source\">Christian L\u00e4rk<\/p>\n<p class=\"text\">Samtidigt inneb\u00e4r detta ett stort rekreationsv\u00e4rde f\u00f6r V\u00e4rmd\u00f6borna, menar hon.<\/p>\n<p class=\"text\">\u2013 Ju mer skyddade omr\u00e5den vi f\u00e5r desto b\u00e4ttre. Viktigast \u00e4r ju egentligen att vi skyddar mark som vi inte \u00e4ger och inte har r\u00e5dighet \u00f6ver. I fallet med Farsta slottsvik \u00e4r det rimligt att kommunen tar \u00f6ver en del av ansvaret. Det ger oss m\u00f6jlighet att g\u00f6ra en bra sk\u00f6tselplan med v\u00e5r egen expertis. <\/p>\n<p class=\"faktarubrik\">Skyddad natur i V\u00e4rmd\u00f6 kommun<\/p>\n<p class=\"fakta\">En marin nationalpark <\/p>\n<p class=\"fakta\">Sju biotopskyddsomr\u00e5den, varav fem kommunala (vid Ebbalund, M\u00f6lnvik, Farstadal och Farstaborg, och ett marint i Norrviken\/Str\u00f6mma). \u00d6vriga tv\u00e5 ligger vid Norrn\u00e4s och Nora och \u00e4r beslutade av Skogsstyrelsen.<\/p>\n<p class=\"fakta\">Cirka 50 naturreservat, varav tre kommunala (vid \u00d6sbytr\u00e4sk, Hamnskogen-Eriksberg\/Djur\u00f6 och Brunn), \u00f6vriga \u00e4r beslutade av l\u00e4nsstyrelsen.<\/p>\n<p class=\"fakta\">Det politiska m\u00e5let \u00e4r att minst 30 procent av V\u00e4rmd\u00f6s land och vatten ska ha ett skydd \u00e5r 2030. Det g\u00e4ller b\u00e5de kommunal och privat mark.<\/p>\n<p class=\"fakta\">F\u00f6rslag till nya reservat i kommunens \u00f6versiktsplan:<\/p>\n<p class=\"fakta\">1. Gr\u00f6nsk\u00e4r \u2013 Horssten \u2013 M\u00e4lkobbarna samt Bj\u00f6rksk\u00e4rs sk\u00e4rg\u00e5rd och Lilla Nassa (p\u00e5g\u00e5r)<\/p>\n<p class=\"fakta\">2. Sandhamn (inte startat)<\/p>\n<p class=\"fakta\">3. Tjustvik (har p\u00e5g\u00e5tt tidigare men \u00e4r nu inte aktivt)<\/p>\n<p class=\"fakta\">4. Skogsomr\u00e5de p\u00e5 N\u00e4md\u00f6 (inte startat)<\/p>\n<p class=\"fakta\">5. \u00d6stra Ekedal (p\u00e5g\u00e5r)<\/p>\n<p class=\"fakta\">6. L\u00e5ngsunda-S\u00e5ngen (p\u00e5g\u00e5r)<\/p>\n<p class=\"fakta\">7. Holmviksskogen (p\u00e5g\u00e5r)<\/p>\n<p class=\"fakta\">8. Skogen s\u00f6der om Brunn (delad i tv\u00e5 olika processer varav en p\u00e5g\u00e5r och en \u00e4r beslutad)<\/p>\n<p class=\"fakta\">9. Malma\u00f6n (inte startat)<\/p>\n<p class=\"fakta\">10. Del av Storskogen (Dyppeln-Svarttr\u00e4sket-Hamptr\u00e4sk) (inte startat)<\/p>\n<p class=\"faktakalla\">K\u00e4lla: V\u00e4rmd\u00f6 kommun<\/p>\n","protected":false},"excerpt":{"rendered":"Gustavsberg \u2013 H\u00e4r ser ni det som \u00e4r typiskt f\u00f6r det h\u00e4r omr\u00e5det, glest och \u00f6ppet mellan ekarna&hellip;\n","protected":false},"author":2,"featured_media":121524,"comment_status":"","ping_status":"","sticky":false,"template":"","format":"standard","meta":{"footnotes":""},"categories":[12],"tags":[22,23,26,27,17,21,24,25,28,29,15,16,18,34,31,33,32,30,19,20],"class_list":{"0":"post-121523","1":"post","2":"type-post","3":"status-publish","4":"format-standard","5":"has-post-thumbnail","7":"category-sverige","8":"tag-breaking-news","9":"tag-breakingnews","10":"tag-featured-news","11":"tag-featurednews","12":"tag-headlines","13":"tag-huvudnyheter","14":"tag-latest-news","15":"tag-latestnews","16":"tag-main-news","17":"tag-mainnews","18":"tag-news","19":"tag-nyheter","20":"tag-rubriker","21":"tag-se","22":"tag-svenska","23":"tag-sverige","24":"tag-sweden","25":"tag-swedish","26":"tag-top-stories","27":"tag-topstories"},"share_on_mastodon":{"url":"https:\/\/pubeurope.com\/@se\/115813267768861822","error":""},"_links":{"self":[{"href":"https:\/\/www.europesays.com\/se\/wp-json\/wp\/v2\/posts\/121523","targetHints":{"allow":["GET"]}}],"collection":[{"href":"https:\/\/www.europesays.com\/se\/wp-json\/wp\/v2\/posts"}],"about":[{"href":"https:\/\/www.europesays.com\/se\/wp-json\/wp\/v2\/types\/post"}],"author":[{"embeddable":true,"href":"https:\/\/www.europesays.com\/se\/wp-json\/wp\/v2\/users\/2"}],"replies":[{"embeddable":true,"href":"https:\/\/www.europesays.com\/se\/wp-json\/wp\/v2\/comments?post=121523"}],"version-history":[{"count":0,"href":"https:\/\/www.europesays.com\/se\/wp-json\/wp\/v2\/posts\/121523\/revisions"}],"wp:featuredmedia":[{"embeddable":true,"href":"https:\/\/www.europesays.com\/se\/wp-json\/wp\/v2\/media\/121524"}],"wp:attachment":[{"href":"https:\/\/www.europesays.com\/se\/wp-json\/wp\/v2\/media?parent=121523"}],"wp:term":[{"taxonomy":"category","embeddable":true,"href":"https:\/\/www.europesays.com\/se\/wp-json\/wp\/v2\/categories?post=121523"},{"taxonomy":"post_tag","embeddable":true,"href":"https:\/\/www.europesays.com\/se\/wp-json\/wp\/v2\/tags?post=121523"}],"curies":[{"name":"wp","href":"https:\/\/api.w.org\/{rel}","templated":true}]}}