{"id":121534,"date":"2025-12-31T08:52:20","date_gmt":"2025-12-31T08:52:20","guid":{"rendered":"https:\/\/www.europesays.com\/se\/121534\/"},"modified":"2025-12-31T08:52:20","modified_gmt":"2025-12-31T08:52:20","slug":"snovarning-for-ostra-delarna-av-varmland","status":"publish","type":"post","link":"https:\/\/www.europesays.com\/se\/121534\/","title":{"rendered":"Sn\u00f6varning f\u00f6r \u00f6stra delarna av V\u00e4rmland"},"content":{"rendered":"<p>Sn\u00f6v\u00e4dret f\u00f6rv\u00e4ntas under morgonen och f\u00f6rmiddagen. Bland annat v\u00e4ntas Kristinehamn, Degerfors och upp till Storfors p\u00e5verkas av sn\u00f6v\u00e4dret, enligt SMHI. <\/p>\n<p>Trafikverket g\u00e5r upp i s\u00e4rskild h\u00f6g beredskap inf\u00f6r ny\u00e5rsdagen. Enligt Veronika Gustafsson, presskommunikat\u00f6r p\u00e5 Trafikverket ska man h\u00e5lla sig p\u00e5 de st\u00f6rre v\u00e4garna d\u00e4r den gula varningen finns. <\/p>\n<p>\u00c4ven under ny\u00e5rsnatten har SMHI utf\u00e4rdat en gul varning f\u00f6r kraftiga vindar p\u00e5 V\u00e4nern. Vindarna ber\u00e4knas g\u00e5 upp till 14\/17 m\/s. <\/p>\n","protected":false},"excerpt":{"rendered":"Sn\u00f6v\u00e4dret f\u00f6rv\u00e4ntas under morgonen och f\u00f6rmiddagen. Bland annat v\u00e4ntas Kristinehamn, Degerfors och upp till Storfors p\u00e5verkas av sn\u00f6v\u00e4dret,&hellip;\n","protected":false},"author":2,"featured_media":793,"comment_status":"","ping_status":"","sticky":false,"template":"","format":"standard","meta":{"footnotes":""},"categories":[5],"tags":[22,23,26,27,17,21,24,25,28,29,15,16,18,34,31,33,32,30,19,20],"class_list":{"0":"post-121534","1":"post","2":"type-post","3":"status-publish","4":"format-standard","5":"has-post-thumbnail","7":"category-rubriker","8":"tag-breaking-news","9":"tag-breakingnews","10":"tag-featured-news","11":"tag-featurednews","12":"tag-headlines","13":"tag-huvudnyheter","14":"tag-latest-news","15":"tag-latestnews","16":"tag-main-news","17":"tag-mainnews","18":"tag-news","19":"tag-nyheter","20":"tag-rubriker","21":"tag-se","22":"tag-svenska","23":"tag-sverige","24":"tag-sweden","25":"tag-swedish","26":"tag-top-stories","27":"tag-topstories"},"share_on_mastodon":{"url":"https:\/\/pubeurope.com\/@se\/115813334526125082","error":""},"_links":{"self":[{"href":"https:\/\/www.europesays.com\/se\/wp-json\/wp\/v2\/posts\/121534","targetHints":{"allow":["GET"]}}],"collection":[{"href":"https:\/\/www.europesays.com\/se\/wp-json\/wp\/v2\/posts"}],"about":[{"href":"https:\/\/www.europesays.com\/se\/wp-json\/wp\/v2\/types\/post"}],"author":[{"embeddable":true,"href":"https:\/\/www.europesays.com\/se\/wp-json\/wp\/v2\/users\/2"}],"replies":[{"embeddable":true,"href":"https:\/\/www.europesays.com\/se\/wp-json\/wp\/v2\/comments?post=121534"}],"version-history":[{"count":0,"href":"https:\/\/www.europesays.com\/se\/wp-json\/wp\/v2\/posts\/121534\/revisions"}],"wp:featuredmedia":[{"embeddable":true,"href":"https:\/\/www.europesays.com\/se\/wp-json\/wp\/v2\/media\/793"}],"wp:attachment":[{"href":"https:\/\/www.europesays.com\/se\/wp-json\/wp\/v2\/media?parent=121534"}],"wp:term":[{"taxonomy":"category","embeddable":true,"href":"https:\/\/www.europesays.com\/se\/wp-json\/wp\/v2\/categories?post=121534"},{"taxonomy":"post_tag","embeddable":true,"href":"https:\/\/www.europesays.com\/se\/wp-json\/wp\/v2\/tags?post=121534"}],"curies":[{"name":"wp","href":"https:\/\/api.w.org\/{rel}","templated":true}]}}