{"id":121538,"date":"2025-12-31T09:00:12","date_gmt":"2025-12-31T09:00:12","guid":{"rendered":"https:\/\/www.europesays.com\/se\/121538\/"},"modified":"2025-12-31T09:00:12","modified_gmt":"2025-12-31T09:00:12","slug":"ovader-snokaos-hotar-varmland-smhi-utfardar-gul-varning-nwt","status":"publish","type":"post","link":"https:\/\/www.europesays.com\/se\/121538\/","title":{"rendered":"OV\u00c4DER: Sn\u00f6kaos hotar V\u00e4rmland \u2013 SMHI utf\u00e4rdar gul varning &#8211; NWT"},"content":{"rendered":"<ol>\n<li><a href=\"https:\/\/news.google.com\/rss\/articles\/CBMiiwFBVV95cUxOMXc4Rkh1cDBEUzNXTDYwQmhZeTRYWUZ1ZEtsTHF1TWtPS1pHQW5ZVVNlRVdjR1FIbHhRUi1VanN4TTQ0LUNlNkMwODdfb0xyYmdnZkdtbU9qeDdxdDNocUJYd0F0VlJlY3dZSUdtRmZqNVdUSTkwYnBMMmYydmx4N09Ea0MxbWFhUlNz?oc=5\" target=\"_blank\" rel=\"nofollow noopener\">OV\u00c4DER: Sn\u00f6kaos hotar V\u00e4rmland \u2013 SMHI utf\u00e4rdar gul varning<\/a>&nbsp;&nbsp;NWT<\/li>\n<li><a href=\"https:\/\/news.google.com\/rss\/articles\/CBMiqwFBVV95cUxOdzNQN3VLRjYxZEw4QXRsWHRSYi1PQkl0dWdkQTU0bTRCLUJZMXBpaGxQSXc2dFRWWkZmZkttVXdDRnhLYmpLclRYMEhMZUVuRmN5aVROV3hmbDdBMjNFMFJVaEF1UXl4YnJvS19nWUx2TEFDc0wzc2xvYWEwY1lkWURzNU1CTnByeHl5M0pwbklsMjNnZkt5S0dWb3RNVk9rUHlmZFdOUWE3M00?oc=5\" target=\"_blank\" rel=\"nofollow noopener\">Trafikverket varnar: Fortsatt farligt<\/a>&nbsp;&nbsp;Aftonbladet<\/li>\n<li><a href=\"https:\/\/news.google.com\/rss\/articles\/CBMia0FVX3lxTFBDMmFXMWZzdThtOGUzWmx3SktYN0hjQjBGRzdfcm9zYjFBMkZuckktRE5helJVNlNsVXFuZEJOTGxMQjNhc3hMYVdHQm9reTdZVWJ6dXc1VGVDVW90Zm5TMG5TV3M3Q0FOSmhr?oc=5\" target=\"_blank\" rel=\"nofollow noopener\">S\u00e5 arbetar Trafikverket i vinter<\/a>&nbsp;&nbsp;Nerikes Allehanda<\/li>\n<li><a href=\"https:\/\/news.google.com\/rss\/articles\/CBMiwgFBVV95cUxOQlNsQWVGNDdoRFhxYXlaYmVQUmptWFRTYkZzWE1fY01KRjZCVHVyWWhqaTF6R01wakViZU5OY3BxOEJCRnpFcWpFLUJnXzJMaC1ndFh3OXVIbjhJc09GZmhJa2FreUFybGhzdXZaQXdTQy1GeWtteXRtLXh4NGhoeHFibHhMVFpmd0hjWUVBRzNfSU9fdEU1N20tR185UlA5WmU0Y0laLUlMYU80UFBKTHB1cjJxYmN5NXpuLVV0YkZ4dw?oc=5\" target=\"_blank\" rel=\"nofollow noopener\">M\u00e5nga p\u00e5 v\u00e4garna trots varningar: \u201dStort risktagande\u201d \u2013 Stormen Johannes<\/a>&nbsp;&nbsp;SVT Nyheter<\/li>\n<li><a href=\"https:\/\/news.google.com\/rss\/articles\/CBMiigFBVV95cUxQZXBTeE1GcVpvcnRLdm9ic055X1NPX0pnYmJiSmNzYW1IUk9Hdmg4NHpoMnJSeWVwR0RJYkliczFvMEhMemtKZVhnaHp3NHl0aS1jWll3RTNlcVFnbW1QVWJvcktFMGpHTVMtcUF1UWN0OTdHZkczd2d3dEE1RXVnUkZyc3BCOHl5c1E?oc=5\" target=\"_blank\" rel=\"nofollow noopener\">Kyrkokl\u00e4ttrare nedbrottad av polis<\/a>&nbsp;&nbsp;Aftonbladet<\/li>\n<\/ol>\n","protected":false},"excerpt":{"rendered":"OV\u00c4DER: Sn\u00f6kaos hotar V\u00e4rmland \u2013 SMHI utf\u00e4rdar gul varning&nbsp;&nbsp;NWT Trafikverket varnar: Fortsatt farligt&nbsp;&nbsp;Aftonbladet S\u00e5 arbetar Trafikverket i vinter&nbsp;&nbsp;Nerikes&hellip;\n","protected":false},"author":2,"featured_media":121539,"comment_status":"","ping_status":"","sticky":false,"template":"","format":"standard","meta":{"footnotes":""},"categories":[5],"tags":[22,23,26,27,17,21,24,25,28,29,15,16,18,34,31,33,32,30,19,20],"class_list":{"0":"post-121538","1":"post","2":"type-post","3":"status-publish","4":"format-standard","5":"has-post-thumbnail","7":"category-rubriker","8":"tag-breaking-news","9":"tag-breakingnews","10":"tag-featured-news","11":"tag-featurednews","12":"tag-headlines","13":"tag-huvudnyheter","14":"tag-latest-news","15":"tag-latestnews","16":"tag-main-news","17":"tag-mainnews","18":"tag-news","19":"tag-nyheter","20":"tag-rubriker","21":"tag-se","22":"tag-svenska","23":"tag-sverige","24":"tag-sweden","25":"tag-swedish","26":"tag-top-stories","27":"tag-topstories"},"share_on_mastodon":{"url":"https:\/\/pubeurope.com\/@se\/115813366026226765","error":""},"_links":{"self":[{"href":"https:\/\/www.europesays.com\/se\/wp-json\/wp\/v2\/posts\/121538","targetHints":{"allow":["GET"]}}],"collection":[{"href":"https:\/\/www.europesays.com\/se\/wp-json\/wp\/v2\/posts"}],"about":[{"href":"https:\/\/www.europesays.com\/se\/wp-json\/wp\/v2\/types\/post"}],"author":[{"embeddable":true,"href":"https:\/\/www.europesays.com\/se\/wp-json\/wp\/v2\/users\/2"}],"replies":[{"embeddable":true,"href":"https:\/\/www.europesays.com\/se\/wp-json\/wp\/v2\/comments?post=121538"}],"version-history":[{"count":0,"href":"https:\/\/www.europesays.com\/se\/wp-json\/wp\/v2\/posts\/121538\/revisions"}],"wp:featuredmedia":[{"embeddable":true,"href":"https:\/\/www.europesays.com\/se\/wp-json\/wp\/v2\/media\/121539"}],"wp:attachment":[{"href":"https:\/\/www.europesays.com\/se\/wp-json\/wp\/v2\/media?parent=121538"}],"wp:term":[{"taxonomy":"category","embeddable":true,"href":"https:\/\/www.europesays.com\/se\/wp-json\/wp\/v2\/categories?post=121538"},{"taxonomy":"post_tag","embeddable":true,"href":"https:\/\/www.europesays.com\/se\/wp-json\/wp\/v2\/tags?post=121538"}],"curies":[{"name":"wp","href":"https:\/\/api.w.org\/{rel}","templated":true}]}}