{"id":121543,"date":"2025-12-31T09:07:21","date_gmt":"2025-12-31T09:07:21","guid":{"rendered":"https:\/\/www.europesays.com\/se\/121543\/"},"modified":"2025-12-31T09:07:21","modified_gmt":"2025-12-31T09:07:21","slug":"23-aring-doms-for-allmanfarlig-vardsloshet","status":"publish","type":"post","link":"https:\/\/www.europesays.com\/se\/121543\/","title":{"rendered":"23-\u00e5ring d\u00f6ms f\u00f6r allm\u00e4nfarlig v\u00e5rdsl\u00f6shet"},"content":{"rendered":"<p>Det var en s\u00f6ndagseftermiddag i januari som r\u00e4ddningstj\u00e4nsten larmades till studentboendet p\u00e5 Kungsgatan. Det visade sig d\u00e4r brinna inne i en l\u00e4genhet, som blev kraftigt brand- och r\u00f6kskadad, och r\u00f6ken hade \u00e4ven spridit sig ut till korridoren.\u00c4ven om elden snabbt kunde sl\u00e4ckas fanns det innan dess en risk f\u00f6r att den skulle ha spridits och hotat b\u00e5de m\u00e4nniskoliv och f<\/p>\n","protected":false},"excerpt":{"rendered":"Det var en s\u00f6ndagseftermiddag i januari som r\u00e4ddningstj\u00e4nsten larmades till studentboendet p\u00e5 Kungsgatan. Det visade sig d\u00e4r brinna&hellip;\n","protected":false},"author":2,"featured_media":121544,"comment_status":"","ping_status":"","sticky":false,"template":"","format":"standard","meta":{"footnotes":""},"categories":[12],"tags":[22,23,26,27,17,21,24,25,28,29,15,16,18,34,31,33,32,30,19,20],"class_list":{"0":"post-121543","1":"post","2":"type-post","3":"status-publish","4":"format-standard","5":"has-post-thumbnail","7":"category-sverige","8":"tag-breaking-news","9":"tag-breakingnews","10":"tag-featured-news","11":"tag-featurednews","12":"tag-headlines","13":"tag-huvudnyheter","14":"tag-latest-news","15":"tag-latestnews","16":"tag-main-news","17":"tag-mainnews","18":"tag-news","19":"tag-nyheter","20":"tag-rubriker","21":"tag-se","22":"tag-svenska","23":"tag-sverige","24":"tag-sweden","25":"tag-swedish","26":"tag-top-stories","27":"tag-topstories"},"share_on_mastodon":{"url":"https:\/\/pubeurope.com\/@se\/115813393634006865","error":""},"_links":{"self":[{"href":"https:\/\/www.europesays.com\/se\/wp-json\/wp\/v2\/posts\/121543","targetHints":{"allow":["GET"]}}],"collection":[{"href":"https:\/\/www.europesays.com\/se\/wp-json\/wp\/v2\/posts"}],"about":[{"href":"https:\/\/www.europesays.com\/se\/wp-json\/wp\/v2\/types\/post"}],"author":[{"embeddable":true,"href":"https:\/\/www.europesays.com\/se\/wp-json\/wp\/v2\/users\/2"}],"replies":[{"embeddable":true,"href":"https:\/\/www.europesays.com\/se\/wp-json\/wp\/v2\/comments?post=121543"}],"version-history":[{"count":0,"href":"https:\/\/www.europesays.com\/se\/wp-json\/wp\/v2\/posts\/121543\/revisions"}],"wp:featuredmedia":[{"embeddable":true,"href":"https:\/\/www.europesays.com\/se\/wp-json\/wp\/v2\/media\/121544"}],"wp:attachment":[{"href":"https:\/\/www.europesays.com\/se\/wp-json\/wp\/v2\/media?parent=121543"}],"wp:term":[{"taxonomy":"category","embeddable":true,"href":"https:\/\/www.europesays.com\/se\/wp-json\/wp\/v2\/categories?post=121543"},{"taxonomy":"post_tag","embeddable":true,"href":"https:\/\/www.europesays.com\/se\/wp-json\/wp\/v2\/tags?post=121543"}],"curies":[{"name":"wp","href":"https:\/\/api.w.org\/{rel}","templated":true}]}}