{"id":121545,"date":"2025-12-31T09:11:07","date_gmt":"2025-12-31T09:11:07","guid":{"rendered":"https:\/\/www.europesays.com\/se\/121545\/"},"modified":"2025-12-31T09:11:07","modified_gmt":"2025-12-31T09:11:07","slug":"trailerpremiar-patrick-dempsey-som-dement-lonnmordare-i-memory-of-a-killer","status":"publish","type":"post","link":"https:\/\/www.europesays.com\/se\/121545\/","title":{"rendered":"Trailerpremi\u00e4r: Patrick Dempsey som dement l\u00f6nnm\u00f6rdare i &#8221;Memory of a Killer&#8221;"},"content":{"rendered":"<p>Patrick Dempsey \u00e4r kanske mest k\u00e4nd som den dr\u00f6mmige doktorn McDreamy i \u201dGrey\u2019s Anatomy\u201d. Nu byter han sjukhus mot b\u00e5rhus och blir l\u00f6nnm\u00f6rdare ist\u00e4llet. En l\u00f6nnm\u00f6rdare med Alzheimers.<\/p>\n<p>I kommande tv-serien \u201dMemory of a Killer\u201d spelar Dempsey en man med ett dubbelliv. Han \u00e4r b\u00e5de familjefar med vardagligt yrke, och en professionell m\u00f6rdare. <\/p>\n<p>Men dubbellivet blir bra mycket sv\u00e5rare att hantera n\u00e4r han diagnoseras med demenssjukdomen Alzheimers. Speciellt n\u00e4r han sj\u00e4lv f\u00e5r n\u00e5gon efter sig och sin familj.<\/p>\n<p>\u201dMemory of a Killer\u201d \u00e4r en nyversion av den belgiska l\u00e5ngfilmen \u201d<a href=\"https:\/\/www.moviezine.se\/movies\/mordare-utan-minne\" rel=\"nofollow noopener\" target=\"_blank\">M\u00f6rdare utan minne<\/a>\u201d fr\u00e5n 2003, som redan f\u00e5tt en amerikansk remake i 2022 \u00e5rs \u201d<a href=\"https:\/\/www.moviezine.se\/movies\/memory-2022\" rel=\"nofollow noopener\" target=\"_blank\">Memory<\/a>\u201d med Liam Neeson.<\/p>\n<p>Serien har premi\u00e4r i USA i slutet av januari. N\u00e4r, hur och om den kommer hit f\u00e5r framtiden utvisa, men eftersom det \u00e4r en Fox-serie k\u00e4nns Disney+ inte om\u00f6jligt.<\/p>\n<p>Och trailern till \u201dMemory of a Killer\u201d kan du nu kolla in h\u00e4r:<\/p>\n<p><img loading=\"lazy\" decoding=\"async\" alt=\"YouTube video\" width=\"480\" height=\"360\" data-pin-nopin=\"true\" nopin=\"nopin\" class=\"perfmatters-lazy\" src=\"https:\/\/www.europesays.com\/se\/wp-content\/uploads\/2025\/12\/1767172267_448_hqdefault.jpg\"\/><\/p>\n<p>L\u00e4s ocks\u00e5: <a href=\"https:\/\/www.moviezine.se\/nyheter\/patrick-dempsey-om-varfor-scream-7-blir-utan-honom\" title=\"Patrick Dempsey om varf\u00f6r \u201dScream 7\u201d blir utan honom: \u201dDet funkade helt enkelt inte\u201d\" class=\"underline-custom !font-montserrat !font-bold !underline-offset-4 !decoration-4 !decoration-moviezine-green !text-md\" rel=\"nofollow noopener\" target=\"_blank\">Patrick Dempsey om varf\u00f6r \u201dScream 7\u201d blir utan honom: \u201dDet funkade helt enkelt inte\u201d<\/a><\/p>\n<p>L\u00e4s ocks\u00e5: <a href=\"https:\/\/www.moviezine.se\/nyheter\/dexter-original-sin-nya-bilder-patrick-dempsey\" title=\"F\u00f6rsta bilderna p\u00e5 nya karakt\u00e4rer i \u201dDexter: Original Sin\u201d \u2013 tv\u00e5 k\u00e4nda ansikten dyker upp\" class=\"underline-custom !font-montserrat !font-bold !underline-offset-4 !decoration-4 !decoration-moviezine-green !text-md\" rel=\"nofollow noopener\" target=\"_blank\">F\u00f6rsta bilderna p\u00e5 nya karakt\u00e4rer i \u201dDexter: Original Sin\u201d \u2013 tv\u00e5 k\u00e4nda ansikten dyker upp<\/a><\/p>\n","protected":false},"excerpt":{"rendered":"Patrick Dempsey \u00e4r kanske mest k\u00e4nd som den dr\u00f6mmige doktorn McDreamy i \u201dGrey\u2019s Anatomy\u201d. Nu byter han sjukhus&hellip;\n","protected":false},"author":2,"featured_media":121546,"comment_status":"","ping_status":"","sticky":false,"template":"","format":"standard","meta":{"footnotes":""},"categories":[67],"tags":[104,3242,34,31,33,32,30,2044,105],"class_list":{"0":"post-121545","1":"post","2":"type-post","3":"status-publish","4":"format-standard","5":"has-post-thumbnail","7":"category-underhallning","8":"tag-entertainment","9":"tag-kommande-serier","10":"tag-se","11":"tag-svenska","12":"tag-sverige","13":"tag-sweden","14":"tag-swedish","15":"tag-trailer","16":"tag-underhallning"},"share_on_mastodon":{"url":"https:\/\/pubeurope.com\/@se\/115813409283371918","error":""},"_links":{"self":[{"href":"https:\/\/www.europesays.com\/se\/wp-json\/wp\/v2\/posts\/121545","targetHints":{"allow":["GET"]}}],"collection":[{"href":"https:\/\/www.europesays.com\/se\/wp-json\/wp\/v2\/posts"}],"about":[{"href":"https:\/\/www.europesays.com\/se\/wp-json\/wp\/v2\/types\/post"}],"author":[{"embeddable":true,"href":"https:\/\/www.europesays.com\/se\/wp-json\/wp\/v2\/users\/2"}],"replies":[{"embeddable":true,"href":"https:\/\/www.europesays.com\/se\/wp-json\/wp\/v2\/comments?post=121545"}],"version-history":[{"count":0,"href":"https:\/\/www.europesays.com\/se\/wp-json\/wp\/v2\/posts\/121545\/revisions"}],"wp:featuredmedia":[{"embeddable":true,"href":"https:\/\/www.europesays.com\/se\/wp-json\/wp\/v2\/media\/121546"}],"wp:attachment":[{"href":"https:\/\/www.europesays.com\/se\/wp-json\/wp\/v2\/media?parent=121545"}],"wp:term":[{"taxonomy":"category","embeddable":true,"href":"https:\/\/www.europesays.com\/se\/wp-json\/wp\/v2\/categories?post=121545"},{"taxonomy":"post_tag","embeddable":true,"href":"https:\/\/www.europesays.com\/se\/wp-json\/wp\/v2\/tags?post=121545"}],"curies":[{"name":"wp","href":"https:\/\/api.w.org\/{rel}","templated":true}]}}