{"id":121548,"date":"2025-12-31T09:15:26","date_gmt":"2025-12-31T09:15:26","guid":{"rendered":"https:\/\/www.europesays.com\/se\/121548\/"},"modified":"2025-12-31T09:15:26","modified_gmt":"2025-12-31T09:15:26","slug":"region-norrbottens-forsta-ord-efter-juldagsmordet-i-boden","status":"publish","type":"post","link":"https:\/\/www.europesays.com\/se\/121548\/","title":{"rendered":"Region Norrbottens f\u00f6rsta ord efter juldagsmordet i Boden"},"content":{"rendered":"<p><a data-test-tag=\"internal-link\" href=\"https:\/\/www.aftonbladet.se\/av\/jonathan-norberg\" class=\"hyperion-css-13ns1rr\" rel=\"nofollow noopener\" target=\"\" aria-label=\"Se alla artiklar av Jonathan Norberg\"><img decoding=\"async\" class=\"image-asset hyperion-css-n6kkq1\" data-test-tag=\"image-asset\" src=\"https:\/\/www.europesays.com\/se\/wp-content\/uploads\/2025\/12\/0c83c629-f6e4-476f-895e-11ef9702f091.png\"  alt=\"\"  loading=\"lazy\" fetchpriority=\"auto\" style=\"aspect-ratio:1900 \/ 1900\"\/><\/a><\/p>\n<p class=\"boxtextgrotesk-root_baa6 hyperion-css-7pajle\">Publicerad 2025-12-29 11.50<\/p>\n<p>share-arrowDela<\/p>\n<p>unsaveSpara<\/p>\n<p>expand-left<\/p>\n<p>helsk\u00e4rm<img decoding=\"async\" class=\"image-asset hyperion-css-u06ts1\" data-test-tag=\"image-asset\" src=\"https:\/\/www.europesays.com\/se\/wp-content\/uploads\/2025\/12\/46c8613d-470f-4b0f-9725-1f744be741e8.jpeg\"  alt=\"Polis p\u00e5 plats dagen efter mordet. \"  loading=\"eager\" fetchpriority=\"high\" style=\"aspect-ratio:1900 \/ 1421\"\/>Polis p\u00e5 plats dagen efter mordet. Foto: Stefan Jerrev\u00e5ng<\/p>\n<p class=\"hyperion-css-1shl3oz\" data-test-tag=\"lead-text\">Den misst\u00e4nkte m\u00f6rdaren i Boden skrevs ut f\u00f6r tidigt fr\u00e5n psykiatrin, enligt mannens mamma.<\/p>\n<p class=\"hyperion-css-1shl3oz\" data-test-tag=\"lead-text\">Region Norrbotten vill inte kommentera uppgifterna.<\/p>\n<p class=\"hyperion-css-1shl3oz\" data-test-tag=\"lead-text\">\u2013\u00a0Jag f\u00f6rst\u00e5r att m\u00e5nga har fr\u00e5gor, s\u00e4ger region- och sjukv\u00e5rdsdirekt\u00f6ren Jonas Th\u00f6rnqvist.<\/p>\n<p class=\"hyperion-css-1v9qo5x\">Region Norrbottens h\u00e4lso- och sjukv\u00e5rdsdirekt\u00f6r Jonas Th\u00f6rnqvist kommenterar nu v\u00e5ldsd\u00e5det i <a data-test-tag=\"internal-link\" href=\"https:\/\/www.aftonbladet.se\/lokala-nyheter\/boden\" class=\"hyperion-css-15jkft9\" rel=\"nofollow noopener\" target=\"\" aria-label=\"Boden\">Boden<\/a>, d\u00e4r en kvinna i 55-\u00e5rs\u00e5ldern m\u00f6rdades och ytterligare tv\u00e5 personer skadades.<\/p>\n<p class=\"hyperion-css-1v9qo5x\">\u2013 Det r\u00f6r det sig om en avliden g\u00e4rningsman som vi varken kan bekr\u00e4fta eller f\u00f6rneka har varit patient hos oss, s\u00e4ger han i ett uttalande.<\/p>\n<p class=\"hyperion-css-1v9qo5x\">Den misst\u00e4nkte g\u00e4rningsmannen har enligt hans mamma skrivits ut fr\u00e5n psykiatrin f\u00f6r tidigt flera g\u00e5nger, n\u00e5got bland annat <a aria-label=\"NSD \" class=\"default hyperion-css-15jkft9\" href=\"https:\/\/www.nsd.se\/nyheter\/boden\/artikel\/22-aringens-mamma-jag-insag-att-han-kan-vara-farlig\/lzz489zl\" rel=\"noopener nofollow noreferrer\" data-test-tag=\"external-link\" target=\"_blank\">NSD <\/a>har rapporterat om.<\/p>\n<p class=\"hyperion-css-1v9qo5x\">Till Aftonbladet s\u00e4ger mamman att 22-\u00e5ringen<a data-test-tag=\"internal-link\" href=\"https:\/\/www.aftonbladet.se\/nyheter\/a\/gk7Jq9\/mamman-till-misstankta-22-aringen-i-boden-han-var-sjuk\" class=\"hyperion-css-15jkft9\" rel=\"nofollow noopener\" target=\"\" aria-label=\" togs in f\u00f6r tv\u00e5ngsv\u00e5rd s\u00e5 sent som n\u00e5gra dagar\"> togs in f\u00f6r tv\u00e5ngsv\u00e5rd s\u00e5 sent som n\u00e5gra dagar<\/a> innan mordet.<\/p>\n<p class=\"hyperion-css-1v9qo5x\">\u2013\u00a0Redan dagen d\u00e4rp\u00e5 hade de sl\u00e4ppt ut honom igen. Det \u00e4r ett s\u00e5dant svek. Jag k\u00e4nde mig besviken och f\u00f6rstod att mitt eller hans liv snart var \u00f6ver, s\u00e4ger hon.<\/p>\n<p class=\"hyperion-css-1v9qo5x\">Enligt h\u00e4lso- och sjukv\u00e5rdsdirekt\u00f6ren Jonas Th\u00f6rnqvist granskar regionen st\u00e4ndigt sig sj\u00e4lva, \u00e4ven om han inte kan kommentera det enskilda fallet.<\/p>\n<p class=\"hyperion-css-1v9qo5x\">\u2013 Det finns exempel p\u00e5 h\u00e4ndelseanalyser som visar att vi gjort r\u00e4tt i varje steg, men att det senare \u00e4nd\u00e5 intr\u00e4ffat en tragisk h\u00e4ndelse som inte kunde f\u00f6rutses, s\u00e4ger han.<\/p>\n<p class=\"hyperion-css-1v9qo5x\">\u2013 Jag t\u00e4nker p\u00e5 de drabbade, anh\u00f6riga och alla som ber\u00f6rs. Det som har h\u00e4nt \u00e4r djupt tragiskt.<\/p>\n","protected":false},"excerpt":{"rendered":"Publicerad 2025-12-29 11.50 share-arrowDela unsaveSpara expand-left helsk\u00e4rmPolis p\u00e5 plats dagen efter mordet. Foto: Stefan Jerrev\u00e5ng Den misst\u00e4nkte m\u00f6rdaren&hellip;\n","protected":false},"author":2,"featured_media":121549,"comment_status":"","ping_status":"","sticky":false,"template":"","format":"standard","meta":{"footnotes":""},"categories":[12],"tags":[22,23,26,27,17,21,24,25,28,29,15,16,18,34,31,33,32,30,19,20],"class_list":{"0":"post-121548","1":"post","2":"type-post","3":"status-publish","4":"format-standard","5":"has-post-thumbnail","7":"category-sverige","8":"tag-breaking-news","9":"tag-breakingnews","10":"tag-featured-news","11":"tag-featurednews","12":"tag-headlines","13":"tag-huvudnyheter","14":"tag-latest-news","15":"tag-latestnews","16":"tag-main-news","17":"tag-mainnews","18":"tag-news","19":"tag-nyheter","20":"tag-rubriker","21":"tag-se","22":"tag-svenska","23":"tag-sverige","24":"tag-sweden","25":"tag-swedish","26":"tag-top-stories","27":"tag-topstories"},"share_on_mastodon":{"url":"https:\/\/pubeurope.com\/@se\/115813425054610314","error":""},"_links":{"self":[{"href":"https:\/\/www.europesays.com\/se\/wp-json\/wp\/v2\/posts\/121548","targetHints":{"allow":["GET"]}}],"collection":[{"href":"https:\/\/www.europesays.com\/se\/wp-json\/wp\/v2\/posts"}],"about":[{"href":"https:\/\/www.europesays.com\/se\/wp-json\/wp\/v2\/types\/post"}],"author":[{"embeddable":true,"href":"https:\/\/www.europesays.com\/se\/wp-json\/wp\/v2\/users\/2"}],"replies":[{"embeddable":true,"href":"https:\/\/www.europesays.com\/se\/wp-json\/wp\/v2\/comments?post=121548"}],"version-history":[{"count":0,"href":"https:\/\/www.europesays.com\/se\/wp-json\/wp\/v2\/posts\/121548\/revisions"}],"wp:featuredmedia":[{"embeddable":true,"href":"https:\/\/www.europesays.com\/se\/wp-json\/wp\/v2\/media\/121549"}],"wp:attachment":[{"href":"https:\/\/www.europesays.com\/se\/wp-json\/wp\/v2\/media?parent=121548"}],"wp:term":[{"taxonomy":"category","embeddable":true,"href":"https:\/\/www.europesays.com\/se\/wp-json\/wp\/v2\/categories?post=121548"},{"taxonomy":"post_tag","embeddable":true,"href":"https:\/\/www.europesays.com\/se\/wp-json\/wp\/v2\/tags?post=121548"}],"curies":[{"name":"wp","href":"https:\/\/api.w.org\/{rel}","templated":true}]}}