{"id":121550,"date":"2025-12-31T09:16:06","date_gmt":"2025-12-31T09:16:06","guid":{"rendered":"https:\/\/www.europesays.com\/se\/121550\/"},"modified":"2025-12-31T09:16:06","modified_gmt":"2025-12-31T09:16:06","slug":"arets-nyarskarameller-svenska-skidskytteforbundet","status":"publish","type":"post","link":"https:\/\/www.europesays.com\/se\/121550\/","title":{"rendered":"\u00c5rets ny\u00e5rskarameller | Svenska Skidskyttef\u00f6rbundet"},"content":{"rendered":"<p class=\"normal\"><strong>Ny\u00e5rskaramell #1: Elviras magiska VM-guld i Lenzerheide.<\/strong><\/p>\n<p class=\"normal\">Veckorna innan VM l\u00e5g hon sjuk och var os\u00e4ker p\u00e5 om hon ens skulle kunna komma till start. Men det gjorde hon. Och efter en tuff inledning p\u00e5 loppet \u00e4r det just hon som p\u00e5 det sista skyttet, n\u00e4r konkurrenterna darrar, h\u00e5ller nerverna i styr och b\u00e4ddar f\u00f6r ett historiskt VM-guld. <\/p>\n<p class=\"normal\">Och vilken fantastisk avslutning vi f\u00e5r uppleva. <\/p>\n<p class=\"normal\">Elvira \u00d6berg, som just vunnit sitt f\u00f6rsta individuella VM-guld, st\u00e5r kvar i m\u00e5lf\u00e5llan och v\u00e4ntar in sin syster Hanna, som efter att ha trillat och skadat sitt gev\u00e4r ligger klart sist i t\u00e4vlingen. N\u00e4r Hanna korsar m\u00e5llinjen f\u00f6renas systrarna i en k\u00e4nslosam omfamning. <\/p>\n<p class=\"normal\">Ett v\u00e4rdigt slut och ett fantastiskt minne vi b\u00e4r med oss.<\/p>\n<p class=\"normal\"><strong>Ny\u00e5rskaramell #2: Junior-VM och Saras guld i \u00d6stersund<\/strong><\/p>\n<p class=\"normal\">I slutet av februari f\u00f6rvandlades \u00d6stersund till samlingspunkten f\u00f6r framtidens stj\u00e4rnor n\u00e4r Junior-VM avgjordes p\u00e5 Nationalarenan. 458 skidskyttar fr\u00e5n 40 nationer gjorde under 18 t\u00e4vlingar upp om medaljerna \u2013 och m\u00e4sterskapet \u00f6ppnade med en pampig invigning i ett fullsatt Badhusparken d\u00e4r bland andra Theo stod f\u00f6r underh\u00e5llningen.<\/p>\n<p class=\"normal\">Det blev ett historiskt m\u00e4sterskap p\u00e5 m\u00e5nga s\u00e4tt. F\u00f6r f\u00f6rsta g\u00e5ngen n\u00e5gonsin direkts\u00e4nde SVT alla t\u00e4vlingar \u2013 till och med delar av Vasaloppss\u00e4ndningen flyttades f\u00f6r att ge plats \u00e5t Junior-VM. Och p\u00e5 arenan installerades led-sk\u00e4rmar ovanf\u00f6r fallm\u00e5len s\u00e5 publikan kunde f\u00f6lja med p\u00e5 b\u00e4sta s\u00e4tt. <\/p>\n<p class=\"normal\">Och vilken h\u00f6jdpunkt vi fick!<\/p>\n<p class=\"normal\">I sitt sista Junior-VM stod Sara Andersson f\u00f6r ett guldlopp som visade vilken m\u00e4stare hon \u00e4r. Med is i magen och full kontroll sk\u00f6t hon hem karri\u00e4rens tredje JVM-guld. Det blev en of\u00f6rgl\u00f6mlig vecka, och ett av m\u00e5nga \u00f6gonblick som visar att framtiden f\u00f6r svenskt skidskytte \u00e4r ljus.<\/p>\n<p class=\"normal\"><strong>Ny\u00e5rskaramell # 3: Nytt event- och prestationscenter<\/strong><\/p>\n<p class=\"normal\">En av svensk skidskyttes viktigaste milstolpar kom f\u00f6r bara ett par veckor sedan. Nu \u00e4r det \u00e4ntligen klart att vi bygger ett helt nytt event- och prestationscenter p\u00e5 Nationalarenan i \u00d6stersund. En framtidssatsning p\u00e5 \u00f6ver 100 miljoner kronor \u2013 och en av de st\u00f6rsta investeringarna i svensk skidskyttehistoria.<\/p>\n<p class=\"normal\">\u201dVi skapar en plats som ger hela skidskyttesverige nya m\u00f6jligheter att utvecklas \u2013 d\u00e4r tr\u00e4ning, forskning och innovation kan m\u00f6tas.\u201d \u2013 Sofia Domeij, ordf\u00f6rande Svenska Skidskyttef\u00f6rbundet <\/p>\n<p class=\"normal\">Det h\u00e4r handlar inte bara om en byggnad, utan om att st\u00e4rka helheten i v\u00e5r utvecklingsmilj\u00f6. Centret ger framtidens talanger b\u00e4ttre m\u00f6jligheter att v\u00e4xa, skapar b\u00e4sta m\u00f6jliga f\u00f6ruts\u00e4ttningar f\u00f6r v\u00e5ra aktiva och landslag \u2013 och l\u00e5ter oss forts\u00e4tta utveckla de evenemang som driver sporten fram\u00e5t. En investering som tar ett steg n\u00e4rmare dr\u00f6mmen om VM 2031.<\/p>\n<p class=\"normal\"><strong>Ny\u00e5rskaramell # 4: Dr\u00f6mmar om en b\u00e4ttre anl\u00e4ggning?<\/strong><\/p>\n<p class=\"normal\">Dr\u00f6mmer du ocks\u00e5 om en b\u00e4ttre anl\u00e4ggning? Vi kan f\u00f6rverkliga den! <\/p>\n<p class=\"normal\">T\u00e4nk er ett skidskyttesverige med moderna fullskaliga arenor. Anl\u00e4ggningar som g\u00f6r sporten tillg\u00e4nglig och ger m\u00f6jlighet att tr\u00e4na p\u00e5 lika villkor, oavsett var man bor i Sverige.<\/p>\n<p class=\"normal\">Det finns n\u00e4stan 10 miljoner kronor avsatta f\u00f6r det \u00e4ndam\u00e5let. S\u00e5 tveka inte att ans\u00f6ka \u2013 fonden finns f\u00f6r att din och andra f\u00f6reningar ska kunna h\u00f6ja niv\u00e5n p\u00e5 era skidskytteanl\u00e4ggningar. Kanske blir 2026 \u00e5ret d\u00e5 ni sl\u00e5r till och ans\u00f6ker.<\/p>\n<p class=\"normal\"><strong>Ny\u00e5rskaramell #5: Unga, l\u00e4ger och prova-p\u00e5<\/strong><\/p>\n<p class=\"normal\">2025 blev ett rekord\u00e5r f\u00f6r v\u00e5ra unga skidskyttar. P\u00e5 Sommar Camp i Idre Fj\u00e4ll samlades \u00f6ver 60 deltagare f\u00f6r en vecka fylld av tr\u00e4ning, gl\u00e4dje och nya v\u00e4nner \u2013 samtidigt som v\u00e5r nya ledarskapsutbildning f\u00f6r unga ledare drog ig\u00e5ng.<\/p>\n<p class=\"normal\">Sveaskog Camp fortsatte ocks\u00e5 att v\u00e4xa. Hela 133 ungdomar deltog p\u00e5 fem olika orter runt om i landet och flera f\u00f6reningar, som Garphyttan, har f\u00e5tt en ordentlig skjuts i sin verksamhet tack vare l\u00e4gren.<\/p>\n<p class=\"normal\">Intresset var rekordstort \u00e4ven utanf\u00f6r l\u00e4gerplatserna. Under \u00e5ret fick flera tusen chansen att prova p\u00e5 skidskytte, bland annat via v\u00e5ra konsulenter som arrangerat prova-p\u00e5-aktiviteter runt om i landet och genom Skidskytteutmaningen d\u00e4r vi d\u00f6k upp ute i l\u00e4ngdsp\u00e5ren. Bara i Stockholm, under Skidskyttekampen, fick \u00f6ver 3 500 testa skidskytte.<\/p>\n<p class=\"normal\">2025 visade att intresset f\u00f6r skidskytte \u00e4r starkare \u00e4n n\u00e5gonsin.<\/p>\n","protected":false},"excerpt":{"rendered":"Ny\u00e5rskaramell #1: Elviras magiska VM-guld i Lenzerheide. Veckorna innan VM l\u00e5g hon sjuk och var os\u00e4ker p\u00e5 om&hellip;\n","protected":false},"author":2,"featured_media":121551,"comment_status":"","ping_status":"","sticky":false,"template":"","format":"standard","meta":{"footnotes":""},"categories":[5],"tags":[22,23,26,27,17,21,24,25,28,29,15,16,18,34,31,33,32,30,19,20],"class_list":{"0":"post-121550","1":"post","2":"type-post","3":"status-publish","4":"format-standard","5":"has-post-thumbnail","7":"category-rubriker","8":"tag-breaking-news","9":"tag-breakingnews","10":"tag-featured-news","11":"tag-featurednews","12":"tag-headlines","13":"tag-huvudnyheter","14":"tag-latest-news","15":"tag-latestnews","16":"tag-main-news","17":"tag-mainnews","18":"tag-news","19":"tag-nyheter","20":"tag-rubriker","21":"tag-se","22":"tag-svenska","23":"tag-sverige","24":"tag-sweden","25":"tag-swedish","26":"tag-top-stories","27":"tag-topstories"},"share_on_mastodon":{"url":"https:\/\/pubeurope.com\/@se\/115813428950335035","error":""},"_links":{"self":[{"href":"https:\/\/www.europesays.com\/se\/wp-json\/wp\/v2\/posts\/121550","targetHints":{"allow":["GET"]}}],"collection":[{"href":"https:\/\/www.europesays.com\/se\/wp-json\/wp\/v2\/posts"}],"about":[{"href":"https:\/\/www.europesays.com\/se\/wp-json\/wp\/v2\/types\/post"}],"author":[{"embeddable":true,"href":"https:\/\/www.europesays.com\/se\/wp-json\/wp\/v2\/users\/2"}],"replies":[{"embeddable":true,"href":"https:\/\/www.europesays.com\/se\/wp-json\/wp\/v2\/comments?post=121550"}],"version-history":[{"count":0,"href":"https:\/\/www.europesays.com\/se\/wp-json\/wp\/v2\/posts\/121550\/revisions"}],"wp:featuredmedia":[{"embeddable":true,"href":"https:\/\/www.europesays.com\/se\/wp-json\/wp\/v2\/media\/121551"}],"wp:attachment":[{"href":"https:\/\/www.europesays.com\/se\/wp-json\/wp\/v2\/media?parent=121550"}],"wp:term":[{"taxonomy":"category","embeddable":true,"href":"https:\/\/www.europesays.com\/se\/wp-json\/wp\/v2\/categories?post=121550"},{"taxonomy":"post_tag","embeddable":true,"href":"https:\/\/www.europesays.com\/se\/wp-json\/wp\/v2\/tags?post=121550"}],"curies":[{"name":"wp","href":"https:\/\/api.w.org\/{rel}","templated":true}]}}