{"id":121558,"date":"2025-12-31T09:23:07","date_gmt":"2025-12-31T09:23:07","guid":{"rendered":"https:\/\/www.europesays.com\/se\/121558\/"},"modified":"2025-12-31T09:23:07","modified_gmt":"2025-12-31T09:23:07","slug":"atgardsvalsstudie-foreslas-for-vag-35-i-vastervik","status":"publish","type":"post","link":"https:\/\/www.europesays.com\/se\/121558\/","title":{"rendered":"\u00c5tg\u00e4rdsvalsstudie f\u00f6resl\u00e5s f\u00f6r v\u00e4g 35 i V\u00e4stervik"},"content":{"rendered":"<p class=\"long-read-first-paragraph\">&#8221;Vi \u00e4r besvikna p\u00e5 politikernas prioritering av v\u00e4g 35&#8221;, sade Magnus Nilsson, ordf\u00f6rande i V\u00e4sterviks f\u00f6retagsgrupp i en intervju.Han beskrev att n\u00e4r f\u00f6reningen haft dialog med regionen s\u00e5 l\u00e5g v\u00e4g 35 l\u00e5ngt fram i priolistan, n\u00e4r pl\u00f6tsligt ett stort projekt fr\u00e5n Oskarshamn placerades f\u00f6re.Karin Helmersson (C), regionr\u00e5d med ansvar f\u00f6r infrastruktur, h\u00e5ller inte med om <\/p>\n","protected":false},"excerpt":{"rendered":"&#8221;Vi \u00e4r besvikna p\u00e5 politikernas prioritering av v\u00e4g 35&#8221;, sade Magnus Nilsson, ordf\u00f6rande i V\u00e4sterviks f\u00f6retagsgrupp i en&hellip;\n","protected":false},"author":2,"featured_media":121559,"comment_status":"","ping_status":"","sticky":false,"template":"","format":"standard","meta":{"footnotes":""},"categories":[12],"tags":[22,23,26,27,17,21,24,25,28,29,15,16,18,34,31,33,32,30,19,20],"class_list":{"0":"post-121558","1":"post","2":"type-post","3":"status-publish","4":"format-standard","5":"has-post-thumbnail","7":"category-sverige","8":"tag-breaking-news","9":"tag-breakingnews","10":"tag-featured-news","11":"tag-featurednews","12":"tag-headlines","13":"tag-huvudnyheter","14":"tag-latest-news","15":"tag-latestnews","16":"tag-main-news","17":"tag-mainnews","18":"tag-news","19":"tag-nyheter","20":"tag-rubriker","21":"tag-se","22":"tag-svenska","23":"tag-sverige","24":"tag-sweden","25":"tag-swedish","26":"tag-top-stories","27":"tag-topstories"},"share_on_mastodon":{"url":"https:\/\/pubeurope.com\/@se\/115813456461421374","error":""},"_links":{"self":[{"href":"https:\/\/www.europesays.com\/se\/wp-json\/wp\/v2\/posts\/121558","targetHints":{"allow":["GET"]}}],"collection":[{"href":"https:\/\/www.europesays.com\/se\/wp-json\/wp\/v2\/posts"}],"about":[{"href":"https:\/\/www.europesays.com\/se\/wp-json\/wp\/v2\/types\/post"}],"author":[{"embeddable":true,"href":"https:\/\/www.europesays.com\/se\/wp-json\/wp\/v2\/users\/2"}],"replies":[{"embeddable":true,"href":"https:\/\/www.europesays.com\/se\/wp-json\/wp\/v2\/comments?post=121558"}],"version-history":[{"count":0,"href":"https:\/\/www.europesays.com\/se\/wp-json\/wp\/v2\/posts\/121558\/revisions"}],"wp:featuredmedia":[{"embeddable":true,"href":"https:\/\/www.europesays.com\/se\/wp-json\/wp\/v2\/media\/121559"}],"wp:attachment":[{"href":"https:\/\/www.europesays.com\/se\/wp-json\/wp\/v2\/media?parent=121558"}],"wp:term":[{"taxonomy":"category","embeddable":true,"href":"https:\/\/www.europesays.com\/se\/wp-json\/wp\/v2\/categories?post=121558"},{"taxonomy":"post_tag","embeddable":true,"href":"https:\/\/www.europesays.com\/se\/wp-json\/wp\/v2\/tags?post=121558"}],"curies":[{"name":"wp","href":"https:\/\/api.w.org\/{rel}","templated":true}]}}