{"id":121566,"date":"2025-12-31T09:30:11","date_gmt":"2025-12-31T09:30:11","guid":{"rendered":"https:\/\/www.europesays.com\/se\/121566\/"},"modified":"2025-12-31T09:30:11","modified_gmt":"2025-12-31T09:30:11","slug":"2026-aret-da-vi-maste-inse-att-odet-ligger-i-vara-egna-hander-ystads-allehanda","status":"publish","type":"post","link":"https:\/\/www.europesays.com\/se\/121566\/","title":{"rendered":"2026 \u2013\u00a0\u00e5ret d\u00e5 vi m\u00e5ste inse att \u00f6det ligger i v\u00e5ra egna h\u00e4nder \u2013 Ystads Allehanda"},"content":{"rendered":"<p>Det viktigaste ny\u00e5rsl\u00f6ftet 2026 \u00e4r att f\u00f6rst\u00e5 Ryssland b\u00e4ttre. <\/p>\n<p>Det h\u00e4r \u00e4r en kr\u00f6nika av en medarbetare p\u00e5 ledarredaktionen.Ystads Allehanda politiska etikett \u00e4r liberal.<\/p>\n<p>\u201dDet nuvarande kriget framst\u00e4lls av Putin som ett existentiellt krig f\u00f6r Ryssland; med andra ord kopplar han krig och krigsmakten till statens sj\u00e4lva existens. Detta \u00e4r ett eko fr\u00e5n \u00e5rhundraden tillbaka och visar att krigsmakten anses vara en integrerad del av den ryska staten. Implikationerna, b\u00e5de f\u00f6r Ryssland och dess omgivande l\u00e4nder, \u00e4r l\u00e5ngtg\u00e5ende.\u201d<\/p>\n<p>I ett par nyckelmeningar i aktuella \u201dRussian Military Thought&#8221; (Georgetown University Press) f\u00f6rklarar Gudrun Persson, forskningsledare vid  Totalf\u00f6rsvarets forskningsinstitut (FOI) vilken fiende det \u00e4r Ukraina och Europa m\u00f6ter. F\u00f6r Ryssland och Putin \u00e4r krig ett politiskt instrument bland andra f\u00f6r att uppn\u00e5 strategiska m\u00e5l. Och det fr\u00e4msta m\u00e5let f\u00f6r Putin \u00e4r att s\u00e4kra det ryska moderlandet, genom buffertzoner och expansion. <\/p>\n<p aria-disabled=\"true\" class=\"ad__preamble ad-text txt-style-muted txt-ui txt-ui--strong txt-ui-2\">Annons<\/p>\n<p>Oron f\u00f6r Nato fr\u00e5n rysk sida handlar inte om det som emellan\u00e5t sprids \u00e4ven av svenska debatt\u00f6rer, att Nato skulle inneb\u00e4ra ett invasionshot f\u00f6r Ryssland.  Hotet f\u00f6r Putins del ligger i att ett Nato-medlemskap tar bort m\u00f6jligheten att med milit\u00e4r kraft \u2013\u00a0krig \u2013 er\u00f6vra det land och den befolkning som inte underordnar sig den ryska ordningen. Ett Ukraina i Nato hade inte invaderats av Ryssland 2014 eller 2022. <\/p>\n<p aria-disabled=\"true\" class=\"ad__preamble ad-text txt-style-muted txt-ui txt-ui--strong txt-ui-2\">Annons<\/p>\n<p>Ett splittrat Nato d\u00e4r USA inte \u00e4r tydligt med att artikel fem \u2013\u00a0att ett v\u00e4pnat angrepp mot ett medlemsland ses som ett angrepp mot alla \u2013\u00a0verkligen g\u00e4ller, \u00e4r en putinistisk dr\u00f6m. Genom Donald Trump och JD Vance \u00e4r Vladimir Putin 2026 n\u00e4rmre den dr\u00f6mmen \u00e4n n\u00e5gon trodde var m\u00f6jligt f\u00f6r 20 \u00e5r sedan. F\u00f6r Putins planer \u00e4r inte nya, han spelar ett l\u00e5ngt spel. Och l\u00e4nge gjorde han det med sovande politiker i v\u00e4st. <\/p>\n<p><strong>Putin f\u00f6rklarade redan<\/strong> under ett tal p\u00e5 s\u00e4kerhetskonferensen i M\u00fcnchen 2007 <a class=\"article__content-link\" href=\"https:\/\/www.youtube.com\/watch?v=hQ58Yv6kP44\" rel=\"nofollow noopener\" target=\"_blank\">att v\u00e4rlden n\u00e5tt en punkt n\u00e4r den gamla s\u00e4kerhetsordningen m\u00e5ste rivas upp<\/a>. D\u00e5varande tyska f\u00f6rbundskanslern Angela Merkel, en av de n\u00e4rvarande, f\u00f6rstod inte den verkliga inneb\u00f6rden, f\u00e5 europeiska politiker gjorde det. Om de hade f\u00f6rst\u00e5tt hade inte Merkel och Tyskland \u00f6kat sitt ryska gasberoende och Sverige inte fortsatt med \u2013\u00a0<a class=\"article__content-link\" href=\"https:\/\/www.sverigesradio.se\/artikel\/1480101\" rel=\"nofollow noopener\" target=\"_blank\">och under borgerlig Alliansregering \u00f6kat hastigheten<\/a> i \u2013 <a class=\"article__content-link\" href=\"https:\/\/www.foi.se\/rest-api\/report\/FOI%20Memo%207249\" rel=\"nofollow noopener\" target=\"_blank\">nedrustningen av f\u00f6rsvaret<\/a>. <\/p>\n<p>P\u00e5 M\u00fcnchenkonferensen fanns en amerikansk republikansk senator som aldrig blev president, John McCain, med. Om n\u00e5gon f\u00f6rstod den verkliga inneb\u00f6rden var det han. Tio \u00e5r senare, 2017, slog McCain fast i en intervju med Australiensiska ABC: <a class=\"article__content-link\" href=\"https:\/\/www.youtube.com\/watch?v=2kDx67lmy3o\" rel=\"nofollow noopener\" target=\"_blank\">\u201dPutin \u00e4r det fr\u00e4msta hotet, v\u00e4rre \u00e4n IS.\u201d<\/a> Vid det laget hade ytterligare ett hot mot Europas s\u00e4kerhet dykt upp, Donald Trump. H\u00e4r kunde till och med Angela Merkel konstatera efter ett m\u00f6te med Trump: <a class=\"article__content-link\" href=\"https:\/\/www.bbc.com\/news\/world-europe-40078183\" rel=\"nofollow noopener\" target=\"_blank\">\u201dUSA \u00e4r inte l\u00e4ngre en p\u00e5litlig partner f\u00f6r Europa.<\/a>\u201d <\/p>\n<p aria-disabled=\"true\" class=\"ad__preamble ad-text txt-style-muted txt-ui txt-ui--strong txt-ui-2\">Annons<\/p>\n<p aria-disabled=\"true\" class=\"ad__preamble ad-text txt-style-muted txt-ui txt-ui--strong txt-ui-2\">Annons<\/p>\n<p><strong>Man kan inte med trov\u00e4rdighet h\u00e4vda att det saknades tid att reagera. <\/strong>Och \u00e4ven om f\u00f6rsvarsutgifterna steg efter Krim-annektering och kriget i \u00f6stra Ukraina, s\u00e5 var politikerna vid makten \u00f6verraskade n\u00e4r den fullskaliga invasionen kom i februari 2022. Det heter att allt f\u00f6r\u00e4ndrades den dagen, d\u00e5varande f\u00f6rsvarsminister Peter Hultqvist (S) gav 2025 till och med ut en bok som bar titeln <a class=\"article__content-link\" href=\"https:\/\/www.ystadsallehanda.se\/ledare\/hultqvist-partiet-och-sverige\/\" rel=\"nofollow noopener\" target=\"_blank\">\u201dN\u00e4r allt f\u00f6r\u00e4ndras\u201d<\/a>. <\/p>\n<p>Omvandlingen av Sveriges och Europas s\u00e4kerhetssituation har skett under l\u00e5ng tid och har knappast stannat av. I dag har vi en amerikansk president, invald f\u00f6r Republikanerna, som sj\u00e4lv f\u00f6rklarar att v\u00e4rlds- och s\u00e4kerhetsordningen m\u00e5ste byggas om och v\u00e4rlden delas upp i sf\u00e4rer. F\u00f6r USA, f\u00f6r Donald Trump och f\u00f6r JD Vance blir d\u00e5 Europa ett perifert intresse, best\u00e5ende av fri\u00e5kare p\u00e5 amerikanska skattebetalare. En av de fr\u00e4msta allierade, Danmark, <a class=\"article__content-link\" href=\"https:\/\/www.bbc.com\/news\/articles\/cr525e49m2do\" rel=\"nofollow noopener\" target=\"_blank\">pekas ut som en d\u00e5lig allierad<\/a> och USA g\u00f6r anspr\u00e5k p\u00e5 Gr\u00f6nland. <\/p>\n<p><strong>Numera har ledande<\/strong> politiker i Sverige och Europa \u2013\u00a0med n\u00e5gra undantag \u2013 f\u00f6rst\u00e5tt Ryssland och Putins avsikter. Inte tillr\u00e4ckligt f\u00f6r att st\u00f6dja Ukraina fullt ut s\u00e5 att Ryssland kan besegras, men tillr\u00e4ckligt f\u00f6r att kunna samlas kring att finansiera Ukrainas \u00f6verlevnad. <\/p>\n<blockquote class=\"article__blockquote\">\n<p class=\"article__blockquote-text txt-headline txt-headline-3\">2026 \u00e4r ett val\u00e5r f\u00f6r Sverige. Det kommer i alldeles f\u00f6r liten utstr\u00e4ckning att handla om hur Sverige och v\u00e5ra allierade i Norden och Europa ska st\u00e4rka oss milit\u00e4rt, psykologiskt och ekonomiskt. <\/p>\n<\/blockquote>\n<p aria-disabled=\"true\" class=\"ad__preamble ad-text txt-style-muted txt-ui txt-ui--strong txt-ui-2\">Annons<\/p>\n<p>Den amerikanske presidenten kan ses som ytterligare en v\u00e4ckarklocka f\u00f6r Europa. Det \u00e4r farligt att g\u00f6ra sig f\u00f6r beroende av en yttre part, som Europa har gjort med USA. Europa har gjort sig on\u00f6digt svagt med strypande regleringar, h\u00f6ga skatter, <a class=\"article__content-link\" href=\"https:\/\/www.ecb.europa.eu\/press\/economic-bulletin\/focus\/2024\/html\/ecb.ebbox202406_01~9c8418b554.en.html\" rel=\"nofollow noopener\" target=\"_blank\">l\u00e5g produktivitetsutveckling<\/a>, ryskt gasberoende, <a class=\"article__content-link\" href=\"https:\/\/ec.europa.eu\/newsroom\/eismea\/items\/826237\/en\" rel=\"nofollow noopener\" target=\"_blank\">l\u00e5g innovationsgrad<\/a>, h\u00f6ga utgifter f\u00f6r bidrag och l\u00e5ga f\u00f6r investeringar, <a class=\"article__content-link\" href=\"https:\/\/www.economist.com\/europe\/2025\/10\/02\/how-europe-crushes-innovation\" rel=\"nofollow noopener\" target=\"_blank\">stela arbetsmarknader<\/a>, illa fungerande integration och l\u00e5ga f\u00f6rsvarsutgifter. P\u00e5 f\u00f6rsvarsomr\u00e5det sker en del, men det r\u00e4cker inte om Europa ska bli en v\u00e4lm\u00e5ende tillv\u00e4xtregion med h\u00f6g och respekterad s\u00e4kerhetsf\u00f6rm\u00e5ga. <\/p>\n<p aria-disabled=\"true\" class=\"ad__preamble ad-text txt-style-muted txt-ui txt-ui--strong txt-ui-2\">Annons<\/p>\n<p><strong>2026 \u00e4r ett val\u00e5r f\u00f6r Sverige. <\/strong>Valdebatten borde handla om hur Sverige och v\u00e5ra allierade i Norden och Europa ska st\u00e4rka oss milit\u00e4rt, psykologiskt och ekonomiskt. Ryssland agerar redan i dag mot oss och mot v\u00e5ra allierade i Norden och Baltikum. <a class=\"article__content-link\" href=\"https:\/\/www.svt.se\/nyheter\/lokalt\/ost\/kraftig-okning-av-gps-storningar-sparas-till-ryssland\" rel=\"nofollow noopener\" target=\"_blank\">GPS-st\u00f6rningar<\/a> p\u00e5 \u00d6stersj\u00f6n, <a class=\"article__content-link\" href=\"https:\/\/www.svt.se\/nyheter\/utrikes\/estland-tre-ryska-stridsplan-krankte-luftrum\" rel=\"nofollow noopener\" target=\"_blank\">kr\u00e4nkningar av estniskt luftrum<\/a>, <a class=\"article__content-link\" href=\"https:\/\/www.fe-ddis.dk\/da\/nyheder\/2025\/rusland-er-ansvarlig-for-destruktive-og-forstyrrende-cyberangreb-mod-danmark\/\" rel=\"nofollow noopener\" target=\"_blank\">cyberattacker mot ett danskt vattenkraftverk och i samband med kommun- och regionvalet<\/a>, \u00e4r bara n\u00e5gra exempel. \u00c4nd\u00e5 ligger s\u00e4kerhetsfr\u00e5gorna och Rysslands hot inte h\u00f6gst p\u00e5 dagordningen; <a class=\"article__content-link\" href=\"https:\/\/www.svtplay.se\/video\/KNwv7GR\/agenda\/partiledardebatt-del-1\" rel=\"nofollow noopener\" target=\"_blank\">i den senaste partiledardebatten i SVT fanns inte fr\u00e5gan \u00f6ver huvud taget med<\/a>. Det i sig \u00e4r ett allvarligt svaghetstecken. <\/p>\n<p>Men det g\u00e5r att \u00e4ndra p\u00e5.<\/p>\n<p>Insikten m\u00e5ste v\u00e4xa om vad Ryssland \u00e4r, vad som \u00e4r v\u00e4rt att f\u00f6rsvara i v\u00e5ra v\u00e4steuropeiska samh\u00e4llen och hur starka vi kan bli med r\u00e4tt beslut. F\u00f6rhoppningsvis blir 2026 \u00e5ret d\u00e5 fler svenskar och europ\u00e9er inser det. <\/p>\n","protected":false},"excerpt":{"rendered":"Det viktigaste ny\u00e5rsl\u00f6ftet 2026 \u00e4r att f\u00f6rst\u00e5 Ryssland b\u00e4ttre. Det h\u00e4r \u00e4r en kr\u00f6nika av en medarbetare p\u00e5&hellip;\n","protected":false},"author":2,"featured_media":121567,"comment_status":"","ping_status":"","sticky":false,"template":"","format":"standard","meta":{"footnotes":""},"categories":[14],"tags":[22,23,26,27,17,21,24,25,28,29,15,16,18,34,31,33,32,30,19,20,51,52,53,54],"class_list":{"0":"post-121566","1":"post","2":"type-post","3":"status-publish","4":"format-standard","5":"has-post-thumbnail","7":"category-varlden","8":"tag-breaking-news","9":"tag-breakingnews","10":"tag-featured-news","11":"tag-featurednews","12":"tag-headlines","13":"tag-huvudnyheter","14":"tag-latest-news","15":"tag-latestnews","16":"tag-main-news","17":"tag-mainnews","18":"tag-news","19":"tag-nyheter","20":"tag-rubriker","21":"tag-se","22":"tag-svenska","23":"tag-sverige","24":"tag-sweden","25":"tag-swedish","26":"tag-top-stories","27":"tag-topstories","28":"tag-varlden","29":"tag-world","30":"tag-world-news","31":"tag-worldnews"},"share_on_mastodon":{"url":"https:\/\/pubeurope.com\/@se\/115813483964746830","error":""},"_links":{"self":[{"href":"https:\/\/www.europesays.com\/se\/wp-json\/wp\/v2\/posts\/121566","targetHints":{"allow":["GET"]}}],"collection":[{"href":"https:\/\/www.europesays.com\/se\/wp-json\/wp\/v2\/posts"}],"about":[{"href":"https:\/\/www.europesays.com\/se\/wp-json\/wp\/v2\/types\/post"}],"author":[{"embeddable":true,"href":"https:\/\/www.europesays.com\/se\/wp-json\/wp\/v2\/users\/2"}],"replies":[{"embeddable":true,"href":"https:\/\/www.europesays.com\/se\/wp-json\/wp\/v2\/comments?post=121566"}],"version-history":[{"count":0,"href":"https:\/\/www.europesays.com\/se\/wp-json\/wp\/v2\/posts\/121566\/revisions"}],"wp:featuredmedia":[{"embeddable":true,"href":"https:\/\/www.europesays.com\/se\/wp-json\/wp\/v2\/media\/121567"}],"wp:attachment":[{"href":"https:\/\/www.europesays.com\/se\/wp-json\/wp\/v2\/media?parent=121566"}],"wp:term":[{"taxonomy":"category","embeddable":true,"href":"https:\/\/www.europesays.com\/se\/wp-json\/wp\/v2\/categories?post=121566"},{"taxonomy":"post_tag","embeddable":true,"href":"https:\/\/www.europesays.com\/se\/wp-json\/wp\/v2\/tags?post=121566"}],"curies":[{"name":"wp","href":"https:\/\/api.w.org\/{rel}","templated":true}]}}