{"id":121568,"date":"2025-12-31T09:31:06","date_gmt":"2025-12-31T09:31:06","guid":{"rendered":"https:\/\/www.europesays.com\/se\/121568\/"},"modified":"2025-12-31T09:31:06","modified_gmt":"2025-12-31T09:31:06","slug":"man-dod-fick-trad-over-sig-svt-nyheter","status":"publish","type":"post","link":"https:\/\/www.europesays.com\/se\/121568\/","title":{"rendered":"Man d\u00f6d \u2013 fick tr\u00e4d \u00f6ver sig &#8211; SVT Nyheter"},"content":{"rendered":"<ol>\n<li><a href=\"https:\/\/news.google.com\/rss\/articles\/CBMiekFVX3lxTE1yWU5OZ0lOckhpZmg1UlBia1VBVDZPYjlPVDBEUFFBRmpaQ3FqdVc5dkoweFNHY2xvcmxRUVlFYU5TOGxlSVVuemUtcl9rcXJTUGdKY2dtX2tVaGtqQWlKOEhHMGJzR3B3aG9qclUtQW9FbE12RXVJLWxB?oc=5\" target=\"_blank\" rel=\"nofollow noopener\">Man d\u00f6d \u2013 fick tr\u00e4d \u00f6ver sig<\/a>&nbsp;&nbsp;SVT Nyheter<\/li>\n<li><a href=\"https:\/\/news.google.com\/rss\/articles\/CBMimgFBVV95cUxQMEhienB3QWd6VjQzekFTZ3lFLXB5aFBqczV0OFZOZFI2NGhueWdJY25jc0l5WFhsTUJNbU16WXBLd0xuQzVwa1FkbmFEOGpRclBNLW5BenNBb0hRSE5KRzFIUlhhX2xicEdWeGU4ZFNCb2YtWkdERUZtd2x2aXVVMExxaXZOc1pGc3JORXQ4RzRTMWdBVW96eFZn?oc=5\" target=\"_blank\" rel=\"nofollow noopener\">Tusentals l\u00e5nga str\u00f6mavbrott \u2013 trots att det inte \u00e4r till\u00e5tet<\/a>&nbsp;&nbsp;SVT Nyheter<\/li>\n<li><a href=\"https:\/\/news.google.com\/rss\/articles\/CBMic0FVX3lxTE5ZcmRBRkZrVDFfcUZYLWVQb2tJYWJUUC1JNzNoVUlHTkhBV0Y0RGpxWHlfNGlyQ3JwS1lzcWZXYUZxLUlYTmRhOWxpYzFFR1lSWERVVzltVlZ3SnJSMnpyTVNqOWwtemlOYUMzYU5fXzJ4cmM?oc=5\" target=\"_blank\" rel=\"nofollow noopener\">Ellevio erbjuder ers\u00e4ttning f\u00f6r hotellboende till kunder som fortfarande \u00e4r utan el p\u00e5 ny\u00e5rsafton<\/a>&nbsp;&nbsp;www.ellevio.se<\/li>\n<li><a href=\"https:\/\/news.google.com\/rss\/articles\/CBMimgFBVV95cUxNaEFVcmpoY01wRHFXZnV3MnFmWm10R1YtLXF1cEhpa2w5c1hJWHIxSVlBSHhid0RoYy0zdlA4aHFpS0kxQ2Zad2VWTzNPWWtGQ2o3X1lVaUxzODQ3SEIzb2puX3hxTUtBLUZPbkFTRWV1dWpLanliZWE4MWdZc1FXbjBORks3aG5pTTc5NF9PVmE1NVJGU0QxLTNn?oc=5\" target=\"_blank\" rel=\"nofollow noopener\">Mats fj\u00e4rde dygn i ett str\u00f6ml\u00f6st Tr\u00f6n\u00f6: \u201dHelt utl\u00e4mnad\u201d &#8211; P4 G\u00e4vleborg<\/a>&nbsp;&nbsp;Sveriges Radio<\/li>\n<li><a href=\"https:\/\/news.google.com\/rss\/articles\/CBMiowFBVV95cUxOazhraVp0RU9TZWhPanlvRGJ5ZHI1NGZBZEFQdElDV0RaQ3huYzBKZkpKTGcwbDRaQWM2aUtpMzFlU1hDNVhZcFg4WG1sXzZRS3BhVXlteTZVRTZmZ2l3TnlGMHZKbktIcmZraFgzdWY5N29aQzROcTdzbGRhREtGYVljeXpVaEFLZGVSc2UzSjA4Z2N1dlh6dEVOS2g0eHRYQTRB?oc=5\" target=\"_blank\" rel=\"nofollow noopener\">Familjen har varit utan el i fyra dygn: \u201dFantastiska grannar\u201d<\/a>&nbsp;&nbsp;Expressen<\/li>\n<\/ol>\n","protected":false},"excerpt":{"rendered":"Man d\u00f6d \u2013 fick tr\u00e4d \u00f6ver sig&nbsp;&nbsp;SVT Nyheter Tusentals l\u00e5nga str\u00f6mavbrott \u2013 trots att det inte \u00e4r till\u00e5tet&nbsp;&nbsp;SVT&hellip;\n","protected":false},"author":2,"featured_media":63854,"comment_status":"","ping_status":"","sticky":false,"template":"","format":"standard","meta":{"footnotes":""},"categories":[12],"tags":[22,23,26,27,17,21,24,25,28,29,15,16,18,34,31,33,32,30,19,20],"class_list":{"0":"post-121568","1":"post","2":"type-post","3":"status-publish","4":"format-standard","5":"has-post-thumbnail","7":"category-sverige","8":"tag-breaking-news","9":"tag-breakingnews","10":"tag-featured-news","11":"tag-featurednews","12":"tag-headlines","13":"tag-huvudnyheter","14":"tag-latest-news","15":"tag-latestnews","16":"tag-main-news","17":"tag-mainnews","18":"tag-news","19":"tag-nyheter","20":"tag-rubriker","21":"tag-se","22":"tag-svenska","23":"tag-sverige","24":"tag-sweden","25":"tag-swedish","26":"tag-top-stories","27":"tag-topstories"},"share_on_mastodon":{"url":"","error":""},"_links":{"self":[{"href":"https:\/\/www.europesays.com\/se\/wp-json\/wp\/v2\/posts\/121568","targetHints":{"allow":["GET"]}}],"collection":[{"href":"https:\/\/www.europesays.com\/se\/wp-json\/wp\/v2\/posts"}],"about":[{"href":"https:\/\/www.europesays.com\/se\/wp-json\/wp\/v2\/types\/post"}],"author":[{"embeddable":true,"href":"https:\/\/www.europesays.com\/se\/wp-json\/wp\/v2\/users\/2"}],"replies":[{"embeddable":true,"href":"https:\/\/www.europesays.com\/se\/wp-json\/wp\/v2\/comments?post=121568"}],"version-history":[{"count":0,"href":"https:\/\/www.europesays.com\/se\/wp-json\/wp\/v2\/posts\/121568\/revisions"}],"wp:featuredmedia":[{"embeddable":true,"href":"https:\/\/www.europesays.com\/se\/wp-json\/wp\/v2\/media\/63854"}],"wp:attachment":[{"href":"https:\/\/www.europesays.com\/se\/wp-json\/wp\/v2\/media?parent=121568"}],"wp:term":[{"taxonomy":"category","embeddable":true,"href":"https:\/\/www.europesays.com\/se\/wp-json\/wp\/v2\/categories?post=121568"},{"taxonomy":"post_tag","embeddable":true,"href":"https:\/\/www.europesays.com\/se\/wp-json\/wp\/v2\/tags?post=121568"}],"curies":[{"name":"wp","href":"https:\/\/api.w.org\/{rel}","templated":true}]}}