{"id":121592,"date":"2025-12-31T10:05:09","date_gmt":"2025-12-31T10:05:09","guid":{"rendered":"https:\/\/www.europesays.com\/se\/121592\/"},"modified":"2025-12-31T10:05:09","modified_gmt":"2025-12-31T10:05:09","slug":"svensk-man-gripen-med-hasch-i-magen","status":"publish","type":"post","link":"https:\/\/www.europesays.com\/se\/121592\/","title":{"rendered":"Svensk man gripen med hasch i magen"},"content":{"rendered":"<p><a data-test-tag=\"internal-link\" href=\"https:\/\/www.aftonbladet.se\/av\/johan-gunnarsson\" class=\"hyperion-css-13ns1rr\" rel=\"nofollow noopener\" target=\"\" aria-label=\"Se alla artiklar av Johan Gunnarsson\"><img decoding=\"async\" class=\"image-asset hyperion-css-n6kkq1\" data-test-tag=\"image-asset\" src=\"https:\/\/www.europesays.com\/se\/wp-content\/uploads\/2025\/12\/7519f857-6e69-40ca-af50-feb25c9cb290.png\"  alt=\"\"  loading=\"lazy\" fetchpriority=\"auto\" style=\"aspect-ratio:1900 \/ 1900\"\/><\/a>share-arrowDela<\/p>\n<p>unsaveSpara<\/p>\n<p>expand-left<\/p>\n<p>helsk\u00e4rm<img decoding=\"async\" class=\"image-asset hyperion-css-u06ts1\" data-test-tag=\"image-asset\" src=\"https:\/\/www.europesays.com\/se\/wp-content\/uploads\/2025\/12\/3aee0186-640d-4097-910e-5cbfa62de061.jpeg\"  alt=\"R\u00f6ntgenbilderna p\u00e5 mannens mage visade ett stort antal kapslar i form av ekollon.\"  loading=\"eager\" fetchpriority=\"high\" style=\"aspect-ratio:1500 \/ 788\"\/>R\u00f6ntgenbilderna p\u00e5 mannens mage visade ett stort antal kapslar i form av ekollon. Foto: Policia Nacional<\/p>\n<p class=\"hyperion-css-1shl3oz\" data-test-tag=\"lead-text\">En 61-\u00e5rig svensk man f\u00f6rdes till sjukhuset i spanska Melilla.<\/p>\n<p class=\"hyperion-css-1shl3oz\" data-test-tag=\"lead-text\">Han hade ont i magen.<\/p>\n<p class=\"hyperion-css-1shl3oz\" data-test-tag=\"lead-text\">Och 64 kapslar hasch.<\/p>\n<ul class=\"hyperion-css-e9gx76\" data-test-tag=\"list\">\n<li class=\"hyperion-css-1d843yr\">En 61-\u00e5rig svensk man blev inlagd p\u00e5 sjukhuset i Melilla d\u00e4r l\u00e4karna uppt\u00e4ckte och avl\u00e4gsnade 64 kapslar med hasch fr\u00e5n hans mage, vilket r\u00e4ddade hans liv.  <\/li>\n<li class=\"hyperion-css-1d843yr\">Mannen gripits av polisen misst\u00e4nkt f\u00f6r brott mot folkh\u00e4lsan efter att ha f\u00e5tt medicinsk behandling och observerats i 24 timmar.  <\/li>\n<li class=\"hyperion-css-1d843yr\">Melilla \u00e4r ett v\u00e4lk\u00e4nt nav f\u00f6r narkotikasmuggling, och mannen \u00e4r sedan tidigare k\u00e4nd av spansk polis f\u00f6r liknande brott.  <\/li>\n<\/ul>\n<p>L\u00e4s mer<\/p>\n<p class=\"hyperion-css-1v9qo5x\">Den svenska mannens bes\u00f6k i Spanien h\u00f6ll p\u00e5 att sluta riktigt illa i julhelgen. Enligt tidningen El Faro de Melilla uppgav l\u00e4karna att de r\u00e4ddade livet p\u00e5 61-\u00e5ringen n\u00e4r de plockade ut en stor m\u00e4ngd kapslar med hasch ur hans mage. Det visade sig att ett par omslagspapper hade lossnat, hamnat p\u00e5 villov\u00e4gar och t\u00e4ppt till en g\u00e5ng ner mot ljumsken och orsakat ett br\u00e5ck.<\/p>\n<p>Hittades p\u00e5 gatan<\/p>\n<p class=\"hyperion-css-1v9qo5x\">Mannen hade f\u00f6rts till sjukhuset Hospital Universitario med ambulans efter att en f\u00f6rbipasserande larmat om en person med sv\u00e5ra magsm\u00e4rtor p\u00e5 en gata i Melilla. Under en r\u00f6ntgenunders\u00f6kning s\u00e5g l\u00e4karna 64 kapslar i form av ekollon i mannens mage. Sammanlagt v\u00e4gde inneh\u00e5llet strax \u00f6ver 500 gram.<\/p>\n<p class=\"hyperion-css-1v9qo5x\">Efter behandling med bland annat laxermedel fick mannen stanna kvar p\u00e5 sjukhuset f\u00f6r observation i 24 timmar. D\u00e4refter f\u00f6rdes han \u00f6ver till polisen d\u00e4r han greps, i f\u00f6rsta hand som misst\u00e4nkt f\u00f6r brott mot folkh\u00e4lsan. Det \u00e4r \u00e4nnu oklart om polisens f\u00f6runders\u00f6kning ger anledning att \u00e4ndra p\u00e5 brottsrubriceringen. <\/p>\n<p>K\u00e4nd av polis<\/p>\n<p class=\"hyperion-css-1v9qo5x\">Melilla, en spansk exklav helt omgiven av Marocko i nordligaste delen av Afrika, har sedan flera \u00e5r fungerat som ett nav f\u00f6r narkotikasmugglare, b\u00e5de via land- och sj\u00f6v\u00e4gen. Den spanska polisen satsar nu stora resurser p\u00e5 att komma tillr\u00e4tta med gr\u00e4nskontrollerna.<\/p>\n<p class=\"hyperion-css-1v9qo5x\">Enligt El Faro de Melilla \u00e4r den svenske mannan k\u00e4nd av den spanska polisen sedan tidigare. Bland annat f\u00f6r ett liknande brott i Madrid tidigare i \u00e5r.<\/p>\n","protected":false},"excerpt":{"rendered":"share-arrowDela unsaveSpara expand-left helsk\u00e4rmR\u00f6ntgenbilderna p\u00e5 mannens mage visade ett stort antal kapslar i form av ekollon. Foto: Policia&hellip;\n","protected":false},"author":2,"featured_media":121593,"comment_status":"","ping_status":"","sticky":false,"template":"","format":"standard","meta":{"footnotes":""},"categories":[5],"tags":[22,23,26,27,17,21,24,25,28,29,15,16,18,34,31,33,32,30,19,20],"class_list":{"0":"post-121592","1":"post","2":"type-post","3":"status-publish","4":"format-standard","5":"has-post-thumbnail","7":"category-rubriker","8":"tag-breaking-news","9":"tag-breakingnews","10":"tag-featured-news","11":"tag-featurednews","12":"tag-headlines","13":"tag-huvudnyheter","14":"tag-latest-news","15":"tag-latestnews","16":"tag-main-news","17":"tag-mainnews","18":"tag-news","19":"tag-nyheter","20":"tag-rubriker","21":"tag-se","22":"tag-svenska","23":"tag-sverige","24":"tag-sweden","25":"tag-swedish","26":"tag-top-stories","27":"tag-topstories"},"share_on_mastodon":{"url":"https:\/\/pubeurope.com\/@se\/115813621651377400","error":""},"_links":{"self":[{"href":"https:\/\/www.europesays.com\/se\/wp-json\/wp\/v2\/posts\/121592","targetHints":{"allow":["GET"]}}],"collection":[{"href":"https:\/\/www.europesays.com\/se\/wp-json\/wp\/v2\/posts"}],"about":[{"href":"https:\/\/www.europesays.com\/se\/wp-json\/wp\/v2\/types\/post"}],"author":[{"embeddable":true,"href":"https:\/\/www.europesays.com\/se\/wp-json\/wp\/v2\/users\/2"}],"replies":[{"embeddable":true,"href":"https:\/\/www.europesays.com\/se\/wp-json\/wp\/v2\/comments?post=121592"}],"version-history":[{"count":0,"href":"https:\/\/www.europesays.com\/se\/wp-json\/wp\/v2\/posts\/121592\/revisions"}],"wp:featuredmedia":[{"embeddable":true,"href":"https:\/\/www.europesays.com\/se\/wp-json\/wp\/v2\/media\/121593"}],"wp:attachment":[{"href":"https:\/\/www.europesays.com\/se\/wp-json\/wp\/v2\/media?parent=121592"}],"wp:term":[{"taxonomy":"category","embeddable":true,"href":"https:\/\/www.europesays.com\/se\/wp-json\/wp\/v2\/categories?post=121592"},{"taxonomy":"post_tag","embeddable":true,"href":"https:\/\/www.europesays.com\/se\/wp-json\/wp\/v2\/tags?post=121592"}],"curies":[{"name":"wp","href":"https:\/\/api.w.org\/{rel}","templated":true}]}}