{"id":121598,"date":"2025-12-31T10:10:35","date_gmt":"2025-12-31T10:10:35","guid":{"rendered":"https:\/\/www.europesays.com\/se\/121598\/"},"modified":"2025-12-31T10:10:35","modified_gmt":"2025-12-31T10:10:35","slug":"laga-elpriser-i-norr-i-ar-25-procent-dyrare-i-soder","status":"publish","type":"post","link":"https:\/\/www.europesays.com\/se\/121598\/","title":{"rendered":"L\u00e5ga elpriser i norr i \u00e5r \u2013\u00a025 procent dyrare i s\u00f6der"},"content":{"rendered":"<p>Sveriges elf\u00f6rbrukning minskade \u00e4ven i \u00e5r, trots elektrifieringen, skriver TT. <\/p>\n<p>V\u00e4lfyllda vattenmagasin gav rekordl\u00e5ga priser i norr under sommaren och totalt sett sj\u00f6nk elpriserna med 30 procent i regionen under \u00e5ret. I elomr\u00e5de 3 och 4 (Svealand och G\u00f6taland) blev elen i\u202fst\u00e4llet 25 procent dyrare, enligt prelimin\u00e4ra siffror fr\u00e5n Energif\u00f6retagen.  <\/p>\n<p>En begr\u00e4nsad \u00f6verf\u00f6ringskapacitet ligger bakom utvecklingen, enligt Energif\u00f6retagens analytiker Magnus Thorstensson. <\/p>\n<p>Vattenkraften \u00f6kade \u00f6verl\u00e4gset mest under \u00e5ret och mer \u00e4n 2024, samtidigt som solkraften slog nya rekord. K\u00e4rnkraften hade ett s\u00e4mre \u00e5r, fr\u00e4mst p\u00e5 grund av den mer \u00e4n halv\u00e5rsl\u00e5nga nedst\u00e4ngningen av Oskarshamnsverket. \u00c4ven vindkraften minskade j\u00e4mf\u00f6rt med i fjol. <\/p>\n<p>Omni \u00e4r politiskt obundna och oberoende. Vi str\u00e4var efter att ge fler perspektiv p\u00e5 nyheterna. Har du fr\u00e5gor eller synpunkter kring v\u00e5r rapportering? <a href=\"https:\/\/omni.se\/rekordlaga-elpriser-i-norr-25-procent-dyrare-i-soder\/a\/mailto:redaktion@omni.se\" class=\"ArticleActions_contactLink__W2F1M\" rel=\"nofollow noopener\" target=\"_blank\">Kontakta redaktionen<\/a><\/p>\n","protected":false},"excerpt":{"rendered":"Sveriges elf\u00f6rbrukning minskade \u00e4ven i \u00e5r, trots elektrifieringen, skriver TT. V\u00e4lfyllda vattenmagasin gav rekordl\u00e5ga priser i norr under&hellip;\n","protected":false},"author":2,"featured_media":121599,"comment_status":"","ping_status":"","sticky":false,"template":"","format":"standard","meta":{"footnotes":""},"categories":[65],"tags":[72,70,71,2302,291,5944,349,34,31,33,32,30],"class_list":{"0":"post-121598","1":"post","2":"type-post","3":"status-publish","4":"format-standard","5":"has-post-thumbnail","7":"category-ekonomi","8":"tag-business","9":"tag-economy","10":"tag-ekonomi","11":"tag-elpriser","12":"tag-energi-ravaror","13":"tag-energiforetagen","14":"tag-privatekonomi","15":"tag-se","16":"tag-svenska","17":"tag-sverige","18":"tag-sweden","19":"tag-swedish"},"share_on_mastodon":{"url":"https:\/\/pubeurope.com\/@se\/115813641232365583","error":""},"_links":{"self":[{"href":"https:\/\/www.europesays.com\/se\/wp-json\/wp\/v2\/posts\/121598","targetHints":{"allow":["GET"]}}],"collection":[{"href":"https:\/\/www.europesays.com\/se\/wp-json\/wp\/v2\/posts"}],"about":[{"href":"https:\/\/www.europesays.com\/se\/wp-json\/wp\/v2\/types\/post"}],"author":[{"embeddable":true,"href":"https:\/\/www.europesays.com\/se\/wp-json\/wp\/v2\/users\/2"}],"replies":[{"embeddable":true,"href":"https:\/\/www.europesays.com\/se\/wp-json\/wp\/v2\/comments?post=121598"}],"version-history":[{"count":0,"href":"https:\/\/www.europesays.com\/se\/wp-json\/wp\/v2\/posts\/121598\/revisions"}],"wp:featuredmedia":[{"embeddable":true,"href":"https:\/\/www.europesays.com\/se\/wp-json\/wp\/v2\/media\/121599"}],"wp:attachment":[{"href":"https:\/\/www.europesays.com\/se\/wp-json\/wp\/v2\/media?parent=121598"}],"wp:term":[{"taxonomy":"category","embeddable":true,"href":"https:\/\/www.europesays.com\/se\/wp-json\/wp\/v2\/categories?post=121598"},{"taxonomy":"post_tag","embeddable":true,"href":"https:\/\/www.europesays.com\/se\/wp-json\/wp\/v2\/tags?post=121598"}],"curies":[{"name":"wp","href":"https:\/\/api.w.org\/{rel}","templated":true}]}}