{"id":121600,"date":"2025-12-31T10:12:17","date_gmt":"2025-12-31T10:12:17","guid":{"rendered":"https:\/\/www.europesays.com\/se\/121600\/"},"modified":"2025-12-31T10:12:17","modified_gmt":"2025-12-31T10:12:17","slug":"tank-pa-gutavallen-oppet-07-till-23","status":"publish","type":"post","link":"https:\/\/www.europesays.com\/se\/121600\/","title":{"rendered":"Tank p\u00e5 Gutavallen \u2013 \u00f6ppet 07 till 23"},"content":{"rendered":"<p>Vattentanken st\u00e5r inte l\u00e4ngre kvar p\u00e5 parkeringen p\u00e5 \u00d6ster, utan har flyttats till Gutavallen. Foto Tommy S\u00f6derlund.\u00a0<\/p>\n<p>\u00a0<\/p>\n<p><strong>Tanken med dricksvatten i Visby har i dag tisdag flyttats till Gutavallen. Detta inneb\u00e4r att vatten kan h\u00e4mtas mellan kl 07 och 23 \u2013 \u00f6vriga tider \u00e4r grindarna st\u00e4ngda.<\/strong><\/p>\n<p>Dricksvattentanken som placerats ut i Visby med anledning av att det finns parasiter i det kommunala vattenledningssystemet i Visby, V\u00e4skinde, Sj\u00e4ls\u00f6, Brissund, Vibble och V\u00e4sterhejde har hittills st\u00e5tt placerad p\u00e5 parkeringen utanf\u00f6r Coop p\u00e5 \u00d6ster i Visby. N\u00e4r temperaturerna nu sjunker inf\u00f6r ny\u00e5r vill regionen s\u00e4kerst\u00e4lla att man har tillg\u00e5ng till el f\u00f6r att kunna h\u00e5lla kranar och r\u00f6r s\u00e5 pass varma att de inte fryser s\u00f6nder.<\/p>\n<p>I g\u00e5r meddelades d\u00e4rmed att tanken ska flyttas, och i dag meddelades det vart den ska flyttas. Det blir till Gutavallen p\u00e5 Kung Magnus v\u00e4g 2 i Visby.<\/p>\n<p>Den som vill h\u00e4mta vatten kan nu k\u00f6ra in med bil p\u00e5 Gutavallens s\u00f6dra ing\u00e5ng, l\u00e4ngs Kung Magnus v\u00e4g.<\/p>\n<p>                                        Annons<br \/>\n                                        <a href=\"https:\/\/www.kraenku.se\" target=\"_blank\" data-tracking-id=\"left4\" rel=\"nofollow noopener\"><img decoding=\"async\" src=\"https:\/\/usercontent.one\/wp\/www.horisontmagasin.se\/wp-content\/uploads\/2024\/11\/Kranku-840-x-200.png?media=1766356387\" alt=\"Annons\" class=\"img-fluid mx-auto d-block lazyload\" bad-src=\"data:image\/svg+xml;base64,PHN2ZyB3aWR0aD0iMSIgaGVpZ2h0PSIxIiB4bWxucz0iaHR0cDovL3d3dy53My5vcmcvMjAwMC9zdmciPjwvc3ZnPg==\"\/><\/a>                                    <\/p>\n<p>Grindarna kommer att vara \u00f6ppna mellan klockan 07 och 23; \u00f6vrig tid p\u00e5 dygnet g\u00e5r det allts\u00e5 inte att h\u00e4mta vatten. &#8221;Observera att grindarna st\u00e4ngs automatiskt klockan 23.00&#8221;, skriver Region Gotland p\u00e5 sin hemsida.<\/p>\n<p>\u00a0<\/p>\n<p><strong>L\u00e4s mer:\u00a0<\/strong><\/p>\n<p><a href=\"https:\/\/www.horisontmagasin.se\/2025\/12\/29\/vattentanken-flyttas-annu-oklart-vart\/\" rel=\"nofollow noopener\" target=\"_blank\"><strong>Vattentanken flyttas \u2013 \u00e4nnu oklart vart<\/strong><\/a> (Horisont 29 december 2025)<\/p>\n<p><a href=\"https:\/\/www.horisontmagasin.se\/2025\/12\/22\/laga-nivaer-av-parasiter-kokuppmaning-kvarstar\/\" rel=\"nofollow noopener\" target=\"_blank\"><strong>\u00c4nnu oklart om parasiterna \u00e4r farliga<\/strong> <\/a>(Horisont 22 december 2025)<\/p>\n<p><a href=\"https:\/\/www.horisontmagasin.se\/2025\/12\/19\/visbybor-kan-hamta-dricksvatten-fran-tank\/\" rel=\"nofollow noopener\" target=\"_blank\"><strong>Dricksvattentank st\u00e4lls ut f\u00f6r Visbybor<\/strong><\/a> (Horisont 21 december 2025)<\/p>\n<p><a href=\"https:\/\/www.horisontmagasin.se\/2025\/12\/19\/vatten-bor-kokas-aven-till-djuren\/\" rel=\"nofollow noopener\" target=\"_blank\"><strong>Vattnet b\u00f6r kokas \u00e4ven till djuren<\/strong> <\/a>(Horisont 19 december 2025)<\/p>\n<p><a href=\"https:\/\/www.horisontmagasin.se\/2025\/12\/17\/vi-kommer-att-fa-koka-vatten-over-jul\/\" rel=\"nofollow noopener\" target=\"_blank\"><strong>&#8221;Vi kommer att f\u00e5 koka vatten \u00f6ver jul&#8221;<\/strong><\/a> (Horisont 17 december 2025)<\/p>\n<p><a href=\"https:\/\/www.horisontmagasin.se\/2025\/12\/15\/filter-testas-i-ledningarna-vattnet-ska-annu-kokas\/\" rel=\"nofollow noopener\" target=\"_blank\"><strong>Filter testas i ledningar \u2013 fortsatt kokning g\u00e4ller<\/strong> <\/a>(Horisont 15 december 2025)<\/p>\n<p><a href=\"https:\/\/www.horisontmagasin.se\/2025\/12\/03\/visbybor-uppmanas-koka-sitt-kranvatten\/\" rel=\"nofollow noopener\" target=\"_blank\"><strong>Vattnet m\u00e5ste kokas: &#8221;Avvikelse kr\u00e4ver \u00e5tg\u00e4rder&#8221;<\/strong><\/a> (Horisont 3 december 2025)<\/p>\n<p>\u2014 \u2014 \u2014<\/p>\n<p><a style=\"color: #008000\" href=\"https:\/\/www.horisontmagasin.se\/2025\/12\/30\/tank-pa-gutavallen-oppet-07-till-23\/mailto:redaktion@hpress.se\" rel=\"nofollow noopener\" target=\"_blank\"><strong>VEM ELLER VAD<\/strong><\/a> vill du l\u00e4sa mer om? Har du tips p\u00e5 sp\u00e4nnande m\u00e4nniskor eller h\u00e4ndelser som vi b\u00f6r gr\u00e4va i? Mejla Horisonts redaktion p\u00e5 <a style=\"color: #008000\" href=\"https:\/\/www.horisontmagasin.se\/2025\/12\/30\/tank-pa-gutavallen-oppet-07-till-23\/mailto:redaktion@hpress.se\" rel=\"nofollow noopener\" target=\"_blank\"><strong>redaktion@hpress.se<\/strong><\/a>!<\/p>\n<p>\u2014 \u2014 \u2014<\/p>\n<p><a style=\"color: #008000\" href=\"https:\/\/sub.unseald.com\/checkout\/horisontmagasin_se\" rel=\"nofollow noopener\" target=\"_blank\"><b>PRENUMERERA<\/b><\/a>\u00a0f\u00f6r att f\u00e5 tillg\u00e5ng till Horisont magasin och allt premiummaterial p\u00e5 sajten.<\/p>\n<p>\u2014 \u2014 \u2014<\/p>\n<p><a href=\"https:\/\/gansub.com\/s\/yOCsZ0O6J8LckzvxW\/\" rel=\"nofollow noopener\" target=\"_blank\"><b>HORISONTS NYHETSBREV<\/b><\/a>\u00a0skickas ut helt gratis varje vardagsmorgon med en sammanfattning av de senaste Gotlandsnyheterna. Registrera dig via l\u00e4nken.<\/p>\n","protected":false},"excerpt":{"rendered":"Vattentanken st\u00e5r inte l\u00e4ngre kvar p\u00e5 parkeringen p\u00e5 \u00d6ster, utan har flyttats till Gutavallen. Foto Tommy S\u00f6derlund.\u00a0 \u00a0&hellip;\n","protected":false},"author":2,"featured_media":121601,"comment_status":"","ping_status":"","sticky":false,"template":"","format":"standard","meta":{"footnotes":""},"categories":[12],"tags":[22,23,26,27,17,21,12869,24,25,28,29,15,16,12870,18,34,31,33,32,30,12796,19,20,4412,12887,11354],"class_list":{"0":"post-121600","1":"post","2":"type-post","3":"status-publish","4":"format-standard","5":"has-post-thumbnail","7":"category-sverige","8":"tag-breaking-news","9":"tag-breakingnews","10":"tag-featured-news","11":"tag-featurednews","12":"tag-headlines","13":"tag-huvudnyheter","14":"tag-kokrekommendation","15":"tag-latest-news","16":"tag-latestnews","17":"tag-main-news","18":"tag-mainnews","19":"tag-news","20":"tag-nyheter","21":"tag-parasiter","22":"tag-rubriker","23":"tag-se","24":"tag-svenska","25":"tag-sverige","26":"tag-sweden","27":"tag-swedish","28":"tag-tank","29":"tag-top-stories","30":"tag-topstories","31":"tag-vatten","32":"tag-vattentank","33":"tag-visby"},"share_on_mastodon":{"url":"https:\/\/pubeurope.com\/@se\/115813649167801775","error":""},"_links":{"self":[{"href":"https:\/\/www.europesays.com\/se\/wp-json\/wp\/v2\/posts\/121600","targetHints":{"allow":["GET"]}}],"collection":[{"href":"https:\/\/www.europesays.com\/se\/wp-json\/wp\/v2\/posts"}],"about":[{"href":"https:\/\/www.europesays.com\/se\/wp-json\/wp\/v2\/types\/post"}],"author":[{"embeddable":true,"href":"https:\/\/www.europesays.com\/se\/wp-json\/wp\/v2\/users\/2"}],"replies":[{"embeddable":true,"href":"https:\/\/www.europesays.com\/se\/wp-json\/wp\/v2\/comments?post=121600"}],"version-history":[{"count":0,"href":"https:\/\/www.europesays.com\/se\/wp-json\/wp\/v2\/posts\/121600\/revisions"}],"wp:featuredmedia":[{"embeddable":true,"href":"https:\/\/www.europesays.com\/se\/wp-json\/wp\/v2\/media\/121601"}],"wp:attachment":[{"href":"https:\/\/www.europesays.com\/se\/wp-json\/wp\/v2\/media?parent=121600"}],"wp:term":[{"taxonomy":"category","embeddable":true,"href":"https:\/\/www.europesays.com\/se\/wp-json\/wp\/v2\/categories?post=121600"},{"taxonomy":"post_tag","embeddable":true,"href":"https:\/\/www.europesays.com\/se\/wp-json\/wp\/v2\/tags?post=121600"}],"curies":[{"name":"wp","href":"https:\/\/api.w.org\/{rel}","templated":true}]}}