{"id":121602,"date":"2025-12-31T10:13:09","date_gmt":"2025-12-31T10:13:09","guid":{"rendered":"https:\/\/www.europesays.com\/se\/121602\/"},"modified":"2025-12-31T10:13:09","modified_gmt":"2025-12-31T10:13:09","slug":"ar-med-iranska-demonstranter-pa-plats","status":"publish","type":"post","link":"https:\/\/www.europesays.com\/se\/121602\/","title":{"rendered":"\u00c4r med iranska demonstranter \u201dp\u00e5 plats\u201d"},"content":{"rendered":"<p>share-arrowDela<\/p>\n<p>unsaveSpara<\/p>\n<p>expand-left<\/p>\n<p>helsk\u00e4rm<img decoding=\"async\" class=\"image-asset hyperion-css-u06ts1\" data-test-tag=\"image-asset\" src=\"https:\/\/www.europesays.com\/se\/wp-content\/uploads\/2025\/12\/afca45b4-022f-49f5-b2e3-1b769e1f9bc8.jpeg\"  alt=\"Demonstranter i centrala Teheran \u2013 den iranska huvudstaden.\"  loading=\"eager\" fetchpriority=\"high\" style=\"aspect-ratio:1900 \/ 1267\"\/>Demonstranter i centrala Teheran \u2013 den iranska huvudstaden. Foto: Fars News Agency Via AP\/TT<\/p>\n<p class=\"hyperion-css-1shl3oz\" data-test-tag=\"lead-text\">De iranska protesterna som v\u00e4nder sig mot landets usla ekonomi och som samlat tusentals demonstranter p\u00e5 flera h\u00e5ll i landet \u00e4r \u201df\u00f6rst\u00e5eliga\u201d enligt landets riks\u00e5klagare, som samtidigt h\u00f6jer ett varningens finger.<\/p>\n<p class=\"hyperion-css-1v9qo5x\">\u2013 Alla f\u00f6rs\u00f6k att f\u00f6rvandla ekonomiska protester till ett verktyg f\u00f6r os\u00e4kerhet, f\u00f6rst\u00f6relse av offentlig egendom eller genomf\u00f6rande av externt utformade scenarier kommer oundvikligen att bem\u00f6tas med ett lagligt, proportionerligt och beslutsamt svar, s\u00e4ger han i statliga medier.<\/p>\n<p class=\"hyperion-css-1v9qo5x\">Varningen kommer samtidigt som Israels underr\u00e4ttelsetj\u00e4nst Mossad uppmanar demonstranterna att forts\u00e4tta protestera. P\u00e5 sitt persiskspr\u00e5kiga X-konto skriver Mossad:<\/p>\n<p class=\"hyperion-css-1v9qo5x\">\u201dG\u00e5 ut p\u00e5 gatorna tillsammans. Tiden \u00e4r kommen. Vi \u00e4r med er. Inte bara p\u00e5 avst\u00e5nd eller genom ord. Vi \u00e4r ocks\u00e5 med er p\u00e5 plats.\u201d<\/p>\n","protected":false},"excerpt":{"rendered":"share-arrowDela unsaveSpara expand-left helsk\u00e4rmDemonstranter i centrala Teheran \u2013 den iranska huvudstaden. Foto: Fars News Agency Via AP\/TT De&hellip;\n","protected":false},"author":2,"featured_media":121603,"comment_status":"","ping_status":"","sticky":false,"template":"","format":"standard","meta":{"footnotes":""},"categories":[5],"tags":[22,23,26,27,17,21,24,25,28,29,15,16,18,34,31,33,32,30,19,20],"class_list":{"0":"post-121602","1":"post","2":"type-post","3":"status-publish","4":"format-standard","5":"has-post-thumbnail","7":"category-rubriker","8":"tag-breaking-news","9":"tag-breakingnews","10":"tag-featured-news","11":"tag-featurednews","12":"tag-headlines","13":"tag-huvudnyheter","14":"tag-latest-news","15":"tag-latestnews","16":"tag-main-news","17":"tag-mainnews","18":"tag-news","19":"tag-nyheter","20":"tag-rubriker","21":"tag-se","22":"tag-svenska","23":"tag-sverige","24":"tag-sweden","25":"tag-swedish","26":"tag-top-stories","27":"tag-topstories"},"share_on_mastodon":{"url":"https:\/\/pubeurope.com\/@se\/115813653059986253","error":""},"_links":{"self":[{"href":"https:\/\/www.europesays.com\/se\/wp-json\/wp\/v2\/posts\/121602","targetHints":{"allow":["GET"]}}],"collection":[{"href":"https:\/\/www.europesays.com\/se\/wp-json\/wp\/v2\/posts"}],"about":[{"href":"https:\/\/www.europesays.com\/se\/wp-json\/wp\/v2\/types\/post"}],"author":[{"embeddable":true,"href":"https:\/\/www.europesays.com\/se\/wp-json\/wp\/v2\/users\/2"}],"replies":[{"embeddable":true,"href":"https:\/\/www.europesays.com\/se\/wp-json\/wp\/v2\/comments?post=121602"}],"version-history":[{"count":0,"href":"https:\/\/www.europesays.com\/se\/wp-json\/wp\/v2\/posts\/121602\/revisions"}],"wp:featuredmedia":[{"embeddable":true,"href":"https:\/\/www.europesays.com\/se\/wp-json\/wp\/v2\/media\/121603"}],"wp:attachment":[{"href":"https:\/\/www.europesays.com\/se\/wp-json\/wp\/v2\/media?parent=121602"}],"wp:term":[{"taxonomy":"category","embeddable":true,"href":"https:\/\/www.europesays.com\/se\/wp-json\/wp\/v2\/categories?post=121602"},{"taxonomy":"post_tag","embeddable":true,"href":"https:\/\/www.europesays.com\/se\/wp-json\/wp\/v2\/tags?post=121602"}],"curies":[{"name":"wp","href":"https:\/\/api.w.org\/{rel}","templated":true}]}}