{"id":121608,"date":"2025-12-31T10:21:07","date_gmt":"2025-12-31T10:21:07","guid":{"rendered":"https:\/\/www.europesays.com\/se\/121608\/"},"modified":"2025-12-31T10:21:07","modified_gmt":"2025-12-31T10:21:07","slug":"politikernas-nyarslofte-borde-vara-att-be-transpersoner-om-ursakt","status":"publish","type":"post","link":"https:\/\/www.europesays.com\/se\/121608\/","title":{"rendered":"Politikernas ny\u00e5rsl\u00f6fte borde vara att be transpersoner om urs\u00e4kt"},"content":{"rendered":"<p>\n                    Riksdagsdebatt om den nya k\u00f6nstillh\u00f6righetslagen 2024 mellan Carita Boulen (SD) och Martina Johansson (C). Foto: Samuel St\u00e9en\/TT\n            <\/p>\n<p class=\"article__sublead\">Debatten om k\u00f6nstillh\u00f6righetslagen har varit full av ogrundade p\u00e5st\u00e5enden, skriver Cleo Grundberg och uppmanar politikerna att rannsaka sig sj\u00e4lva och be om urs\u00e4kt till transpersoner.<\/p>\n<p class=\"article__paragraph\">I somras blev vi det sista landet i norden att modernisera v\u00e5r k\u00f6nstillh\u00f6righetslag. B\u00e4ttre sent \u00e4n aldrig, som man s\u00e4ger.<\/p>\n<p class=\"article__paragraph\">Men v\u00e4gen dit blev allt annat \u00e4n sm\u00e4rtfritt. Regeringen splittrades. Br\u00e5k uppstod inom Moderaterna och Annika Strandh\u00e4ll (S) argumenterade \u00f6ppet emot sitt parti.<\/p>\n<p class=\"article__paragraph\"><strong>Mitt i allt <\/strong>riktades str\u00e5lkastarljuset mot transpersoner. En liten minoritetsgrupp som skaver hos konservativa v\u00e4rlden \u00f6ver. Transpersoners erfarenheter ifr\u00e5gasattes, likas\u00e5 transv\u00e5rd och k\u00f6nsdysfori.<\/p>\n<p class=\"article__paragraph\">L\u00e4ngst fram stod Sverigedemokraterna och Kristdemokraterna som h\u00f6gt uttryckte sitt missn\u00f6je. De slog larm om biologiska m\u00e4n i kvinnliga omkl\u00e4dningsrum och att juridiska k\u00f6nsbyten kunde leda till irreversibla ingrepp p\u00e5 barn. \u00c4n idag g\u00e5r de ut i media och lovar att riva upp lagen om de f\u00e5r chansen.<br \/>I det stora hela var det inte ens en debatt. Det var en smutskastning som misst\u00e4nkliggjorde transpersoner i kulturkrigets anda. Men varf\u00f6r?<\/p>\n<p class=\"article__paragraph\"><strong>Nya siffror visar <\/strong>att <a href=\"https:\/\/www.sverigesradio.se\/artikel\/fler-byter-juridiskt-kon-efter-lagandring-en-lattnad\" target=\"_blank\" rel=\"noopener nofollow\">n\u00e4rmast 1\u00a0280 ans\u00f6kningar om juridiskt k\u00f6nsbyte<\/a> har kommit in till Socialstyrelsen sedan lagf\u00f6r\u00e4ndringen. Trots att det \u00e4r en f\u00f6rdubbling kan det knappast kallas f\u00f6r en lavinartad \u00f6kning. Speciellt n\u00e4r man har i \u00e5tanke att flera transpersoner redan v\u00e4ntat i flera \u00e5r f\u00f6r att \u00e4ntligen f\u00e5 \u00e4ndra sitt juridiska k\u00f6n.<\/p>\n<p class=\"article__paragraph\">Lagf\u00f6r\u00e4ndringen p\u00e5verkar allts\u00e5 endast en liten grupp i samh\u00e4llet, som dessutom s\u00e4llan \u00e5ngrar sina juridiska k\u00f6nsbyten. Enligt en ny studie fr\u00e5n Uppsala universitet bytte <a href=\"https:\/\/www.uu.se\/nyheter\/2025\/2025-10-06-ytterst-fa-angrar-juridiskt-konsbyte\" target=\"_blank\" rel=\"noopener nofollow\">f\u00e4rre \u00e4n en procent tillbaka till sitt ursprungliga k\u00f6n<\/a> under hela studieperioden p\u00e5 10 \u00e5r. Denna procent bestod av endast 21 personer.<\/p>\n<p class=\"article__paragraph\"><strong>I grund och botten <\/strong>handlade flera motargument om att transpersoner antingen var en fara f\u00f6r sig sj\u00e4lv eller allm\u00e4nheten. Faktum \u00e4r att vi transpersoner k\u00e4nner oss sj\u00e4lva b\u00e4ttre \u00e4n politikerna i riksdagen.<\/p>\n<p class=\"article__paragraph\">Att vi dessutom skulle vara farligare \u00e4n andra \u00e4r ett skadligt och ogrundat p\u00e5st\u00e5ende. Speciellt i ljuset av att det \u00e4r <a href=\"https:\/\/williamsinstitute.law.ucla.edu\/press\/ncvs-trans-press-release\/\" target=\"_blank\" rel=\"noopener nofollow\">fyra g\u00e5nger mer sannolikt att transpersoner blir offer f\u00f6r v\u00e5ldsbrott \u00e4n cispersoner<\/a>. Mellan oktober 2024 till september 2025 <a href=\"https:\/\/tgeu.org\/trans-murder-monitoring-2025-reveals-new-trend-in-anti-trans-violence-systematic-targeting-of-activists-and-movement-leaders\/\" target=\"_blank\" rel=\"noopener nofollow\">m\u00f6rdades dessutom 281 transpersoner globalt<\/a>, flera av dem aktivister. Detta \u00e4r bara fallen som har rapporterats. <\/p>\n<p class=\"article__paragraph\">Dessa siffror betyder s\u00e5klart inte att v\u00e5ld fr\u00e5n transpersoner inte f\u00f6rekommer, som vi tragiskt nog <a href=\"https:\/\/www.svt.se\/nyheter\/inrikes\/mordare-placerades-pa-kvinnoanstalt-splittrar-tidopartierna\" target=\"_blank\" rel=\"noopener nofollow\">blivit p\u00e5minda om de senaste dagarna i media<\/a>. Men att anv\u00e4nda ett fall som slagtr\u00e4 i en debatt om en lagstiftning som hj\u00e4lper en liten och utsatt minoritetsgrupp \u00e4r inte bara oseri\u00f6st, det \u00e4r farligt.<\/p>\n<p class=\"article__paragraph\"><strong>I ett demokratiskt samh\u00e4lle <\/strong>ska man kunna diskutera och kritisera lagf\u00f6rslag. Men debatten om k\u00f6nstillh\u00f6righetslagstiftningen tog en helt annan riktning. Transpersoner blev en tacksam minoritetsgrupp att plocka politiska po\u00e4nger p\u00e5, utan n\u00e5gon h\u00e4nsyn till att det faktiskt var m\u00e4nniskor som de kastade under bussen.<\/p>\n<p class=\"article__paragraph\">Jag f\u00f6resl\u00e5r d\u00e4rf\u00f6r att v\u00e5ra folkvalda kan kasta bort sina ny\u00e5rsl\u00f6ften om att g\u00e5 ner i vikt eller att sluta snusa. Ist\u00e4llet kan de lova oss transpersoner sj\u00e4lvrannsakan. Ja, till och med en urs\u00e4kt.<\/p>\n<p class=\"article__paragraph\">Det \u00e4r det minsta de kan g\u00f6ra.<\/p>\n","protected":false},"excerpt":{"rendered":"Riksdagsdebatt om den nya k\u00f6nstillh\u00f6righetslagen 2024 mellan Carita Boulen (SD) och Martina Johansson (C). Foto: Samuel St\u00e9en\/TT Debatten&hellip;\n","protected":false},"author":2,"featured_media":121609,"comment_status":"","ping_status":"","sticky":false,"template":"","format":"standard","meta":{"footnotes":""},"categories":[12],"tags":[22,23,26,27,17,21,24,25,28,29,15,16,18,34,31,33,32,30,19,20],"class_list":{"0":"post-121608","1":"post","2":"type-post","3":"status-publish","4":"format-standard","5":"has-post-thumbnail","7":"category-sverige","8":"tag-breaking-news","9":"tag-breakingnews","10":"tag-featured-news","11":"tag-featurednews","12":"tag-headlines","13":"tag-huvudnyheter","14":"tag-latest-news","15":"tag-latestnews","16":"tag-main-news","17":"tag-mainnews","18":"tag-news","19":"tag-nyheter","20":"tag-rubriker","21":"tag-se","22":"tag-svenska","23":"tag-sverige","24":"tag-sweden","25":"tag-swedish","26":"tag-top-stories","27":"tag-topstories"},"share_on_mastodon":{"url":"https:\/\/pubeurope.com\/@se\/115813684638725196","error":""},"_links":{"self":[{"href":"https:\/\/www.europesays.com\/se\/wp-json\/wp\/v2\/posts\/121608","targetHints":{"allow":["GET"]}}],"collection":[{"href":"https:\/\/www.europesays.com\/se\/wp-json\/wp\/v2\/posts"}],"about":[{"href":"https:\/\/www.europesays.com\/se\/wp-json\/wp\/v2\/types\/post"}],"author":[{"embeddable":true,"href":"https:\/\/www.europesays.com\/se\/wp-json\/wp\/v2\/users\/2"}],"replies":[{"embeddable":true,"href":"https:\/\/www.europesays.com\/se\/wp-json\/wp\/v2\/comments?post=121608"}],"version-history":[{"count":0,"href":"https:\/\/www.europesays.com\/se\/wp-json\/wp\/v2\/posts\/121608\/revisions"}],"wp:featuredmedia":[{"embeddable":true,"href":"https:\/\/www.europesays.com\/se\/wp-json\/wp\/v2\/media\/121609"}],"wp:attachment":[{"href":"https:\/\/www.europesays.com\/se\/wp-json\/wp\/v2\/media?parent=121608"}],"wp:term":[{"taxonomy":"category","embeddable":true,"href":"https:\/\/www.europesays.com\/se\/wp-json\/wp\/v2\/categories?post=121608"},{"taxonomy":"post_tag","embeddable":true,"href":"https:\/\/www.europesays.com\/se\/wp-json\/wp\/v2\/tags?post=121608"}],"curies":[{"name":"wp","href":"https:\/\/api.w.org\/{rel}","templated":true}]}}