{"id":121610,"date":"2025-12-31T10:22:10","date_gmt":"2025-12-31T10:22:10","guid":{"rendered":"https:\/\/www.europesays.com\/se\/121610\/"},"modified":"2025-12-31T10:22:10","modified_gmt":"2025-12-31T10:22:10","slug":"allt-eller-inget-i-ny-jakt-pa-forsvunna-mh370","status":"publish","type":"post","link":"https:\/\/www.europesays.com\/se\/121610\/","title":{"rendered":"Allt eller inget i ny jakt p\u00e5 f\u00f6rsvunna MH370"},"content":{"rendered":"<p>share-arrowDela<\/p>\n<p>unsaveSpara<\/p>\n<p>expand-left<\/p>\n<p>helsk\u00e4rm<img decoding=\"async\" class=\"image-asset hyperion-css-u06ts1\" data-test-tag=\"image-asset\" src=\"https:\/\/www.europesays.com\/se\/wp-content\/uploads\/2025\/12\/61891544-e064-4922-bf2f-94f08f549c97.jpeg\"  alt=\"Uppr\u00f6rda sl\u00e4ktingar till passagerare som f\u00e4rdades i MH370 i samband med ett informationsm\u00f6te efter olyckan. I bakgrunden ses planets f\u00e4rdv\u00e4g \u00f6ver den Malaysiska halv\u00f6n. Bild fr\u00e5n 22 mars 2014.\"  loading=\"eager\" fetchpriority=\"high\" style=\"aspect-ratio:1900 \/ 1267\"\/>Uppr\u00f6rda sl\u00e4ktingar till passagerare som f\u00e4rdades i MH370 i samband med ett informationsm\u00f6te efter olyckan. I bakgrunden ses planets f\u00e4rdv\u00e4g \u00f6ver den Malaysiska halv\u00f6n. Bild fr\u00e5n 22 mars 2014. Foto: Ng Han Guan\/AP\/TT<\/p>\n<p class=\"hyperion-css-1shl3oz\" data-test-tag=\"lead-text\">Flygplanet f\u00f6rsvann sp\u00e5rl\u00f6st \u00f6ver Indiska oceanen med 239 m\u00e4nniskor ombord. Alla f\u00f6rs\u00f6k att hitta det har varit resultatl\u00f6sa.<\/p>\n<p class=\"hyperion-css-1shl3oz\" data-test-tag=\"lead-text\">Nu, n\u00e4stan tolv \u00e5r senare, \u00e5terupptas s\u00f6kandet efter det mystiska MH 370.<\/p>\n<p class=\"hyperion-css-1v9qo5x\">Det skulle bli en rutinflygning mellan Malaysias huvudstad Kuala Lumpur och Kinas dito Peking. Men efter 40 minuter i luften st\u00e4ngdes planets s\u00e4ndare av och flyget f\u00f6rsvann fr\u00e5n trafikledningens sk\u00e4rmar.<\/p>\n<p class=\"hyperion-css-1v9qo5x\">Milit\u00e4r radar lyckades lokalisera planet. D\u00e5 hade det styrt kraftigt ur kurs med riktning v\u00e4sterut mot den gigantiska vattenmassan Indiska oceanen. Sedan f\u00f6rsvann det sp\u00e5rl\u00f6st.<\/p>\n<p class=\"hyperion-css-1v9qo5x\">Vrakdelar av planet har spolats i land l\u00e4ngs Afrikas \u00f6stkust, men alla f\u00f6rs\u00f6k att hitta sj\u00e4lva planet har varit fruktl\u00f6sa.<\/p>\n<p class=\"hyperion-css-1v9qo5x\">Nu ska det brittisk-amerikanska f\u00f6retaget Ocean Infinity f\u00f6rs\u00f6ka l\u00f6sa g\u00e5tan. Med avancerade undervattensdr\u00f6nare ska ett stort omr\u00e5de av havsbotten skannas av. Var s\u00f6kinsatsen ska genomf\u00f6ras har man inte g\u00e5tt ut med offentligt, skriver CBS.<\/p>\n<p class=\"hyperion-css-1v9qo5x\">Lyckas f\u00f6retaget s\u00e5 kammar det hem 70 miljoner dollar, ungef\u00e4r 645 miljoner svenska kronor. Om det inte lyckas med sitt uppdrag f\u00e5r det ingenting.<\/p>\n<p class=\"hyperion-css-1v9qo5x\">Givet de enorma summor som hittills har investerats i s\u00f6kinsatsen \u00e4r 70 miljoner dollar ingen j\u00e4ttesumma, och den st\u00f6rsta bedriften med ett eventuellt lyckat uppdrag skulle vara att l\u00f6sa ett av de st\u00f6rsta mysterierna i modern tid.<\/p>\n","protected":false},"excerpt":{"rendered":"share-arrowDela unsaveSpara expand-left helsk\u00e4rmUppr\u00f6rda sl\u00e4ktingar till passagerare som f\u00e4rdades i MH370 i samband med ett informationsm\u00f6te efter olyckan.&hellip;\n","protected":false},"author":2,"featured_media":121611,"comment_status":"","ping_status":"","sticky":false,"template":"","format":"standard","meta":{"footnotes":""},"categories":[5],"tags":[22,23,26,27,17,21,24,25,28,29,15,16,18,34,31,33,32,30,19,20],"class_list":{"0":"post-121610","1":"post","2":"type-post","3":"status-publish","4":"format-standard","5":"has-post-thumbnail","7":"category-rubriker","8":"tag-breaking-news","9":"tag-breakingnews","10":"tag-featured-news","11":"tag-featurednews","12":"tag-headlines","13":"tag-huvudnyheter","14":"tag-latest-news","15":"tag-latestnews","16":"tag-main-news","17":"tag-mainnews","18":"tag-news","19":"tag-nyheter","20":"tag-rubriker","21":"tag-se","22":"tag-svenska","23":"tag-sverige","24":"tag-sweden","25":"tag-swedish","26":"tag-top-stories","27":"tag-topstories"},"share_on_mastodon":{"url":"https:\/\/pubeurope.com\/@se\/115813688482048563","error":""},"_links":{"self":[{"href":"https:\/\/www.europesays.com\/se\/wp-json\/wp\/v2\/posts\/121610","targetHints":{"allow":["GET"]}}],"collection":[{"href":"https:\/\/www.europesays.com\/se\/wp-json\/wp\/v2\/posts"}],"about":[{"href":"https:\/\/www.europesays.com\/se\/wp-json\/wp\/v2\/types\/post"}],"author":[{"embeddable":true,"href":"https:\/\/www.europesays.com\/se\/wp-json\/wp\/v2\/users\/2"}],"replies":[{"embeddable":true,"href":"https:\/\/www.europesays.com\/se\/wp-json\/wp\/v2\/comments?post=121610"}],"version-history":[{"count":0,"href":"https:\/\/www.europesays.com\/se\/wp-json\/wp\/v2\/posts\/121610\/revisions"}],"wp:featuredmedia":[{"embeddable":true,"href":"https:\/\/www.europesays.com\/se\/wp-json\/wp\/v2\/media\/121611"}],"wp:attachment":[{"href":"https:\/\/www.europesays.com\/se\/wp-json\/wp\/v2\/media?parent=121610"}],"wp:term":[{"taxonomy":"category","embeddable":true,"href":"https:\/\/www.europesays.com\/se\/wp-json\/wp\/v2\/categories?post=121610"},{"taxonomy":"post_tag","embeddable":true,"href":"https:\/\/www.europesays.com\/se\/wp-json\/wp\/v2\/tags?post=121610"}],"curies":[{"name":"wp","href":"https:\/\/api.w.org\/{rel}","templated":true}]}}