{"id":121612,"date":"2025-12-31T10:29:19","date_gmt":"2025-12-31T10:29:19","guid":{"rendered":"https:\/\/www.europesays.com\/se\/121612\/"},"modified":"2025-12-31T10:29:19","modified_gmt":"2025-12-31T10:29:19","slug":"ogonkliniken-har-behandlat-for-manga-patienter","status":"publish","type":"post","link":"https:\/\/www.europesays.com\/se\/121612\/","title":{"rendered":"\u00d6gonkliniken har behandlat f\u00f6r m\u00e5nga patienter"},"content":{"rendered":"<p>Marianne Johansson l\u00e4gger sig i stolen som liknar den hos tandl\u00e4karen.Hon ska operera sitt h\u00f6gra \u00f6ga f\u00f6r gr\u00e5starr. Med van hand opererar l\u00e4karen bort Mariannes grumliga, d\u00e5liga lins med hj\u00e4lp av ultraljud och ers\u00e4tter den med en ny, konstgjord lins.Hela operationen tar knappt 12 minuter.Under dagen har 16 gr\u00e5starrsoperationer gjorts h\u00e4r p\u00e5 Capio \u00d6gon i Link\u00f6ping.Antal<\/p>\n","protected":false},"excerpt":{"rendered":"Marianne Johansson l\u00e4gger sig i stolen som liknar den hos tandl\u00e4karen.Hon ska operera sitt h\u00f6gra \u00f6ga f\u00f6r gr\u00e5starr.&hellip;\n","protected":false},"author":2,"featured_media":121613,"comment_status":"","ping_status":"","sticky":false,"template":"","format":"standard","meta":{"footnotes":""},"categories":[12],"tags":[22,23,26,27,17,21,24,25,28,29,15,16,18,34,31,33,32,30,19,20],"class_list":{"0":"post-121612","1":"post","2":"type-post","3":"status-publish","4":"format-standard","5":"has-post-thumbnail","7":"category-sverige","8":"tag-breaking-news","9":"tag-breakingnews","10":"tag-featured-news","11":"tag-featurednews","12":"tag-headlines","13":"tag-huvudnyheter","14":"tag-latest-news","15":"tag-latestnews","16":"tag-main-news","17":"tag-mainnews","18":"tag-news","19":"tag-nyheter","20":"tag-rubriker","21":"tag-se","22":"tag-svenska","23":"tag-sverige","24":"tag-sweden","25":"tag-swedish","26":"tag-top-stories","27":"tag-topstories"},"share_on_mastodon":{"url":"https:\/\/pubeurope.com\/@se\/115813716064106438","error":""},"_links":{"self":[{"href":"https:\/\/www.europesays.com\/se\/wp-json\/wp\/v2\/posts\/121612","targetHints":{"allow":["GET"]}}],"collection":[{"href":"https:\/\/www.europesays.com\/se\/wp-json\/wp\/v2\/posts"}],"about":[{"href":"https:\/\/www.europesays.com\/se\/wp-json\/wp\/v2\/types\/post"}],"author":[{"embeddable":true,"href":"https:\/\/www.europesays.com\/se\/wp-json\/wp\/v2\/users\/2"}],"replies":[{"embeddable":true,"href":"https:\/\/www.europesays.com\/se\/wp-json\/wp\/v2\/comments?post=121612"}],"version-history":[{"count":0,"href":"https:\/\/www.europesays.com\/se\/wp-json\/wp\/v2\/posts\/121612\/revisions"}],"wp:featuredmedia":[{"embeddable":true,"href":"https:\/\/www.europesays.com\/se\/wp-json\/wp\/v2\/media\/121613"}],"wp:attachment":[{"href":"https:\/\/www.europesays.com\/se\/wp-json\/wp\/v2\/media?parent=121612"}],"wp:term":[{"taxonomy":"category","embeddable":true,"href":"https:\/\/www.europesays.com\/se\/wp-json\/wp\/v2\/categories?post=121612"},{"taxonomy":"post_tag","embeddable":true,"href":"https:\/\/www.europesays.com\/se\/wp-json\/wp\/v2\/tags?post=121612"}],"curies":[{"name":"wp","href":"https:\/\/api.w.org\/{rel}","templated":true}]}}