{"id":121614,"date":"2025-12-31T10:30:09","date_gmt":"2025-12-31T10:30:09","guid":{"rendered":"https:\/\/www.europesays.com\/se\/121614\/"},"modified":"2025-12-31T10:30:09","modified_gmt":"2025-12-31T10:30:09","slug":"mordmisstankt-man-utlamnad-till-sverige","status":"publish","type":"post","link":"https:\/\/www.europesays.com\/se\/121614\/","title":{"rendered":"Mordmisst\u00e4nkt man utl\u00e4mnad till Sverige"},"content":{"rendered":"<p class=\"boxtextgrotesk-root_baa6 hyperion-css-7pajle\">Uppdaterad 09.39 | Publicerad 09.23<\/p>\n<p>share-arrowDela<\/p>\n<p>unsaveSpara<\/p>\n<p>expand-left<\/p>\n<p>helsk\u00e4rm<img decoding=\"async\" class=\"image-asset hyperion-css-u06ts1\" data-test-tag=\"image-asset\" src=\"https:\/\/www.europesays.com\/se\/wp-content\/uploads\/2025\/12\/b235d86d-e576-4d47-ac88-e1f9ca2ee226.jpeg\"  alt=\"En man har utel\u00e4mnats till Sverige och beg\u00e4rts h\u00e4ktad misst\u00e4nkt f\u00f6r ett mord som intr\u00e4ffade 2012. Arkivbild.\"  loading=\"eager\" fetchpriority=\"high\" style=\"aspect-ratio:1900 \/ 1267\"\/>En man har utel\u00e4mnats till Sverige och beg\u00e4rts h\u00e4ktad misst\u00e4nkt f\u00f6r ett mord som intr\u00e4ffade 2012. Arkivbild. Foto: Fredrik Sandberg\/TT<\/p>\n<p class=\"hyperion-css-1shl3oz\" data-test-tag=\"lead-text\">En man misst\u00e4nkt f\u00f6r mord och mordf\u00f6rs\u00f6k i G\u00f6teborg 2012 har utl\u00e4mnats till Sverige, meddelar \u00c5klagarmyndigheten.<\/p>\n<p class=\"hyperion-css-1v9qo5x\">Mannen, som varit h\u00e4ktad i sin utevaro sedan i mars i \u00e5r, greps utomlands i oktober \u2013 13 \u00e5r efter att de misst\u00e4nka brotten \u00e4gt rum.<\/p>\n<p class=\"hyperion-css-1v9qo5x\">Nu beg\u00e4rs han h\u00e4ktad f\u00f6r mord och mordf\u00f6rs\u00f6k. H\u00e4ktningsf\u00f6rhandlingen h\u00e5lls i G\u00f6teborgs tingsr\u00e4tt under onsdagsf\u00f6rmiddagen.<\/p>\n<p class=\"hyperion-css-1v9qo5x\">Enligt Aftonbladet greps mannen i Wien och har kopplingar till den kriminella g\u00e4ngmilj\u00f6n.<\/p>\n<p class=\"hyperion-css-1v9qo5x\">Mordet skedde i september 2012, d\u00e5 en 26-\u00e5rig man sk\u00f6ts ihj\u00e4l vid en sp\u00e5rvagnsh\u00e5llplats i V\u00e4stra Fr\u00f6lunda.<\/p>\n","protected":false},"excerpt":{"rendered":"Uppdaterad 09.39 | Publicerad 09.23 share-arrowDela unsaveSpara expand-left helsk\u00e4rmEn man har utel\u00e4mnats till Sverige och beg\u00e4rts h\u00e4ktad misst\u00e4nkt&hellip;\n","protected":false},"author":2,"featured_media":121615,"comment_status":"","ping_status":"","sticky":false,"template":"","format":"standard","meta":{"footnotes":""},"categories":[5],"tags":[22,23,26,27,17,21,24,25,28,29,15,16,18,34,31,33,32,30,19,20],"class_list":{"0":"post-121614","1":"post","2":"type-post","3":"status-publish","4":"format-standard","5":"has-post-thumbnail","7":"category-rubriker","8":"tag-breaking-news","9":"tag-breakingnews","10":"tag-featured-news","11":"tag-featurednews","12":"tag-headlines","13":"tag-huvudnyheter","14":"tag-latest-news","15":"tag-latestnews","16":"tag-main-news","17":"tag-mainnews","18":"tag-news","19":"tag-nyheter","20":"tag-rubriker","21":"tag-se","22":"tag-svenska","23":"tag-sverige","24":"tag-sweden","25":"tag-swedish","26":"tag-top-stories","27":"tag-topstories"},"share_on_mastodon":{"url":"https:\/\/pubeurope.com\/@se\/115813719905177706","error":""},"_links":{"self":[{"href":"https:\/\/www.europesays.com\/se\/wp-json\/wp\/v2\/posts\/121614","targetHints":{"allow":["GET"]}}],"collection":[{"href":"https:\/\/www.europesays.com\/se\/wp-json\/wp\/v2\/posts"}],"about":[{"href":"https:\/\/www.europesays.com\/se\/wp-json\/wp\/v2\/types\/post"}],"author":[{"embeddable":true,"href":"https:\/\/www.europesays.com\/se\/wp-json\/wp\/v2\/users\/2"}],"replies":[{"embeddable":true,"href":"https:\/\/www.europesays.com\/se\/wp-json\/wp\/v2\/comments?post=121614"}],"version-history":[{"count":0,"href":"https:\/\/www.europesays.com\/se\/wp-json\/wp\/v2\/posts\/121614\/revisions"}],"wp:featuredmedia":[{"embeddable":true,"href":"https:\/\/www.europesays.com\/se\/wp-json\/wp\/v2\/media\/121615"}],"wp:attachment":[{"href":"https:\/\/www.europesays.com\/se\/wp-json\/wp\/v2\/media?parent=121614"}],"wp:term":[{"taxonomy":"category","embeddable":true,"href":"https:\/\/www.europesays.com\/se\/wp-json\/wp\/v2\/categories?post=121614"},{"taxonomy":"post_tag","embeddable":true,"href":"https:\/\/www.europesays.com\/se\/wp-json\/wp\/v2\/tags?post=121614"}],"curies":[{"name":"wp","href":"https:\/\/api.w.org\/{rel}","templated":true}]}}