{"id":121618,"date":"2025-12-31T10:38:18","date_gmt":"2025-12-31T10:38:18","guid":{"rendered":"https:\/\/www.europesays.com\/se\/121618\/"},"modified":"2025-12-31T10:38:18","modified_gmt":"2025-12-31T10:38:18","slug":"vilma-andersson-slogtill-gick-till-jobbet-nasta-dag","status":"publish","type":"post","link":"https:\/\/www.europesays.com\/se\/121618\/","title":{"rendered":"Vilma Andersson slog\ntill \u2013 gick till jobbet n\u00e4sta dag"},"content":{"rendered":"<p>Natten till fredag f\u00f6rsvann den 25-\u00e5riga kvinnan och p\u00e5 l\u00f6rdag kv\u00e4ll greps Vilma Andersson p\u00e5 bar g\u00e4rning.<\/p>\n<p>D\u00e5 hade ett s\u00f6k p\u00e5g\u00e5tt i n\u00e4ra tv\u00e5 dygn \u2013 och den misst\u00e4nkta m\u00f6rdaren g\u00e5tt till jobbet, enligt Expressens uppgifter.<\/p>\n<p>Han ska ha varit sminkad och \u00e4tit i den gemensamma matsalen.<\/p>\n<p><a href=\"https:\/\/6rybs.app.link\/\" rel=\"nofollow noopener\" target=\"_blank\">Expressens nyhetsapp ger dig alla nyheter \u2013 ladda ned den h\u00e4r<\/a><\/p>\n<p>Nattvandraren Stefan Nilsson om k\u00e4nslorna i R\u00f6nninge: \u201dOtryggheten kommer finnas kvar\u201d.<img loading=\"lazy\"   alt=\"\"\/><\/p>\n<p>Vilma Andersson \u00e4r h\u00e4ktad p\u00e5 sannolika sk\u00e4l misst\u00e4nkt f\u00f6r mord och gravfridsbrott.<\/p>\n<p>\u00d6ppna bild i helsk\u00e4rm<img loading=\"lazy\"   alt=\"\"\/><\/p>\n<p>Polisen s\u00f6kte med hund i Salem efter f\u00f6rsvinnande.<\/p>\n<p>Foto: Nils Petter Nilsson\/TT<\/p>\n<p>\u00d6ppna bild i helsk\u00e4rm<img loading=\"lazy\"   alt=\"\"\/><\/p>\n<p>Vilma Andersson.<\/p>\n<p>\u00d6ppna bild i helsk\u00e4rm<\/p>\n<p><a href=\"https:\/\/www.expressen.se\/tagg\/person\/vilma-andersson\/\" class=\"\" rel=\"nofollow noopener\" target=\"_blank\">Vilma Andersson<\/a> sitter h\u00e4ktad, misst\u00e4nkt f\u00f6r att ha m\u00f6rdat den 25-\u00e5riga kvinnan, som s\u00e5gs senast p\u00e5 natten mot annandagen i R\u00f6nninge.\u00a0<\/p>\n<p>Den omfattande polisinsatsen inleddes p\u00e5 fredagen, efter att kvinnan varit f\u00f6rsvunnen sedan 01.30-tiden. Under dagen gav sig familjen ut letade och hittade h\u00f6rlurar, buntband och en hammare n\u00e5gra hundra meter fr\u00e5n pendelt\u00e5gsstationen. Polisen misst\u00e4nkte tidigt att kvinnan utsatts f\u00f6r brott och skickade fynden p\u00e5 analys. Samtidigt inleddes en inre spaning, utan att ta hj\u00e4lp av frivilligorganisationer som Missing People.<\/p>\n<p>P\u00e5 l\u00f6rdagen hamnade Vilma Andersson p\u00e5 polisens radar. Sannolikt visste han inte sj\u00e4lv att han var misst\u00e4nkt.\u00a0<\/p>\n<p>Klockan 9.30 kom svaret fr\u00e5n analysen, som gav tr\u00e4ff p\u00e5 26-\u00e5ringen, enligt Aftonbladets uppgifter.\u00a0<\/p>\n<p>Klockan 10.36 anh\u00f6lls Vilma Andersson i sin fr\u00e5nvaro. D\u00e5 var han sj\u00e4lv p\u00e5 jobbet, enligt flerst\u00e4mmiga uppgifter till Expressen.<\/p>\n<p>\u2013 Han jobbade i l\u00f6rdags samtidigt som han begick det h\u00e4r fruktansv\u00e4rda d\u00e5det, s\u00e4ger en person med insyn i f\u00f6retaget.<\/p>\n<p>Sminkade sig och \u00e5kte till jobbet\u00a0<\/p>\n<p>Tidigt p\u00e5 l\u00f6rdagsmorgonen hade 26-\u00e5ringen \u00e5kt till jobbet.\u00a0<\/p>\n<p>Ofta b\u00f6rjar man tidigt, vid 06 eller 07, och jobbar i \u00e5tta timmar, enligt Expressens uppgifter.<\/p>\n<p>\u2013 (Den misst\u00e4nkta reds. anm.) m\u00f6rdaren var sminkad som vanligt och han var som vanligt och satt och \u00e5t i den gemensamma matsalen, s\u00e4ger k\u00e4llan.\u00a0<\/p>\n<p>\u2013 M\u00e5nga upplevde honom som avvikande och konstig. Han har inte \u00f6gonkontakt med de han m\u00f6ter.<\/p>\n<p>Arbetsuppgifterna g\u00e5r ut p\u00e5 att f\u00f6rbereda varor som sedan k\u00f6rs ut till olika restauranger.<\/p>\n<p>\u2013 D\u00e4r skivar man och t\u00e4rnar frukter och sallader och s\u00e5nt som han sen k\u00f6r ut, s\u00e4ger k\u00e4llan.\u00a0<\/p>\n<p>Det \u00e4r oklart om cheferna visste att deras anst\u00e4llda misst\u00e4nks f\u00f6r mord. Personalen ska i alla fall inte ha informerats om det, enligt Expressens uppgifter.<\/p>\n<p>F\u00f6retaget bekr\u00e4ftar f\u00f6r Expressen att Vilma Andersson har en anst\u00e4llning hos dem, men vill inte s\u00e4ga n\u00e5got om han jobbade p\u00e5 l\u00f6rdagen eller om personalen har informerats.<\/p>\n<p>26-\u00e5ringen jobbade som lastbilschauff\u00f6r f\u00f6r flera \u00e5kerier under \u00e5ren. <a href=\"https:\/\/www.expressen.se\/nyheter\/sverige\/26-aringens-tidigare-chef-lite-som-ett-barn\/\" rel=\"nofollow noopener\" target=\"_blank\">En tidigare chef <\/a>har ber\u00e4ttat att Vilma Andersson hade sv\u00e5rt att sk\u00f6ta sina arbetsuppgifter.\u00a0<\/p>\n<p>\u2013 Den d\u00e4r m\u00e4nniskan var barnslig skulle jag s\u00e4ga. Lite som ett barn till s\u00e4ttet och lyssnade inte riktigt p\u00e5 vad man sa, s\u00e4ger chefen.<\/p>\n<p><img loading=\"lazy\"   alt=\"\"\/><\/p>\n<p>Vilma Andersson jobbade f\u00f6r flera \u00e5kerier. H\u00e4r levererar han varor i mars 2024.<\/p>\n<p>\u00d6ppna bild i helsk\u00e4rmGreps p\u00e5 kv\u00e4llen<\/p>\n<p>Polisen ska ha haft span p\u00e5 26-\u00e5ringen i tio timmar under l\u00f6rdagen, enligt Aftonbladet. Uppgifter som \u00e5klagaren p\u00e5 tisdagen inte ville kommentera.<\/p>\n<p>Han greps 21.22 i ett skogsparti p\u00e5 l\u00f6rdagskv\u00e4llen n\u00e4r han var i f\u00e4rd med att hantera kroppsdelar, enligt Expressens uppgifter.\u00a0<\/p>\n<p>\u2013 I samband med vi grep den huvudmisst\u00e4nkta s\u00e5 blev det ocks\u00e5 klart f\u00f6r oss att kvinnan var avliden, sa polisens kommenderingschef Max \u00c5kerwall p\u00e5 s\u00f6ndagen.<\/p>\n<p>Det \u00e4r oklart n\u00e4r kvinnan m\u00f6rdades, enligt h\u00e4ktningsframst\u00e4llan skedde det antingen p\u00e5 fredagen eller p\u00e5 l\u00f6rdagen.<\/p>\n<p>Vilma Andersson hette tidigare Robin, men har bytt till ett kvinnligt namn. Han har dock inte bytt juridiskt k\u00f6n.<\/p>\n<p>L\u00c4S MER: <a href=\"https:\/\/www.expressen.se\/nyheter\/sverige\/26-aringens-tidigare-chef-lite-som-ett-barn\/\" rel=\"nofollow noopener\" target=\"_blank\">Vilma Anderssons tidigare chef: \u201dLite som ett barn\u201d<\/a>\u00a0<\/p>\n<p><img alt=\"\"\/>Ljudklippet gick inte att spela upp<\/p>\n<p>F\u00f6rs\u00f6k igen senare<\/p>\n","protected":false},"excerpt":{"rendered":"Natten till fredag f\u00f6rsvann den 25-\u00e5riga kvinnan och p\u00e5 l\u00f6rdag kv\u00e4ll greps Vilma Andersson p\u00e5 bar g\u00e4rning. D\u00e5&hellip;\n","protected":false},"author":2,"featured_media":121619,"comment_status":"","ping_status":"","sticky":false,"template":"","format":"standard","meta":{"footnotes":""},"categories":[5],"tags":[22,23,26,27,17,21,24,25,12658,28,29,15,12855,16,12888,18,34,154,31,33,32,30,19,436,20],"class_list":{"0":"post-121618","1":"post","2":"type-post","3":"status-publish","4":"format-standard","5":"has-post-thumbnail","7":"category-rubriker","8":"tag-breaking-news","9":"tag-breakingnews","10":"tag-featured-news","11":"tag-featurednews","12":"tag-headlines","13":"tag-huvudnyheter","14":"tag-latest-news","15":"tag-latestnews","16":"tag-location-ronninge","17":"tag-main-news","18":"tag-mainnews","19":"tag-news","20":"tag-newsstory-kvinna-mordad-i-ronninge","21":"tag-nyheter","22":"tag-person-vilma-andersson","23":"tag-rubriker","24":"tag-se","25":"tag-sections-sverige","26":"tag-svenska","27":"tag-sverige","28":"tag-sweden","29":"tag-swedish","30":"tag-top-stories","31":"tag-topic-valdsbrott-mord","32":"tag-topstories"},"share_on_mastodon":{"url":"https:\/\/pubeurope.com\/@se\/115813751389525127","error":""},"_links":{"self":[{"href":"https:\/\/www.europesays.com\/se\/wp-json\/wp\/v2\/posts\/121618","targetHints":{"allow":["GET"]}}],"collection":[{"href":"https:\/\/www.europesays.com\/se\/wp-json\/wp\/v2\/posts"}],"about":[{"href":"https:\/\/www.europesays.com\/se\/wp-json\/wp\/v2\/types\/post"}],"author":[{"embeddable":true,"href":"https:\/\/www.europesays.com\/se\/wp-json\/wp\/v2\/users\/2"}],"replies":[{"embeddable":true,"href":"https:\/\/www.europesays.com\/se\/wp-json\/wp\/v2\/comments?post=121618"}],"version-history":[{"count":0,"href":"https:\/\/www.europesays.com\/se\/wp-json\/wp\/v2\/posts\/121618\/revisions"}],"wp:featuredmedia":[{"embeddable":true,"href":"https:\/\/www.europesays.com\/se\/wp-json\/wp\/v2\/media\/121619"}],"wp:attachment":[{"href":"https:\/\/www.europesays.com\/se\/wp-json\/wp\/v2\/media?parent=121618"}],"wp:term":[{"taxonomy":"category","embeddable":true,"href":"https:\/\/www.europesays.com\/se\/wp-json\/wp\/v2\/categories?post=121618"},{"taxonomy":"post_tag","embeddable":true,"href":"https:\/\/www.europesays.com\/se\/wp-json\/wp\/v2\/tags?post=121618"}],"curies":[{"name":"wp","href":"https:\/\/api.w.org\/{rel}","templated":true}]}}