{"id":12162,"date":"2025-08-24T02:26:07","date_gmt":"2025-08-24T02:26:07","guid":{"rendered":"https:\/\/www.europesays.com\/se\/12162\/"},"modified":"2025-08-24T02:26:07","modified_gmt":"2025-08-24T02:26:07","slug":"20-tvingades-av-flygplan-ovantade-anledningen","status":"publish","type":"post","link":"https:\/\/www.europesays.com\/se\/12162\/","title":{"rendered":"20 tvingades av flygplan\n\u2013 ov\u00e4ntade anledningen"},"content":{"rendered":"<p>Publicerad 24 aug 2025 kl 03.20<\/p>\n<p>20 passagerare tvingades l\u00e4mna flygplanet.<\/p>\n<p>Orsaken: Den extrema v\u00e4rmen, skriver <a href=\"https:\/\/www.mirror.co.uk\/news\/uk-news\/ba-flight-drama-20-passengers-35783256\" rel=\"nofollow noopener\" target=\"_blank\">Mirror<\/a>.<\/p>\n<p>\u2013 Vi beklagar ol\u00e4genheten, s\u00e4ger flybolagets talesperson.<\/p>\n<p>Senaste nyhetsklippen fr\u00e5n Expressen.<img   alt=\"\"\/><\/p>\n<p>H\u00e4ndelsen intr\u00e4ffade p\u00e5 ett British Airways-plan. Bilden visar ett annat plan.<\/p>\n<p>Foto: MI NEWS\/NURPHOTO\/SHUTTERSTOCK \/ MI NEWS\/NURPHOTO\/SHUTTERSTOCK SHUTTERSTOCK<\/p>\n<p>\u00d6ppna bild i helsk\u00e4rm<\/p>\n<p>Den 11 augusti skulle ett plan tillh\u00f6rande flygbolaget British Airways flyga fr\u00e5n Florens, <a href=\"https:\/\/www.expressen.se\/tagg\/location\/italien\/\" class=\"\" rel=\"nofollow noopener\" target=\"_blank\">Italien<\/a>, till London, England.<\/p>\n<p>Problemet var att det r\u00e5dde extremv\u00e4rme i Italien vid tillf\u00e4llet vilket gjorde att luften blev mindre t\u00e4t och innebar att planet beh\u00f6vde mer br\u00e4nsle f\u00f6r att n\u00e5 marschh\u00f6jd. Problemet f\u00f6rv\u00e4rrades av flygplatsens relativt korta startbana.<\/p>\n<p>Planet var f\u00f6r tungt f\u00f6r att s\u00e4kert kunna lyfta. Bes\u00e4ttningens l\u00f6sning blev frustrerande f\u00f6r passagerarna.<\/p>\n<p>\u2013 Piloten sade att folk var tvungna att g\u00e5 av p\u00e5 grund av den extrema hettan. Det var runt 35 grader och de beh\u00f6vde extra br\u00e4nsle f\u00f6r att motorn skulle fungera effektivt. Personalen sade att 36 personer skulle beh\u00f6va kliva av, men till slut var det bara runt 20 som fick g\u00f6ra det, s\u00e4ger en kvinna som var passagerare p\u00e5 planet.<\/p>\n<p>Flygbolaget: Vi beklagar<\/p>\n<p>British Airways har bett de drabbade passagerarna om urs\u00e4kt.<\/p>\n<p>\u2013 P\u00e5 grund av flygplatsens unika f\u00f6ruts\u00e4ttningar med en kort startbana p\u00e5verkar extrema temperaturer lufttrycket s\u00e5 flygplanets vikt m\u00e5ste minskas. Vi beklagar ol\u00e4genheten. V\u00e5ra team arbetade h\u00e5rt f\u00f6r att f\u00e5 passagerarna till sin destination s\u00e5 snabbt som m\u00f6jligt, s\u00e4ger en talesperson.<\/p>\n<p>En flygexpert h\u00e4vdar att incidenter av den h\u00e4r typen kommer att bli vanligare p\u00e5 grund av klimatf\u00f6r\u00e4ndringarna.<\/p>\n<p>\u2013 Varma sommardagar d\u00e5 mindre flygplatser m\u00e5ste minska vikten kommer att bli vanligare. F\u00f6rh\u00e5llanden som tidigare intr\u00e4ffade en dag per sommar kan intr\u00e4ffa tre eller fyra dagar i veckan p\u00e5 2060-talet. Att flyga till Spanien, Italien eller Grekland kan bli dyrare n\u00e4r flygen m\u00e5ste ta f\u00e4rre passagerare p\u00e5 grund av klimatf\u00f6r\u00e4ndringarna, s\u00e4ger doktor Jonny Williams, flygexpert vid University of Reading, till The Sun.<\/p>\n","protected":false},"excerpt":{"rendered":"Publicerad 24 aug 2025 kl 03.20 20 passagerare tvingades l\u00e4mna flygplanet. Orsaken: Den extrema v\u00e4rmen, skriver Mirror. \u2013&hellip;\n","protected":false},"author":2,"featured_media":12163,"comment_status":"","ping_status":"","sticky":false,"template":"","format":"standard","meta":{"footnotes":""},"categories":[5],"tags":[22,23,26,27,17,21,24,25,1309,28,29,15,16,18,34,55,31,33,32,30,19,20],"class_list":{"0":"post-12162","1":"post","2":"type-post","3":"status-publish","4":"format-standard","5":"has-post-thumbnail","7":"category-rubriker","8":"tag-breaking-news","9":"tag-breakingnews","10":"tag-featured-news","11":"tag-featurednews","12":"tag-headlines","13":"tag-huvudnyheter","14":"tag-latest-news","15":"tag-latestnews","16":"tag-location-italien","17":"tag-main-news","18":"tag-mainnews","19":"tag-news","20":"tag-nyheter","21":"tag-rubriker","22":"tag-se","23":"tag-sections-varlden","24":"tag-svenska","25":"tag-sverige","26":"tag-sweden","27":"tag-swedish","28":"tag-top-stories","29":"tag-topstories"},"share_on_mastodon":{"url":"","error":""},"_links":{"self":[{"href":"https:\/\/www.europesays.com\/se\/wp-json\/wp\/v2\/posts\/12162","targetHints":{"allow":["GET"]}}],"collection":[{"href":"https:\/\/www.europesays.com\/se\/wp-json\/wp\/v2\/posts"}],"about":[{"href":"https:\/\/www.europesays.com\/se\/wp-json\/wp\/v2\/types\/post"}],"author":[{"embeddable":true,"href":"https:\/\/www.europesays.com\/se\/wp-json\/wp\/v2\/users\/2"}],"replies":[{"embeddable":true,"href":"https:\/\/www.europesays.com\/se\/wp-json\/wp\/v2\/comments?post=12162"}],"version-history":[{"count":0,"href":"https:\/\/www.europesays.com\/se\/wp-json\/wp\/v2\/posts\/12162\/revisions"}],"wp:featuredmedia":[{"embeddable":true,"href":"https:\/\/www.europesays.com\/se\/wp-json\/wp\/v2\/media\/12163"}],"wp:attachment":[{"href":"https:\/\/www.europesays.com\/se\/wp-json\/wp\/v2\/media?parent=12162"}],"wp:term":[{"taxonomy":"category","embeddable":true,"href":"https:\/\/www.europesays.com\/se\/wp-json\/wp\/v2\/categories?post=12162"},{"taxonomy":"post_tag","embeddable":true,"href":"https:\/\/www.europesays.com\/se\/wp-json\/wp\/v2\/tags?post=12162"}],"curies":[{"name":"wp","href":"https:\/\/api.w.org\/{rel}","templated":true}]}}