{"id":121620,"date":"2025-12-31T10:43:13","date_gmt":"2025-12-31T10:43:13","guid":{"rendered":"https:\/\/www.europesays.com\/se\/121620\/"},"modified":"2025-12-31T10:43:13","modified_gmt":"2025-12-31T10:43:13","slug":"ytterligare-miljardorder-till-saab","status":"publish","type":"post","link":"https:\/\/www.europesays.com\/se\/121620\/","title":{"rendered":"Ytterligare miljardorder till Saab"},"content":{"rendered":"<p class=\"boxtextgrotesk-root_baa6 hyperion-css-7pajle\">Uppdaterad 09.34 | Publicerad 09.29<\/p>\n<p>share-arrowDela<\/p>\n<p>unsaveSpara<\/p>\n<p>expand-left<\/p>\n<p>helsk\u00e4rm<img decoding=\"async\" class=\"image-asset hyperion-css-u06ts1\" data-test-tag=\"image-asset\" src=\"https:\/\/www.europesays.com\/se\/wp-content\/uploads\/2025\/12\/b66cc25e-53ef-4ea3-a844-b58d8f5658ce.jpeg\"  alt=\"Saab s\u00e4ljer f\u00f6rsvarsmaterial till Litauen. Arkivbild.\"  loading=\"eager\" fetchpriority=\"high\" style=\"aspect-ratio:1900 \/ 1197\"\/>Saab s\u00e4ljer f\u00f6rsvarsmaterial till Litauen. Arkivbild. Foto: Johan Nilsson \/ TT<\/p>\n<p class=\"hyperion-css-1shl3oz\" data-test-tag=\"lead-text\">Saab f\u00e5r en ny order p\u00e5 f\u00f6rsvarsmateriel fr\u00e5n Litauen. Denna g\u00e5ng handlar det om robotar till luftv\u00e4rnssystem.<\/p>\n<p class=\"hyperion-css-1v9qo5x\">Litauen har best\u00e4llt robotar till luftv\u00e4rnssystemet RBS 70 av typen Bolide till ett v\u00e4rde av 3 miljarder kronor. Leverans \u00e4r planerad mellan 2028 och 2032, meddelar Saab i ett pressmeddelande.<\/p>\n<p class=\"hyperion-css-1v9qo5x\">Best\u00e4llningen \u00e4r lagd inom ett ramavtal mellan Saab, svenska F\u00f6rsvarets materielverk och Litauens f\u00f6rsvarsministerium g\u00e4llande Saabs kortr\u00e4ckviddiga luftv\u00e4rnssystem RBS 70 NG.<\/p>\n<p class=\"hyperion-css-1v9qo5x\">S\u00e5 sent som den 23 december meddelade Saab att Litauen best\u00e4llt pansarskottet AT4 och ammunition till Carl-Gustaf M4.<\/p>\n<p class=\"hyperion-css-1v9qo5x\">P\u00e5 tisdagen offentliggjorde f\u00f6rsvarskoncernen en order fr\u00e5n Frankrike p\u00e5 spaningsflygplanet Globaleye v\u00e4rd 12,3 miljarder kronor, vilket fick aktiekursen att lyfta med 2,7 procent p\u00e5 \u00e5rets sista handelsdag.<\/p>\n","protected":false},"excerpt":{"rendered":"Uppdaterad 09.34 | Publicerad 09.29 share-arrowDela unsaveSpara expand-left helsk\u00e4rmSaab s\u00e4ljer f\u00f6rsvarsmaterial till Litauen. Arkivbild. Foto: Johan Nilsson \/&hellip;\n","protected":false},"author":2,"featured_media":121621,"comment_status":"","ping_status":"","sticky":false,"template":"","format":"standard","meta":{"footnotes":""},"categories":[65],"tags":[72,70,71,34,31,33,32,30],"class_list":{"0":"post-121620","1":"post","2":"type-post","3":"status-publish","4":"format-standard","5":"has-post-thumbnail","7":"category-ekonomi","8":"tag-business","9":"tag-economy","10":"tag-ekonomi","11":"tag-se","12":"tag-svenska","13":"tag-sverige","14":"tag-sweden","15":"tag-swedish"},"share_on_mastodon":{"url":"https:\/\/pubeurope.com\/@se\/115813771055522895","error":""},"_links":{"self":[{"href":"https:\/\/www.europesays.com\/se\/wp-json\/wp\/v2\/posts\/121620","targetHints":{"allow":["GET"]}}],"collection":[{"href":"https:\/\/www.europesays.com\/se\/wp-json\/wp\/v2\/posts"}],"about":[{"href":"https:\/\/www.europesays.com\/se\/wp-json\/wp\/v2\/types\/post"}],"author":[{"embeddable":true,"href":"https:\/\/www.europesays.com\/se\/wp-json\/wp\/v2\/users\/2"}],"replies":[{"embeddable":true,"href":"https:\/\/www.europesays.com\/se\/wp-json\/wp\/v2\/comments?post=121620"}],"version-history":[{"count":0,"href":"https:\/\/www.europesays.com\/se\/wp-json\/wp\/v2\/posts\/121620\/revisions"}],"wp:featuredmedia":[{"embeddable":true,"href":"https:\/\/www.europesays.com\/se\/wp-json\/wp\/v2\/media\/121621"}],"wp:attachment":[{"href":"https:\/\/www.europesays.com\/se\/wp-json\/wp\/v2\/media?parent=121620"}],"wp:term":[{"taxonomy":"category","embeddable":true,"href":"https:\/\/www.europesays.com\/se\/wp-json\/wp\/v2\/categories?post=121620"},{"taxonomy":"post_tag","embeddable":true,"href":"https:\/\/www.europesays.com\/se\/wp-json\/wp\/v2\/tags?post=121620"}],"curies":[{"name":"wp","href":"https:\/\/api.w.org\/{rel}","templated":true}]}}