{"id":121622,"date":"2025-12-31T10:45:16","date_gmt":"2025-12-31T10:45:16","guid":{"rendered":"https:\/\/www.europesays.com\/se\/121622\/"},"modified":"2025-12-31T10:45:16","modified_gmt":"2025-12-31T10:45:16","slug":"skyddsombud-vill-evakuera-mottagning-vid-ostra-sjukhuset-lakartidningen","status":"publish","type":"post","link":"https:\/\/www.europesays.com\/se\/121622\/","title":{"rendered":"Skyddsombud vill evakuera mottagning vid \u00d6stra sjukhuset \u2013 L\u00e4kartidningen"},"content":{"rendered":"<p>\t\t\t\t<img alt=\"Ultraljud\" class=\"MediaWrapper-content BodyImage-imageObject\" src=\"https:\/\/www.europesays.com\/se\/wp-content\/uploads\/2025\/12\/mp68980540-ultrasonographer-hold-ultrasound-transducer-probe-with.jpg\" data-lazy-load-target=\"content\" width=\"1060\" height=\"706\" loading=\"eager\" decoding=\"async\" fetchpriority=\"high\"\/><\/p>\n<p>\t\t\t\t\t\t\tFoto: Mostphotos\n\t\t\t\t\t\t\t\t\t<\/p>\n<p>Arbetsmilj\u00f6n p\u00e5 ultraljudsmottagningen p\u00e5 \u00d6stra sjukhuset i G\u00f6teborg har varit anstr\u00e4ngd \u00e4nda sedan arbetet med en ny f\u00f6rlossningsbyggnad drog i g\u00e5ng 2019. I en 6:6a-anm\u00e4lan skriver skyddsombud fr\u00e5n flera fackf\u00f6rbund, d\u00e4ribland L\u00e4karf\u00f6rbundet, om st\u00e4ndiga ombyggnationer, renoveringar och nybyggen i n\u00e4rheten. Bullret har lett till \u00e5terkommande besv\u00e4r med huvudv\u00e4rk, stress, tinnitus och koncentrationssv\u00e5righeter hos de anst\u00e4llda, menar de.<\/p>\n<p>\u00bbFlertalet i personalen beskriver en st\u00e4ndig k\u00e4nsla av att inte minnas om de gjort allt de ska g\u00f6ra under sina unders\u00f6kningar. Det finns \u00e4ven exempel d\u00e4r personal har upplevt arbetsmilj\u00f6n s\u00e5 pass p\u00e5frestande att de tillf\u00e4lligt har flyttats till andra mottagningar\u00ab, skriver skyddsombuden.<\/p>\n<p>\n\t\tAnnons\t\t\t<\/p>\n<p>\t\t<a href=\"https:\/\/karriar.aleris.se\/jobs\/6934715-specialistlakare-till-aleris-asih-sodertalje-huddinge\" data-ad-target=\"link\" class=\"Ad-content\" rel=\"sponsored nofollow noopener\" target=\"_blank\"><\/p>\n<p>\t\t\t\t<img alt=\"Annons\" class=\"MediaWrapper-content Ad-image\" src=\"https:\/\/www.europesays.com\/se\/wp-content\/uploads\/2025\/12\/1767177916_617_banner1404x720.jpg\" data-lazy-load-target=\"content\" width=\"468\" height=\"240\" loading=\"lazy\" decoding=\"async\" fetchpriority=\"auto\"\/><\/p>\n<p>\t\t<\/a><\/p>\n<p>Trots att en handlingsplan pekat ut att ultraljudsmottagningen beh\u00f6ver evakueras saknas fortfarande en plan f\u00f6r fullst\u00e4ndig evakuering, skriver de. Nu kr\u00e4ver skyddsombuden att hela ultraljudsmottagningen evakueras f\u00f6re februari, d\u00e5 n\u00e4sta etapp i bygget tar vid.<\/p>\n<p>Av arbetsgivarens svar framg\u00e5r att man har f\u00f6rs\u00f6kt komma vidare med flera arbetsmilj\u00f6\u00e5tg\u00e4rder under \u00e5ret. Bland annat har man unders\u00f6kt m\u00f6jligheten att flytta till H\u00f6gsbo sjukhus. Det f\u00f6rslaget fick dock nobben, eftersom en annan verksamhet bed\u00f6mdes vara h\u00f6gre prioriterad. Dessutom har personligt formgjutna h\u00f6rselskydd best\u00e4llts, och medarbetare har getts m\u00f6jlighet till ut\u00f6kad rotation till specialistm\u00f6drav\u00e5rden. D\u00e4remot har det inte varit m\u00f6jligt att evakuera hela mottagningen, menar arbetsgivaren.<\/p>\n<p>L\u00e4kartidningen har s\u00f6kt l\u00e4karnas skyddsombud.<\/p>\n","protected":false},"excerpt":{"rendered":"Foto: Mostphotos Arbetsmilj\u00f6n p\u00e5 ultraljudsmottagningen p\u00e5 \u00d6stra sjukhuset i G\u00f6teborg har varit anstr\u00e4ngd \u00e4nda sedan arbetet med en&hellip;\n","protected":false},"author":2,"featured_media":121623,"comment_status":"","ping_status":"","sticky":false,"template":"","format":"standard","meta":{"footnotes":""},"categories":[12],"tags":[22,23,26,27,17,21,24,25,28,29,15,16,18,34,31,33,32,30,19,20],"class_list":{"0":"post-121622","1":"post","2":"type-post","3":"status-publish","4":"format-standard","5":"has-post-thumbnail","7":"category-sverige","8":"tag-breaking-news","9":"tag-breakingnews","10":"tag-featured-news","11":"tag-featurednews","12":"tag-headlines","13":"tag-huvudnyheter","14":"tag-latest-news","15":"tag-latestnews","16":"tag-main-news","17":"tag-mainnews","18":"tag-news","19":"tag-nyheter","20":"tag-rubriker","21":"tag-se","22":"tag-svenska","23":"tag-sverige","24":"tag-sweden","25":"tag-swedish","26":"tag-top-stories","27":"tag-topstories"},"share_on_mastodon":{"url":"https:\/\/pubeurope.com\/@se\/115813778966689720","error":""},"_links":{"self":[{"href":"https:\/\/www.europesays.com\/se\/wp-json\/wp\/v2\/posts\/121622","targetHints":{"allow":["GET"]}}],"collection":[{"href":"https:\/\/www.europesays.com\/se\/wp-json\/wp\/v2\/posts"}],"about":[{"href":"https:\/\/www.europesays.com\/se\/wp-json\/wp\/v2\/types\/post"}],"author":[{"embeddable":true,"href":"https:\/\/www.europesays.com\/se\/wp-json\/wp\/v2\/users\/2"}],"replies":[{"embeddable":true,"href":"https:\/\/www.europesays.com\/se\/wp-json\/wp\/v2\/comments?post=121622"}],"version-history":[{"count":0,"href":"https:\/\/www.europesays.com\/se\/wp-json\/wp\/v2\/posts\/121622\/revisions"}],"wp:featuredmedia":[{"embeddable":true,"href":"https:\/\/www.europesays.com\/se\/wp-json\/wp\/v2\/media\/121623"}],"wp:attachment":[{"href":"https:\/\/www.europesays.com\/se\/wp-json\/wp\/v2\/media?parent=121622"}],"wp:term":[{"taxonomy":"category","embeddable":true,"href":"https:\/\/www.europesays.com\/se\/wp-json\/wp\/v2\/categories?post=121622"},{"taxonomy":"post_tag","embeddable":true,"href":"https:\/\/www.europesays.com\/se\/wp-json\/wp\/v2\/tags?post=121622"}],"curies":[{"name":"wp","href":"https:\/\/api.w.org\/{rel}","templated":true}]}}