{"id":121626,"date":"2025-12-31T10:54:06","date_gmt":"2025-12-31T10:54:06","guid":{"rendered":"https:\/\/www.europesays.com\/se\/121626\/"},"modified":"2025-12-31T10:54:06","modified_gmt":"2025-12-31T10:54:06","slug":"har-ar-vara-viktigaste-granskningar-och-nyheter-global-bar-magazine","status":"publish","type":"post","link":"https:\/\/www.europesays.com\/se\/121626\/","title":{"rendered":"H\u00e4r \u00e4r v\u00e5ra viktigaste granskningar och nyheter \u2013 Global Bar Magazine"},"content":{"rendered":"\n<p><strong>Under 2025 har Global Bar Magazine publicerat ett stort antal nyheter och f\u00f6rdjupade granskningar av bist\u00e5ndet. H\u00e4r \u00e4r en del av det vi publicerat under \u00e5ret. Tycker du att det kr\u00e4vs fler granskningar ocks\u00e5 under 2026? <a href=\"https:\/\/globalbar.se\/prenumerera-pa-varlden\/\" rel=\"nofollow noopener\" target=\"_blank\">Bli prenumerant s\u00e5 hj\u00e4lper du oss forts\u00e4tta arbetet.<\/a><\/strong><\/p>\n<p>Bundet bist\u00e5nd till Ukraina: 500 miljoner till f\u00f6retag i V\u00e4ster\u00e5s<\/p>\n<p>I en <a href=\"https:\/\/globalbar.se\/kategori\/bistand\/ukraina-energi\/\" rel=\"nofollow noopener\" target=\"_blank\">serie artiklar granskade vi det svenska st\u00f6det till den ukrainska energisektorn<\/a>. Bland annat kunde vi avsl\u00f6ja att en halv miljard av bist\u00e5ndspengarna \u00e4r l\u00e5sta i en garanti som i praktiken bara kan anv\u00e4ndas av ett k\u00e4rnbr\u00e4nslef\u00f6retag i V\u00e4ster\u00e5s som \u00e4gs av multinationella Westinghouse.\u00a0 Bundet bist\u00e5nd helt enkelt. <\/p>\n<p>Bist\u00e5ndet till Tanzania och fyra andra l\u00e4nder upph\u00f6r<\/p>\n<p>En dag innan regeringen meddelade omfattande neddragningar som innebar att bist\u00e5ndet till fem l\u00e4nder avslutades kunde vi avsl\u00f6ja att detta skulle ske. Vi hade r\u00e4tt p\u00e5 fyra av de fem l\u00e4nder som regeringen beslutat om.\u00a0<\/p>\n<p>D\u00e4rf\u00f6r stoppade Sida st\u00f6det till Swedwatch<\/p>\n<p>Sida beslutade att stoppa st\u00f6det till Swedwatch som granskar n\u00e4ringslivet, samtidigt som man f\u00f6rnyar samarbeten med organisationer med koppling till f\u00f6retagen sj\u00e4lva. Dubbelmoral? D\u00f6m sj\u00e4lv.<\/p>\n<p>Sida stoppar svenska organisationer\u2013\u00a0ingen f\u00e5r HUM-avtal<\/p>\n<p>Flera svenska organisationer f\u00f6rlorar sina humanit\u00e4ra partneravtal och ist\u00e4llet valde Sida organisationer fr\u00e5n bland annat Frankrikee. Besluten v\u00e4cker starka reaktioner och fr\u00e5gan \u00e4r om Sida kommer att f\u00e5 g\u00f6ra om urvalet eftersom det nya regleringsbrevet tydligt anger att den svenska resursbasen ska utnyttjas.\u00a0\u00a0\u00a0<\/p>\n<p>F\u00f6rst f\u00f6rbj\u00f6d Israel R\u00e4dda Barnen \u2013 sedan n\u00e4stan alla andra organisationer<\/p>\n<p>Israel f\u00f6rbj\u00f6d R\u00e4dda Barnen-r\u00f6relsen (Save the Children) att verka i b\u00e5de Gaza och p\u00e5 V\u00e4stbanken. Den 30 december kom nyheten om att ett<a href=\"https:\/\/globalbar.se\/2025\/12\/israel-forbjuder-40-tal-organisationer\/\" rel=\"nofollow noopener\" target=\"_blank\"> 40-tal andra organisationer ocks\u00e5 f\u00f6rbjudits.<\/a><\/p>\n<p>SKR tvingas betala tillbaka miljoner till Sida<\/p>\n<p>Konsultbolaget SALAR International som \u00e4gs av Sveriges kommuner och regioner (SKR) har \u00f6verdebiterat Sida f\u00f6r sina projekt. Nu tvingas bolaget betala tillbaka m\u00e5nga miljoner kronor samtidigt som samtliga nya avtal stoppas.<\/p>\n<p>Vad \u00e4r sant och falskt om ICHR och Hamas?<\/p>\n<p>I en intervju i Aftonbladet som f\u00e5tt stor spridning h\u00e4vdar bist\u00e5ndsminister Benjamin Dousa att organisationen ICHR som Sverige st\u00f6djer har kopplingar till Hamas. Helt fel, s\u00e4ger organisationen och f\u00e5r medh\u00e5ll fr\u00e5n svenska Palestinak\u00e4nnare.\u00a0Vi gick till botten med orsaken \u2013 och hur israeliska desinformation blev officiellt svenskt uttalande.<\/p>\n<p>S\u00e5 styr UD Sida-chefens beslut<\/p>\n<p>Vi har de senaste \u00e5ren g\u00e5ng p\u00e5 g\u00e5ng visat hur UD detaljstyr Sida-chefen. I ett mail fick Diana Janse Sidas generaldirekt\u00f6r direkta instruktioner om att st\u00f6dja ett projekt som drivs av en finsk entrepren\u00f6r. \u201dJakob \u00e4r intresserad av att myndigheten ska driva mer av projekt\u201d, skriver Diana Janse i mailet. \u00c4r detta ministerstyre? Fr\u00e5gan l\u00e4r komma upp i konstitutionsutskottet under v\u00e5ren 2026.<\/p>\n<p>Somalia-skandalen: V\u00e5rt f\u00f6rsta avsl\u00f6jande banande v\u00e4g f\u00f6r omfattande granskning<\/p>\n<p>I b\u00f6rja av april avsl\u00f6jade vi att den <a href=\"https:\/\/globalbar.se\/2025\/04\/somalia-utvisade-den-svenska-bistandschefen\/\" rel=\"nofollow noopener\" target=\"_blank\">svenska bist\u00e5ndschefen f\u00f6rklarats persona non grata i Somalia.<\/a> Det var ett misstag att utvisa den svenska bist\u00e5ndschefen ska somaliska diplomater senare ha medgett vid ett. Samtidigt kunde Global Bar Magazine avsl\u00f6ja att\u00a0<a href=\"https:\/\/globalbar.se\/2025\/05\/somalia-misstag-utvisa-svensk-bistandschef\/\" rel=\"nofollow noopener\" target=\"_blank\">Somalias premi\u00e4rminister beg\u00e4rt pengar f\u00f6r att ta emot utvisade personer<\/a>, uppgifter som Ekot sedan gr\u00e4vde vidare kring och d\u00e5 kunde avsl\u00f6ja att det totalt handlade om 100 miljoner kronor som tagits fr\u00e5n bist\u00e5ndsbudgeten.<\/p>\n<p>Sida: Tre i styrelsen fr\u00e5n Tid\u00f6-partierna \u2013 ingen fr\u00e5n oppositionen<\/p>\n<p>Styrningen av Sida blir allt mer politisk. Med Martin \u00c4ngeby finns det numera tre styrelseledam\u00f6ter med stark koppling till regeringspartierna \u2013 och ingen fr\u00e5n oppositionen.<\/p>\n<p>Svenska Gaza-pengar fast p\u00e5 regeringens konto<\/p>\n<p>Nio m\u00e5nader efter att regeringen beslutade att f\u00f6rmedla medel till Gaza via andra kanaler \u00e4n UNRWA stod n\u00e4stan tv\u00e5 tredjedelar av pengarna kvar p\u00e5 svenska konton \u2013 trots att sv\u00e4lten i Gaza bara blivit v\u00e4rre. V\u00e5rt avsl\u00f6jande ledde bland annat till fr\u00e5gor i Riksdagen.\u00a0<\/p>\n<p>Oklara r\u00e4ttsgrunden n\u00e4r Sida anv\u00e4nde sig av AI-granskning<\/p>\n<p>Sida anlitade ett f\u00f6retag f\u00f6r en AI-granskning av organisationers sociala medie-kontot, men grunden var minst sagt otydlig, n\u00e5got som yttrandefrihetsexperten Nils Funcke att varna f\u00f6r att Sida riskerar att bryta mot grundlagen.<\/p>\n<p>S\u00e5 mycket kostar Sidas granskning av \u201dsm\u00e5projekt\u201d<\/p>\n<p>O\u00e4ndlig byr\u00e5krati, inst\u00e4llda semestrar och en massa arbete f\u00f6r sm\u00e5 organisationer. Vilka \u00e4r d\u00e5 vinnarna p\u00e5 det nya bist\u00e5ndet? Revisionsbyr\u00e5erna verkar det som. I n\u00e5gra fall kan Sida kommer att betala en granskningskostnad motsvarande 10-20 procent av hela projektbudgeten, visade Global Bar Magazines genomg\u00e5ng.<\/p>\n<p>Sida k\u00e4mpar med att definiera islamism \u2013 det g\u00e5r s\u00e5d\u00e4r<\/p>\n<p>Samtidigt som regeringen valde att ge 100 miljoner till verksamhet n\u00e4rst\u00e5ende den islamistiske premi\u00e4rministern i Somalia fick Sida order om att detaljgranska svenska organisationer. Men vad \u00e4r egentligen islamism? N\u00e4r Global Bar Magazine st\u00e4ller f\u00f6ljdfr\u00e5gor ville Sidas chefsjurist inte svara.<\/p>\n<p>Sida-chefen stoppar Palmecentret<\/p>\n<p>Sidas generaldirekt\u00f6r har fattat ett beslut som inneb\u00e4r att Palmecentret inte l\u00e4ngre kan f\u00e5 pengar fr\u00e5n Sidas strategi f\u00f6r civilsamh\u00e4llet. Samtidigt har Sida-chefen \u00e4ndrat regler som g\u00f6r det l\u00e4ttare f\u00f6r SD att f\u00e5 pengar. Reaktionerna blev som v\u00e4ntat starka.<\/p>\n<p>Och sen svarade Sida-chefen<\/p>\n<p>Sida-chefen Jakob Granit har st\u00e5tt i skottgluggen under \u00e5ret. Att f\u00e5 en muntlig intervju har inte varit det l\u00e4ttaste , men h\u00e4r svarar han skriftlig p\u00e5 v\u00e5ra fr\u00e5gor om ledarskap och annat.<\/p>\n<p>D\u00e5lig arbetsmilj\u00f6 p\u00e5 Sida<\/p>\n<p>Sjukskrivningar, chefer som s\u00e4ger upp sig och en arbetsmilj\u00f6 som inte f\u00f6rb\u00e4ttrats trots dialog och samtal. Brister i arbetsmilj\u00f6n p\u00e5 Sida har varit ett \u00e5terkommande \u00e4mne under 2026. Till slut valde Skyddsombudet att anm\u00e4la Sida till Arbetsmilj\u00f6verket.<\/p>\n<p><strong>Redaktionen<\/strong><\/p>\n<p>L\u00e4s ocks\u00e5<\/p>\n","protected":false},"excerpt":{"rendered":"Under 2025 har Global Bar Magazine publicerat ett stort antal nyheter och f\u00f6rdjupade granskningar av bist\u00e5ndet. H\u00e4r \u00e4r&hellip;\n","protected":false},"author":2,"featured_media":121627,"comment_status":"","ping_status":"","sticky":false,"template":"","format":"standard","meta":{"footnotes":""},"categories":[12],"tags":[22,23,26,27,17,21,24,25,28,29,15,16,18,34,31,33,32,30,19,20],"class_list":{"0":"post-121626","1":"post","2":"type-post","3":"status-publish","4":"format-standard","5":"has-post-thumbnail","7":"category-sverige","8":"tag-breaking-news","9":"tag-breakingnews","10":"tag-featured-news","11":"tag-featurednews","12":"tag-headlines","13":"tag-huvudnyheter","14":"tag-latest-news","15":"tag-latestnews","16":"tag-main-news","17":"tag-mainnews","18":"tag-news","19":"tag-nyheter","20":"tag-rubriker","21":"tag-se","22":"tag-svenska","23":"tag-sverige","24":"tag-sweden","25":"tag-swedish","26":"tag-top-stories","27":"tag-topstories"},"share_on_mastodon":{"url":"https:\/\/pubeurope.com\/@se\/115813814394710461","error":""},"_links":{"self":[{"href":"https:\/\/www.europesays.com\/se\/wp-json\/wp\/v2\/posts\/121626","targetHints":{"allow":["GET"]}}],"collection":[{"href":"https:\/\/www.europesays.com\/se\/wp-json\/wp\/v2\/posts"}],"about":[{"href":"https:\/\/www.europesays.com\/se\/wp-json\/wp\/v2\/types\/post"}],"author":[{"embeddable":true,"href":"https:\/\/www.europesays.com\/se\/wp-json\/wp\/v2\/users\/2"}],"replies":[{"embeddable":true,"href":"https:\/\/www.europesays.com\/se\/wp-json\/wp\/v2\/comments?post=121626"}],"version-history":[{"count":0,"href":"https:\/\/www.europesays.com\/se\/wp-json\/wp\/v2\/posts\/121626\/revisions"}],"wp:featuredmedia":[{"embeddable":true,"href":"https:\/\/www.europesays.com\/se\/wp-json\/wp\/v2\/media\/121627"}],"wp:attachment":[{"href":"https:\/\/www.europesays.com\/se\/wp-json\/wp\/v2\/media?parent=121626"}],"wp:term":[{"taxonomy":"category","embeddable":true,"href":"https:\/\/www.europesays.com\/se\/wp-json\/wp\/v2\/categories?post=121626"},{"taxonomy":"post_tag","embeddable":true,"href":"https:\/\/www.europesays.com\/se\/wp-json\/wp\/v2\/tags?post=121626"}],"curies":[{"name":"wp","href":"https:\/\/api.w.org\/{rel}","templated":true}]}}