{"id":121628,"date":"2025-12-31T10:55:21","date_gmt":"2025-12-31T10:55:21","guid":{"rendered":"https:\/\/www.europesays.com\/se\/121628\/"},"modified":"2025-12-31T10:55:21","modified_gmt":"2025-12-31T10:55:21","slug":"8-sidor-nya-svenska-ord-ar-2025","status":"publish","type":"post","link":"https:\/\/www.europesays.com\/se\/121628\/","title":{"rendered":"8 Sidor &#8211; Nya svenska ord \u00e5r 2025"},"content":{"rendered":"<p>Svenska spr\u00e5ket \u00e4ndras hela tiden.<br \/>Vi b\u00f6rjar anv\u00e4nda nya ord.<\/p>\n<p>Varje \u00e5r kommer en lista<br \/>med nya ord.<br \/>Nu har \u00e5rets lista kommit.<\/p>\n<p>I b\u00f6rjan av \u00e5ret blev<br \/>Donald Trump<br \/>USAs nya ledare.<\/p>\n<p>M\u00e5nga av orden<br \/>handlar om hans politik.<\/p>\n<p>Popul\u00e4ra ord p\u00e5 internet<br \/>\u00e4r ocks\u00e5 med p\u00e5 listan,<br \/>till exempel skibidi<br \/>och six seven.<\/p>\n<p>Ordet mammakorv \u00e4r<br \/>ett annat ord p\u00e5 listan.<br \/>Det \u00e4r en l\u00e5ng jacka<br \/>kvinnor ofta anv\u00e4nder<br \/>p\u00e5 vintern.<\/p>\n<p>Myndigheten Spr\u00e5kr\u00e5det g\u00f6r listan<br \/>tillsammans med Spr\u00e5ktidningen.<\/p>\n<p>8 SIDOR<\/p>\n<p><strong>K\u00e4nner du igen n\u00e5gra av orden? <\/strong><br \/><strong>Anv\u00e4nder du dem sj\u00e4lv? <\/strong><br \/><strong>Saknas n\u00e5got ord?<\/strong><br \/><strong>Skriv g\u00e4rna en kommentar.<\/strong><\/p>\n<ul>\n<li class=\"font-claude-response-body break-words whitespace-normal leading-[1.7]\"><strong>Mammakorv<\/strong> \u2013 En l\u00e5ng kappa av dun.<br \/>M\u00e5nga mammor b\u00e4r den p\u00e5 vintern.<\/li>\n<li class=\"font-claude-response-body break-words whitespace-normal leading-[1.7]\"><strong>Skibidi<\/strong> \u2013 Det kan betyda konstigt, d\u00e5ligt eller bra.<br \/>Oftast betyder det ingenting.<br \/>Unga anv\u00e4nder det ofta p\u00e5 internet.<\/li>\n<li class=\"font-claude-response-body break-words whitespace-normal leading-[1.7]\"><strong>Six seven<\/strong> \u2013 Det kan betyda att n\u00e5got<br \/>\u00e4r okej eller ingenting speciellt.<br \/>L\u00e5ten <strong>Doot doot<\/strong> av Skrilla<br \/>kan ha gjort ordet popul\u00e4rt.<br \/>Skrilla s\u00e4ger six seven i l\u00e5ten.<\/li>\n<li class=\"font-claude-response-body break-words whitespace-normal leading-[1.7]\"><strong>Hj\u00e4rnr\u00f6ta<\/strong> \u2013 N\u00e4r du tittar p\u00e5 mobilen<br \/>f\u00f6r mycket och ser filmer<br \/>som inte \u00e4r viktiga.<br \/>D\u00e5 kan det bli sv\u00e5rare<br \/>att t\u00e4nka och fokusera.<\/li>\n<li class=\"font-claude-response-body break-words whitespace-normal leading-[1.7]\"><strong>Ragebait<\/strong> \u2013 Texter eller bilder p\u00e5 internet<br \/>som g\u00f6r m\u00e4nniskor irriterade.<br \/>Den som gjort texterna eller bilderna<br \/>vill att folk ska sprida dem p\u00e5 internet.<\/li>\n<li class=\"font-claude-response-body break-words whitespace-normal leading-[1.7]\"><strong>H\u00e4mndtull<\/strong> \u2013 Tull \u00e4r en skatt p\u00e5 varor<br \/>fr\u00e5n andra l\u00e4nder.<br \/>En h\u00e4mndtull \u00e4r en tull<br \/>som ett land anv\u00e4nder<br \/>f\u00f6r att h\u00e4mnas p\u00e5 ett annat land.<br \/>Ordet blev vanligt n\u00e4r<br \/>USAs ledare Donald Trump<br \/>br\u00e5kade om tullar.<\/li>\n<li class=\"font-claude-response-body break-words whitespace-normal leading-[1.7]\"><strong>Trumpviskare<\/strong> \u2013 En person som \u00e4r bra p\u00e5<br \/>att prata med Donald Trump.<br \/>Personen f\u00e5r Trump p\u00e5 gott hum\u00f6r.<br \/>D\u00e5 kan personen p\u00e5verka Trump<br \/>att s\u00e4ga ja till saker.<\/li>\n<\/ul>\n<p>P\u00e5 Spr\u00e5kr\u00e5dets hemsida kan du l\u00e4sa <a href=\"https:\/\/www.isof.se\/svenska-spraket\/nyord\/nyordslistan-2025\" rel=\"nofollow noopener\" target=\"_blank\">hela listan<\/a>.<\/p>\n<p>                <img loading=\"lazy\" decoding=\"async\" width=\"750\" height=\"402\" src=\"https:\/\/www.europesays.com\/se\/wp-content\/uploads\/2025\/12\/mobil.jpg\" class=\"attachment-medium size-medium\" alt=\"En flicka h\u00e5ller en mobiltelefon framf\u00f6r ansiktet.\"\/><\/p>\n<p>                        Hon tittar i mobilen.<br \/>\n                                Foto: NTB\/TT                            <\/p>\n","protected":false},"excerpt":{"rendered":"Svenska spr\u00e5ket \u00e4ndras hela tiden.Vi b\u00f6rjar anv\u00e4nda nya ord. Varje \u00e5r kommer en listamed nya ord.Nu har \u00e5rets&hellip;\n","protected":false},"author":2,"featured_media":121629,"comment_status":"","ping_status":"","sticky":false,"template":"","format":"standard","meta":{"footnotes":""},"categories":[5],"tags":[22,23,26,27,17,21,24,25,28,29,15,16,18,34,31,33,32,30,19,20],"class_list":{"0":"post-121628","1":"post","2":"type-post","3":"status-publish","4":"format-standard","5":"has-post-thumbnail","7":"category-rubriker","8":"tag-breaking-news","9":"tag-breakingnews","10":"tag-featured-news","11":"tag-featurednews","12":"tag-headlines","13":"tag-huvudnyheter","14":"tag-latest-news","15":"tag-latestnews","16":"tag-main-news","17":"tag-mainnews","18":"tag-news","19":"tag-nyheter","20":"tag-rubriker","21":"tag-se","22":"tag-svenska","23":"tag-sverige","24":"tag-sweden","25":"tag-swedish","26":"tag-top-stories","27":"tag-topstories"},"share_on_mastodon":{"url":"https:\/\/pubeurope.com\/@se\/115813818200061444","error":""},"_links":{"self":[{"href":"https:\/\/www.europesays.com\/se\/wp-json\/wp\/v2\/posts\/121628","targetHints":{"allow":["GET"]}}],"collection":[{"href":"https:\/\/www.europesays.com\/se\/wp-json\/wp\/v2\/posts"}],"about":[{"href":"https:\/\/www.europesays.com\/se\/wp-json\/wp\/v2\/types\/post"}],"author":[{"embeddable":true,"href":"https:\/\/www.europesays.com\/se\/wp-json\/wp\/v2\/users\/2"}],"replies":[{"embeddable":true,"href":"https:\/\/www.europesays.com\/se\/wp-json\/wp\/v2\/comments?post=121628"}],"version-history":[{"count":0,"href":"https:\/\/www.europesays.com\/se\/wp-json\/wp\/v2\/posts\/121628\/revisions"}],"wp:featuredmedia":[{"embeddable":true,"href":"https:\/\/www.europesays.com\/se\/wp-json\/wp\/v2\/media\/121629"}],"wp:attachment":[{"href":"https:\/\/www.europesays.com\/se\/wp-json\/wp\/v2\/media?parent=121628"}],"wp:term":[{"taxonomy":"category","embeddable":true,"href":"https:\/\/www.europesays.com\/se\/wp-json\/wp\/v2\/categories?post=121628"},{"taxonomy":"post_tag","embeddable":true,"href":"https:\/\/www.europesays.com\/se\/wp-json\/wp\/v2\/tags?post=121628"}],"curies":[{"name":"wp","href":"https:\/\/api.w.org\/{rel}","templated":true}]}}