{"id":121630,"date":"2025-12-31T10:57:07","date_gmt":"2025-12-31T10:57:07","guid":{"rendered":"https:\/\/www.europesays.com\/se\/121630\/"},"modified":"2025-12-31T10:57:07","modified_gmt":"2025-12-31T10:57:07","slug":"beslut-fran-svenska-ishockeyforbundets-disciplinnamnd-zach-giuttari","status":"publish","type":"post","link":"https:\/\/www.europesays.com\/se\/121630\/","title":{"rendered":"Beslut fr\u00e5n Svenska Ishockeyf\u00f6rbundets Disciplinn\u00e4mnd \u2013 Zach Giuttari"},"content":{"rendered":"<p><img decoding=\"async\" src=\"https:\/\/www.europesays.com\/se\/wp-content\/uploads\/2025\/08\/1756413623_985_error-b0945c17.png\" data- class=\"lazyload blur-up z-0\" style=\"\" alt=\"\" width=\"100%\" height=\"auto\" data-v-9e7f635d=\"\"\/><\/p>\n<p>Disciplin\u00e4rende<\/p>\n<p class=\"article-intro\" data-v-7040d6fb=\"\">V\u00e4xj\u00f6s spelare Zach Giuttari f\u00e4lls f\u00f6r Illegal check to the head i g\u00e5rdagens match mellan V\u00e4xj\u00f6 och R\u00f6gle av Svenska Ishockeyf\u00f6rbundets Disciplinn\u00e4mnd. Hanteringen av \u00e4rendet har skett enligt de rutiner som g\u00e4ller f\u00f6r disciplin\u00e4renden under s\u00e4songen.<\/p>\n<p class=\"paragraph text-left\"> N\u00e4r det \u00e5terst\u00e5r 5.04 av tredje perioden s\u00e5 sl\u00e5s pucker ur zonen hos V\u00e4xj\u00f6. L\u00e5ngt fr\u00e5n spelet s\u00e5 \u00e5ker Nr 8 i V\u00e4xj\u00f6 Zach Giuttari in framf\u00f6r Nr 51 i R\u00f6gle Calle Sj\u00e4lin och tacklar med kraft i huvudet p\u00e5 Sj\u00e4lin som inte har n\u00e5gon m\u00f6jlighet att skydda sig.  <\/p>\n<p class=\"paragraph text-left\"> <strong>Avst\u00e4ngning<\/strong> <\/p>\n<p class=\"paragraph text-left\"> Avst\u00e4ngning fr.o.m. den 31 december 2025 t.o.m. den 6 januari 2026. Avst\u00e4ngningen bed\u00f6ms motsvara tv\u00e5 (2) matcher. <\/p>\n<p class=\"paragraph text-left\"> <strong>B\u00f6ter<\/strong> <\/p>\n<p class=\"paragraph text-left\"> 13 000 kr.  <\/p>\n<p>Svenska ishockeyf\u00f6rbundets disciplinn\u00e4mnds beslut<\/p>\n<p class=\"paragraph text-left\"> N\u00e4mnden finner det utrett att Zachary Giuttari gjort sig skyldig till<br \/>\nIllegal check to the head. Situationen kan inte f\u00f6rklaras p\u00e5 s\u00e5 s\u00e4tt Zachary<br \/>\nGiuttari g\u00f6r, dvs. att det \u00e4r en olycklig kollision. Huvudtacklingen hade<br \/>\nkunnat undvikas. F\u00f6rseelsen b\u00f6r f\u00f6ranleda en avst\u00e4ngning. Avst\u00e4ngningens l\u00e4ngd<br \/>\nbest\u00e4ms till en tid som bed\u00f6ms motsvara tv\u00e5 matcher. Han ska dessutom betala<br \/>\nb\u00f6ter med det belopp som framg\u00e5r av beslutet.  <\/p>\n<p class=\"paragraph text-left\"> Vid straffm\u00e4tningen har n\u00e4mnden<br \/>\ns\u00e4rskilt beaktat f\u00f6ljande nyckelfaktorer:\u00a0\n <\/p>\n<p class=\"paragraph text-left\"> \u2013 Tacklingen sker utanf\u00f6r spelet och utdelas fr\u00e5n sidan mot en skyddsl\u00f6s<br \/>\nspelare.<br \/>\u2013 Stor skaderisk. <\/p>\n<p class=\"paragraph text-left\"> <a target=\"_blank\" href=\"https:\/\/drive.google.com\/file\/d\/17JWICIu39AYmDt43rf8EoTHbb43x9M3E\/view?usp=sharing\" rel=\"nofollow noopener\">Hela beslutet<\/a>\u00a0\u00a0 <\/p>\n","protected":false},"excerpt":{"rendered":"Disciplin\u00e4rende V\u00e4xj\u00f6s spelare Zach Giuttari f\u00e4lls f\u00f6r Illegal check to the head i g\u00e5rdagens match mellan V\u00e4xj\u00f6 och&hellip;\n","protected":false},"author":2,"featured_media":121631,"comment_status":"","ping_status":"","sticky":false,"template":"","format":"standard","meta":{"footnotes":""},"categories":[68],"tags":[34,111,110,31,33,32,30],"class_list":{"0":"post-121630","1":"post","2":"type-post","3":"status-publish","4":"format-standard","5":"has-post-thumbnail","7":"category-sport","8":"tag-se","9":"tag-sport","10":"tag-sports","11":"tag-svenska","12":"tag-sverige","13":"tag-sweden","14":"tag-swedish"},"share_on_mastodon":{"url":"https:\/\/pubeurope.com\/@se\/115813826048307450","error":""},"_links":{"self":[{"href":"https:\/\/www.europesays.com\/se\/wp-json\/wp\/v2\/posts\/121630","targetHints":{"allow":["GET"]}}],"collection":[{"href":"https:\/\/www.europesays.com\/se\/wp-json\/wp\/v2\/posts"}],"about":[{"href":"https:\/\/www.europesays.com\/se\/wp-json\/wp\/v2\/types\/post"}],"author":[{"embeddable":true,"href":"https:\/\/www.europesays.com\/se\/wp-json\/wp\/v2\/users\/2"}],"replies":[{"embeddable":true,"href":"https:\/\/www.europesays.com\/se\/wp-json\/wp\/v2\/comments?post=121630"}],"version-history":[{"count":0,"href":"https:\/\/www.europesays.com\/se\/wp-json\/wp\/v2\/posts\/121630\/revisions"}],"wp:featuredmedia":[{"embeddable":true,"href":"https:\/\/www.europesays.com\/se\/wp-json\/wp\/v2\/media\/121631"}],"wp:attachment":[{"href":"https:\/\/www.europesays.com\/se\/wp-json\/wp\/v2\/media?parent=121630"}],"wp:term":[{"taxonomy":"category","embeddable":true,"href":"https:\/\/www.europesays.com\/se\/wp-json\/wp\/v2\/categories?post=121630"},{"taxonomy":"post_tag","embeddable":true,"href":"https:\/\/www.europesays.com\/se\/wp-json\/wp\/v2\/tags?post=121630"}],"curies":[{"name":"wp","href":"https:\/\/api.w.org\/{rel}","templated":true}]}}