{"id":121632,"date":"2025-12-31T11:01:06","date_gmt":"2025-12-31T11:01:06","guid":{"rendered":"https:\/\/www.europesays.com\/se\/121632\/"},"modified":"2025-12-31T11:01:06","modified_gmt":"2025-12-31T11:01:06","slug":"overgangen-inledd-kiribati-ar-i-2026","status":"publish","type":"post","link":"https:\/\/www.europesays.com\/se\/121632\/","title":{"rendered":"\u00d6verg\u00e5ngen inledd \u2013 Kiribati \u00e4r i 2026"},"content":{"rendered":"<p>Den lilla \u00f6nationen Kiribati i Stilla havet har, precis som varje \u00e5r, blivit f\u00f6rst med att ringa in det nya \u00e5ret. <\/p>\n<p>Klockan 11.00 svensk tid slog klockan midnatt i Kiribati, som d\u00e4rmed har inlett 2026. Kort d\u00e4refter f\u00f6ljer grannl\u00e4nderna Samoa och Tonga. <\/p>\n<p>Omni \u00e4r politiskt obundna och oberoende. Vi str\u00e4var efter att ge fler perspektiv p\u00e5 nyheterna. Har du fr\u00e5gor eller synpunkter kring v\u00e5r rapportering? <a href=\"https:\/\/omni.se\/overgangen-inledd-kiribati-ar-i-2026\/a\/mailto:redaktion@omni.se\" class=\"ArticleActions_contactLink__W2F1M\" rel=\"nofollow noopener\" target=\"_blank\">Kontakta redaktionen<\/a><\/p>\n","protected":false},"excerpt":{"rendered":"Den lilla \u00f6nationen Kiribati i Stilla havet har, precis som varje \u00e5r, blivit f\u00f6rst med att ringa in&hellip;\n","protected":false},"author":2,"featured_media":121633,"comment_status":"","ping_status":"","sticky":false,"template":"","format":"standard","meta":{"footnotes":""},"categories":[14],"tags":[22,23,26,27,17,21,12889,24,25,28,29,15,16,6210,18,34,31,33,32,30,19,20,51,52,53,54],"class_list":{"0":"post-121632","1":"post","2":"type-post","3":"status-publish","4":"format-standard","5":"has-post-thumbnail","7":"category-varlden","8":"tag-breaking-news","9":"tag-breakingnews","10":"tag-featured-news","11":"tag-featurednews","12":"tag-headlines","13":"tag-huvudnyheter","14":"tag-kiribati","15":"tag-latest-news","16":"tag-latestnews","17":"tag-main-news","18":"tag-mainnews","19":"tag-news","20":"tag-nyheter","21":"tag-oceanien","22":"tag-rubriker","23":"tag-se","24":"tag-svenska","25":"tag-sverige","26":"tag-sweden","27":"tag-swedish","28":"tag-top-stories","29":"tag-topstories","30":"tag-varlden","31":"tag-world","32":"tag-world-news","33":"tag-worldnews"},"share_on_mastodon":{"url":"https:\/\/pubeurope.com\/@se\/115813841799573853","error":""},"_links":{"self":[{"href":"https:\/\/www.europesays.com\/se\/wp-json\/wp\/v2\/posts\/121632","targetHints":{"allow":["GET"]}}],"collection":[{"href":"https:\/\/www.europesays.com\/se\/wp-json\/wp\/v2\/posts"}],"about":[{"href":"https:\/\/www.europesays.com\/se\/wp-json\/wp\/v2\/types\/post"}],"author":[{"embeddable":true,"href":"https:\/\/www.europesays.com\/se\/wp-json\/wp\/v2\/users\/2"}],"replies":[{"embeddable":true,"href":"https:\/\/www.europesays.com\/se\/wp-json\/wp\/v2\/comments?post=121632"}],"version-history":[{"count":0,"href":"https:\/\/www.europesays.com\/se\/wp-json\/wp\/v2\/posts\/121632\/revisions"}],"wp:featuredmedia":[{"embeddable":true,"href":"https:\/\/www.europesays.com\/se\/wp-json\/wp\/v2\/media\/121633"}],"wp:attachment":[{"href":"https:\/\/www.europesays.com\/se\/wp-json\/wp\/v2\/media?parent=121632"}],"wp:term":[{"taxonomy":"category","embeddable":true,"href":"https:\/\/www.europesays.com\/se\/wp-json\/wp\/v2\/categories?post=121632"},{"taxonomy":"post_tag","embeddable":true,"href":"https:\/\/www.europesays.com\/se\/wp-json\/wp\/v2\/tags?post=121632"}],"curies":[{"name":"wp","href":"https:\/\/api.w.org\/{rel}","templated":true}]}}