{"id":121634,"date":"2025-12-31T11:03:20","date_gmt":"2025-12-31T11:03:20","guid":{"rendered":"https:\/\/www.europesays.com\/se\/121634\/"},"modified":"2025-12-31T11:03:20","modified_gmt":"2025-12-31T11:03:20","slug":"elaret-2025-rekordbilligt-i-norr-och-dyrare-i-soder","status":"publish","type":"post","link":"https:\/\/www.europesays.com\/se\/121634\/","title":{"rendered":"El\u00e5ret 2025: rekordbilligt i norr och dyrare i s\u00f6der"},"content":{"rendered":"<p>\u00c5r 2025 pr\u00e4glades av tekniska f\u00f6r\u00e4ndringar i elmarknaden med automatiserad handel med reserver och finare tidsuppdelning, men \u00e4ven av s\u00e5v\u00e4l h\u00f6ga som l\u00e5ga marknadspriser. Det genomsnittliga systempriset steg n\u00e5got fr\u00e5n 41 till 44 \u00f6re\/kWh. I Sverige sj\u00f6nk priserna i norra Sverige med drygt 30 procent medan utvecklingen var den motsatta i s\u00f6dra Sverige. F\u00f6r SE3 uppgick \u00f6kningen till 25 procent medan \u00f6kningen var 18 procent i SE4.<\/p>\n<p>God tillg\u00e5ng till vatten- och vindkraft i kombination med begr\u00e4nsad \u00f6verf\u00f6ringskapacitet l\u00e5ste in kraft i norra Sverige med f\u00f6ljden av spill i s\u00e5v\u00e4l vind- som vattenkraften. Detta bidrog ocks\u00e5 till att andelen timmar med negativa priser under det f\u00f6rsta halv\u00e5ret uppgick till 10 procent av tiden i SE1 och SE2 och under drygt 70 procent av tiden var priserna i dessa omr\u00e5den l\u00e4gre \u00e4n 10 \u00f6re\/kWh.<\/p>\n<p>\u2014 Begr\u00e4nsad \u00f6verf\u00f6ringskapacitet fr\u00e5n norr till s\u00f6der medf\u00f6r att kraft l\u00e5ses in i norra Sverige vilket gav rekordl\u00e5ga priser under juni. \u00c4ven om andelen negativa priser har minskat n\u00e5got i \u00e5r s\u00e5 har priserna i SE1 och SE2 under drygt 70 procent av tiden varit l\u00e4gre \u00e4n 10 \u00f6re\/kWh. De l\u00e5ga priserna \u00e4r en utmaning ur ett investeringsperspektiv, s\u00e4ger Magnus Thorstensson, elmarknadsanalytiker p\u00e5 Energif\u00f6retagen Sverige.<\/p>\n<p>Under \u00e5r med god tillg\u00e5ng till vattenkraft blir prisskillnaderna inom landet vanligen stora d\u00e5 priserna i de norra elomr\u00e5dena blir mycket l\u00e5ga. I \u00e5r har priserna i s\u00f6dra Sverige dessutom tidvis varit h\u00f6ga. I b\u00f6rjan av \u00e5ret steg priserna mycket i samband med perioder med l\u00e5ga temperaturer och lite vind i Danmark och p\u00e5 kontinenten.<\/p>\n<p>Fl\u00f6desbaserad kapacitetsber\u00e4kning<\/p>\n<p>\u2013 Nu har det fortfarande g\u00e5tt relativt kort tid sedan inf\u00f6randet av den fl\u00f6desbaserade kapacitetsber\u00e4kningen i b\u00f6rjan av november 2024, men sedan dess kan vi se att prisvariationerna har \u00f6kat betydligt. Sen g\u00e5r det att tolka siffrorna som att s\u00f6dra Sverige i st\u00f6rre utstr\u00e4ckning kopplar med priset p\u00e5 kontinenten, s\u00e4ger Magnus Thorstensson.<\/p>\n<p>Under \u00e5ret skedde en sm\u00e4rtfri \u00f6verg\u00e5ng av elmarknadens tidsuppl\u00f6sning fr\u00e5n 60 till 15 minuter. F\u00f6r\u00e4ndringar i marknaden f\u00f6r den s\u00e5 kallade manuella frekvens\u00e5terst\u00e4llningsreserven (mFRR) medf\u00f6rde dock st\u00f6rre konvulsioner med kraftiga prissv\u00e4ngningar som inneburit obalanspriser mellan -10 000 och 3 599 \u20ac\/MW. Inf\u00f6randet av fl\u00f6desbaserad kapacitetsber\u00e4kning har medf\u00f6rt att tillg\u00e5ngen till \u00f6verf\u00f6ringskapacitet i intradag- och reglerkraftmarknaden begr\u00e4nsats. Detta har i kombination med den automatiserade mFRR-marknaden resulterat i mycket h\u00f6ga obalanspriser och stora prisvariationer.<\/p>\n<p>N\u00e5got h\u00f6gre genomsnittligt elpris<\/p>\n<p>Trots relativt god tillg\u00e5ng till vatten under f\u00f6rsta halv\u00e5ret var det genomsnittliga systempriset n\u00e5got h\u00f6gre 2025 \u00e4n f\u00f6reg\u00e5ende \u00e5r. Som \u00e5rsgenomsnitt uppgick systempriset, det vill s\u00e4ga referenspriset p\u00e5 den nordiska elmarknaden, till 44 \u00f6re\/kWh. \u00a0<\/p>\n<p>Detta \u00e4r en \u00f6kning med 3 \u00f6re, eller 7 procent, j\u00e4mf\u00f6rt med 41 \u00f6re\/kWh \u00e5r 2024. Systemprisets m\u00e5nadsgenomsnitt har varierat mellan 21 \u00f6re\/kWh i juni och 68 \u00f6re\/kWh i februari. Timpriserna f\u00f6r systempriset har varierat mellan -11 \u00f6re\/kWh och 275 \u00f6re\/kWh.<\/p>\n<p>Mer s\u00e4llan samma pris inom Sverige<\/p>\n<p>De genomsnittliga \u00e5rspriserna i de fyra svenska elomr\u00e5dena \u2013 Lule\u00e5 (elomr\u00e5de 1), Sundsvall (elomr\u00e5de 2), Stockholm (elomr\u00e5de 3) och Malm\u00f6 (elomr\u00e5de 4) \u2013 varierade mellan 18 och 67 \u00f6re\/kWh. I genomsnitt var elpriset i Malm\u00f6 16 \u00f6re\/kWh h\u00f6gre \u00e4n i Stockholm och 49 \u00f6re\/kWh h\u00f6gre \u00e4n i Sundsvall och Lule\u00e5. Priset i Lule\u00e5 var i genomsnitt 0,2 \u00f6re\/kWh h\u00f6gre \u00e4n i Sundsvall.<\/p>\n<p>Det h\u00f6gsta timpriset f\u00f6r \u00e5ret uppgick till 490 \u00f6re\/kWh i Malm\u00f6 den 20 januari klockan 08:00\u201309:00 och det l\u00e4gsta timpriset uppgick till -82 \u00f6re\/kWh i Lule\u00e5 den 2 oktober klockan 19:00 \u201320:00. Det h\u00f6gsta kvartspriset uppgick till 572 \u00f6re\/kWh och intr\u00e4ffade i Malm\u00f6 den 14 oktober klockan 18:45-19:00, medan det l\u00e4gsta uppgick till -104 \u00f6re\/kWh och intr\u00e4ffade den 2 oktober klockan 18:45-19:00.<\/p>\n<p>\u2013 Inf\u00f6randet av den fl\u00f6desbaserade kapacitetsber\u00e4kningsmetoden och \u00f6verg\u00e5ngen till femton minuters tidsuppl\u00f6sning p\u00e5 marknaden inneb\u00e4r att priset numera alltmer s\u00e4llan \u00e4r detsamma i alla svenska elomr\u00e5den. Under 2024 var priset detsamma i hela Sverige under 47 procent av tiden, medan siffran prelimin\u00e4rt uppg\u00e5r till 2 procent f\u00f6r 2025, s\u00e4ger Magnus Thorstensson.<\/p>\n<p>Tyska elpriser mer \u00e4n dubbelt s\u00e5 h\u00f6ga som i Norden<\/p>\n<p>Trots l\u00e5ga gaspriser bidrog b\u00e4ttre tillg\u00e5ng till vattenkraftproduktion att prisniv\u00e5n i Norden var klart l\u00e4gre \u00e4n i Tyskland, d\u00e4r det genomsnittliga priset blev 98 \u00f6re\/kWh (j\u00e4mf\u00f6rt med 44 \u00f6re\/kWh i Norden).<\/p>\n<p>Den h\u00f6ga andelen sol- och vindkraft i Tyskland g\u00f6r att prisvariationerna d\u00e4r \u00e4r betydligt st\u00f6rre. Det h\u00f6gsta timpriset under \u00e5ret var 643 \u00f6re\/kWh och det l\u00e4gsta -276 \u00f6re\/kWh.<\/p>\n<p>Negativa priser vanligare<\/p>\n<p>Med mer vindkraft och solkraft i kraftsystemet \u00f6kar risken f\u00f6r negativa elpriser. I Tyskland var priset negativt under 573 timmar, vilket \u00e4r 25 procent fler \u00e4n \u00e5ret f\u00f6re. I b\u00f6rjan av \u00e5ret var antalet timmar med negativa priser \u00e4ven h\u00f6gt i Norden, men n\u00e4r \u00e5ret summeras uppgick antalet timmar d\u00e5 systempriset var negativt till 101 timmar som \u00e4r en halvering j\u00e4mf\u00f6rt med 2024. \u00c4ven i de svenska elomr\u00e5dena sj\u00f6nk antalet timmar med negativa priser. I Lule\u00e5 var priset negativt i 519 timmar, i Sundsvall 679 timmar, i Stockholm 345 timmar och i Malm\u00f6 374, vilket \u00e4r mellan 6 och 47 procent f\u00e4rre \u00e4n f\u00f6rra \u00e5ret.<\/p>\n<tr>\n<td>\n<p>\u00f6re\/kWh<\/p>\n<\/td>\n<td>\n<p>Systempris<\/p>\n<\/td>\n<td>\n<p>SE1<\/p>\n<\/td>\n<td>\n<p>SE2<\/p>\n<\/td>\n<td>\n<p>SE3<\/p>\n<\/td>\n<td>\n<p>SE4<\/p>\n<\/td>\n<td>\n<p>Tyskland<\/p>\n<\/td>\n<\/tr>\n<tr>\n<td>\n<p>Genomsnittligt \u00e5rspris<\/p>\n<\/td>\n<td>\n<p>43,91<\/p>\n<\/td>\n<td>\n<p>18,40<\/p>\n<\/td>\n<td>\n<p>18,22<\/p>\n<\/td>\n<td>\n<p>51,15<\/p>\n<\/td>\n<td>\n<p>66,89<\/p>\n<\/td>\n<td>\n<p>98,48<\/p>\n<\/td>\n<\/tr>\n<tr>\n<td>\n<p>Max timpris<\/p>\n<\/td>\n<td>\n<p>274,80<\/p>\n<\/td>\n<td>\n<p>301,70<\/p>\n<\/td>\n<td>\n<p>295,20<\/p>\n<\/td>\n<td>\n<p>455,51<\/p>\n<\/td>\n<td>\n<p>490,43<\/p>\n<\/td>\n<td>\n<p>643,09<\/p>\n<\/td>\n<\/tr>\n<tr>\n<td>\n<p>Min timpris<\/p>\n<\/td>\n<td>\n<p>-11,09<\/p>\n<\/td>\n<td>\n<p>-81,77<\/p>\n<\/td>\n<td>\n<p>-28,04<\/p>\n<\/td>\n<td>\n<p>-27,85<\/p>\n<\/td>\n<td>\n<p>-28,13<\/p>\n<\/td>\n<td>\n<p>-275,93<\/p>\n<\/td>\n<\/tr>\n<tr>\n<td>\n<p>Max kvartspris<\/p>\n<\/td>\n<td>\n<p>330,04<\/p>\n<\/td>\n<td>\n<p>294,13<\/p>\n<\/td>\n<td>\n<p>321,91<\/p>\n<\/td>\n<td>\n<p>571,41<\/p>\n<\/td>\n<td>\n<p>572,29<\/p>\n<\/td>\n<td\/>\n<\/tr>\n<tr>\n<td>\n<p>Min kvartspris<\/p>\n<\/td>\n<td>\n<p>-0,04<\/p>\n<\/td>\n<td>\n<p>-104,37<\/p>\n<\/td>\n<td>\n<p>-4,56<\/p>\n<\/td>\n<td>\n<p>-5,46<\/p>\n<\/td>\n<td>\n<p>-6,80<\/p>\n<\/td>\n<td\/>\n<\/tr>\n<tr>\n<td\/>\n<td\/>\n<td\/>\n<td\/>\n<td\/>\n<td\/>\n<td\/>\n<\/tr>\n<tr>\n<td>\n<p>Timmar med negativa priser<\/p>\n<\/td>\n<td>\n<p>101<\/p>\n<\/td>\n<td>\n<p>519<\/p>\n<\/td>\n<td>\n<p>679<\/p>\n<\/td>\n<td>\n<p>345<\/p>\n<\/td>\n<td>\n<p>374<\/p>\n<\/td>\n<td>\n<p>573<\/p>\n<\/td>\n<\/tr>\n<p>Rekordl\u00e5g import<\/p>\n<p>Den totala elproduktionen under \u00e5ret uppgick till 168,1 TWh och nettoexporten 33,4 TWh. (Terawattimmar = miljarder kilowattimmar, kWh.) B\u00e5da siffrorna \u00e4r h\u00f6ga likt f\u00f6reg\u00e5ende \u00e5r. Importen som de senaste \u00e5ren minskat och var rekordl\u00e5g f\u00f6rra \u00e5ret, fortsatte att minska till 5,2 TWh.<\/p>\n<p>Den totala elanv\u00e4ndningen forts\u00e4tter att sjunka, nu med 1 procent till 134,7 TWh. Vilket \u00e4ven den temperaturkorrigerade anv\u00e4ndningen gjorde till 140 TWh.<\/p>\n<p>\u00d6kad produktion fr\u00e5n vatten och sol<\/p>\n<p>Med h\u00f6ga niv\u00e5er i vattenmagasinen \u00f6kade vattenkraftsproduktionen med 7 procent fr\u00e5n f\u00f6rra \u00e5ret till 68.8 TWh, som \u00e4r runt medel det senaste decenniet.<\/p>\n<p>\u2013 K\u00e4rnkraftsproduktionen sj\u00f6nk till 44,6 TWh efter att Oskarshamn st\u00e5tt still en stor del av \u00e5ret. \u00c4ven v\u00e4rmekraften, fr\u00e4mst fr\u00e5n industri samt kraftv\u00e4rmeverk som \u00e4ven producerar fj\u00e4rrv\u00e4rme, producerade liksom f\u00f6rra \u00e5ret mindre \u00e4n vanligt11,5 TWh. Trenden att elproduktion fr\u00e5n v\u00e4rmekraft minskar \u00e4r ett resultat av fortsatt h\u00f6ga br\u00e4nslepriser och l\u00e5ga elpriser p\u00e5 grund av god tillg\u00e5ng p\u00e5 vatten- och vindkraft samt milt v\u00e4der, s\u00e4ger Magnus Thorstensson<\/p>\n<p>Vindkraften som f\u00f6rra \u00e5ret spr\u00e4ngde 40 TWh-vallen minskade under \u00e5ret med fyra procent. Under en l\u00e5ng tid har vindkraftsproduktionen \u00f6kat tack vare konstant utbyggnad men vissa \u00e5r st\u00e5r det trots kraftig utbyggnad \u00e4nd\u00e5 still, till exempel \u00e5ren 2018 och 2021. Vindkraftsproduktionen 2024 var dock v\u00e4ldigt h\u00f6g. Ocks\u00e5 solkraften som har haft en stadig utbyggnadstakt uppskattas ha \u00f6kat. Dock inte lika mycket som tidigare. Under 2025 uppskattas en \u00f6kning med 8 procent till 4,5 TWh, vilket kan j\u00e4mf\u00f6ras med en \u00f6kning p\u00e5 33 procent f\u00f6reg\u00e5ende \u00e5r.<\/p>\n<p>Fotnot: Samtliga elproduktionssiffror \u00e4r prelimin\u00e4ra och kan komma att ge ett n\u00e5got annorlunda utfall n\u00e4r den officiella statistiken publiceras i februari. Solelen inkluderar egenf\u00f6rbrukning och mikroproduktion genom schablonber\u00e4kning och uppskattningen baseras p\u00e5 SCBs officiella statistik.<\/p>\n<p>El\u00e5ret 2025 i TWh<img decoding=\"async\" src=\"https:\/\/www.europesays.com\/se\/wp-content\/uploads\/2025\/12\/35f00696-4a26-4d21-9ad7-c5de107bc3e7-w_720.png\"  alt=\"\"\/>K\u00e4lla: Svenska Kraftn\u00e4t, Energif\u00f6retagen, SCB.<strong\/><img decoding=\"async\" src=\"https:\/\/www.europesays.com\/se\/wp-content\/uploads\/2025\/12\/a7021b9c-5e5c-4939-b45d-e5ec472ef1eb-w_720.png\"  alt=\"\"\/><img decoding=\"async\" src=\"https:\/\/www.europesays.com\/se\/wp-content\/uploads\/2025\/12\/5acb9876-360f-4c7a-96c7-87aa79674e1c-w_720.png\"  alt=\"\"\/><\/p>\n","protected":false},"excerpt":{"rendered":"\u00c5r 2025 pr\u00e4glades av tekniska f\u00f6r\u00e4ndringar i elmarknaden med automatiserad handel med reserver och finare tidsuppdelning, men \u00e4ven&hellip;\n","protected":false},"author":2,"featured_media":121635,"comment_status":"","ping_status":"","sticky":false,"template":"","format":"standard","meta":{"footnotes":""},"categories":[5],"tags":[22,23,26,27,17,21,24,25,28,29,15,16,18,34,31,33,32,30,19,20],"class_list":{"0":"post-121634","1":"post","2":"type-post","3":"status-publish","4":"format-standard","5":"has-post-thumbnail","7":"category-rubriker","8":"tag-breaking-news","9":"tag-breakingnews","10":"tag-featured-news","11":"tag-featurednews","12":"tag-headlines","13":"tag-huvudnyheter","14":"tag-latest-news","15":"tag-latestnews","16":"tag-main-news","17":"tag-mainnews","18":"tag-news","19":"tag-nyheter","20":"tag-rubriker","21":"tag-se","22":"tag-svenska","23":"tag-sverige","24":"tag-sweden","25":"tag-swedish","26":"tag-top-stories","27":"tag-topstories"},"share_on_mastodon":{"url":"https:\/\/pubeurope.com\/@se\/115813849691386551","error":""},"_links":{"self":[{"href":"https:\/\/www.europesays.com\/se\/wp-json\/wp\/v2\/posts\/121634","targetHints":{"allow":["GET"]}}],"collection":[{"href":"https:\/\/www.europesays.com\/se\/wp-json\/wp\/v2\/posts"}],"about":[{"href":"https:\/\/www.europesays.com\/se\/wp-json\/wp\/v2\/types\/post"}],"author":[{"embeddable":true,"href":"https:\/\/www.europesays.com\/se\/wp-json\/wp\/v2\/users\/2"}],"replies":[{"embeddable":true,"href":"https:\/\/www.europesays.com\/se\/wp-json\/wp\/v2\/comments?post=121634"}],"version-history":[{"count":0,"href":"https:\/\/www.europesays.com\/se\/wp-json\/wp\/v2\/posts\/121634\/revisions"}],"wp:featuredmedia":[{"embeddable":true,"href":"https:\/\/www.europesays.com\/se\/wp-json\/wp\/v2\/media\/121635"}],"wp:attachment":[{"href":"https:\/\/www.europesays.com\/se\/wp-json\/wp\/v2\/media?parent=121634"}],"wp:term":[{"taxonomy":"category","embeddable":true,"href":"https:\/\/www.europesays.com\/se\/wp-json\/wp\/v2\/categories?post=121634"},{"taxonomy":"post_tag","embeddable":true,"href":"https:\/\/www.europesays.com\/se\/wp-json\/wp\/v2\/tags?post=121634"}],"curies":[{"name":"wp","href":"https:\/\/api.w.org\/{rel}","templated":true}]}}