{"id":121636,"date":"2025-12-31T11:05:10","date_gmt":"2025-12-31T11:05:10","guid":{"rendered":"https:\/\/www.europesays.com\/se\/121636\/"},"modified":"2025-12-31T11:05:10","modified_gmt":"2025-12-31T11:05:10","slug":"ovanligt-nyarsfirande-for-sveriges-yngste-spelare-i-junior-vm","status":"publish","type":"post","link":"https:\/\/www.europesays.com\/se\/121636\/","title":{"rendered":"Ovanligt ny\u00e5rsfirande f\u00f6r Sveriges yngste spelare i junior-VM"},"content":{"rendered":"<p>\u2013 Det \u00e4r klart att vi vill ta guld, men det \u00e4r ett steg i taget som g\u00e4ller, s\u00e4ger Viggo Bj\u00f6rck best\u00e4mt.<\/p>\n<p>Den h\u00e4r s\u00e4songen ha<strong>r<\/strong> Viggo Bj\u00f6rck spelat sig till en ordinarie plats i Djurg\u00e5rdens SHL-lag. Det \u00f6ppnade d\u00f6rren till en plats i JVM-laget trots att han \u00e4r tv\u00e5 \u00e5r yngre \u00e4n de \u00e4ldsta spelarna i \u00e5rets m\u00e4sterskap.<\/p>\n<p>F\u00f6rklaringen till 17-\u00e5ringens fina h\u00f6st och vinter \u00e4r hans fantastiska spelf\u00f6rst\u00e5else, och ett lugn som imponerar. Inte minst med tanke p\u00e5 hans \u00e5lder. Dessutom tar han stort ansvar p\u00e5 isen, och kan anv\u00e4ndas i alla spelformer.<\/p>\n<p>\u2013 Eftersom jag den h\u00e4r s\u00e4songen f\u00f6r f\u00f6rsta g\u00e5ngen spelar seniorhockey har det h\u00e4r s\u00e5 klart varit n\u00e5got av ett omst\u00e4llnings\u00e5r, men jag tycker jag har byggt p\u00e5 mig en del styrka som har gjort att jag har kunnat hantera det p\u00e5 ett bra s\u00e4tt, s\u00e4ger 17-\u00e5ringen.<\/p>\n<p>N\u00e5got som m\u00e4rkts \u00e4ven p\u00e5 JVM-isen. I s\u00e5v\u00e4l den andra gruppspelsmatch mot Schweiz som i den tredje mot Tyskland var han Sveriges b\u00e4sta spelare. Den mogenhet som han visar g\u00f6r att gallret \u00e4r det enda som avsl\u00f6jar att han \u00e4r lagets yngsta spelare.<\/p>\n<p>          <img decoding=\"async\" class=\"picture__img\" src=\"https:\/\/www.europesays.com\/se\/wp-content\/uploads\/2025\/12\/a4e638b2-c9f8-4842-8872-ec7771e6f293.jpeg\"   alt=\"Parallellt med livet som SHL-spelare g\u00e5r Viggo Bj\u00f6rck andra \u00e5ret p\u00e5 gymnasiet.\"\/><\/p>\n<p>      Parallellt med livet som SHL-spelare g\u00e5r Viggo Bj\u00f6rck andra \u00e5ret p\u00e5 gymnasiet.<\/p>\n<p>      Foto: Aron Broman\/Bildbyr\u00e5n<\/p>\n<p><strong>I \u00e5rets<\/strong> <strong>svenska JVM-lag<\/strong> finns det inte bara en Bj\u00f6rck i truppen utan tv\u00e5. Viggo har s\u00e4llskap i Minneapolis, d\u00e4r junior-VM avg\u00f6rs, av sin tv\u00e5 \u00e5r \u00e4ldre storebror 19-\u00e5rige Wilson Bj\u00f6rck.<\/p>\n<p>Storebror fick se de tv\u00e5 f\u00f6rsta matcherna fr\u00e5n l\u00e4ktaren, men i matchen mot Tyskland var han med p\u00e5 isen.<\/p>\n<p>\u2013 Som alla andra som gillar hockey har jag s\u00e5 klart f\u00f6ljt JVM p\u00e5 tv tidigare, och jag minns n\u00e4r br\u00f6derna Nylander (William och Alexander) var med. Det var nog f\u00f6rsta g\u00e5ngen som jag t\u00e4nkte att det hade varit h\u00e4ftigt att f\u00e5 spela ett JVM med brorsan, ber\u00e4ttar Viggo Bj\u00f6rck.<\/p>\n<p>Det som f\u00f6r tio \u00e5r sedan var en dr\u00f6m blev verklighet. N\u00e5got som resulterade i att f\u00f6r\u00e4ldrarna pappa Jesper och mamma Caroline struntade i det vanliga jul- och ny\u00e5rsfirandet hemma i Sverige. Ist\u00e4llet packade de v\u00e4skorna f\u00f6r att plats f\u00f6lja junior-VM.<\/p>\n<p>\u2013 B\u00e5de pappa och mamma har alltid varit ett v\u00e4ldigt stort st\u00f6d f\u00f6r oss, s\u00e4ger 17-\u00e5rige Viggo Bj\u00f6rck.<\/p>\n<p><strong>I likhet med<\/strong> <strong>storebror Wilson<\/strong>, som inf\u00f6r den h\u00e4r s\u00e4songen l\u00e4mnade Sverige f\u00f6r USA och spel i collegeligan med Colorado College, har Viggo f\u00e5tt sin hockeyfostran i T\u00e4by HC.<\/p>\n<p>Att det blev hockey skulle kunna r\u00e4knas in under kategorin sj\u00e4lvklarheter. Inte bara f\u00f6r att de flesta lillebr\u00f6der vill g\u00f6ra som storebror, utan ocks\u00e5 f\u00f6r att pappa Jesper Bj\u00f6rck har ett f\u00f6rflutet som hockeyspelare. Under sin karri\u00e4r spelade han i h\u00f6gsta serien med S\u00f6dert\u00e4lje, Bryn\u00e4s och Djurg\u00e5rden. I dag jobbar han som marknadsansvarig p\u00e5 Svenska Ishockeyf\u00f6rbundet och har med andra ord fortfarande en n\u00e4ra relation till hockey.<\/p>\n<p>\u2013 Det har alltid varit v\u00e4ldigt mycket hockeysnack hemma, s\u00e4ger Viggo Bj\u00f6rck och ler.<\/p>\n<p>\u2013 Men jag spelade faktiskt fotboll ocks\u00e5 till jag var typ elva \u00e5r och testade p\u00e5 en del andra sporter ocks\u00e5. Inget var dock lika kul som hockey.<\/p>\n<p>          <img decoding=\"async\" class=\"picture__img\" src=\"https:\/\/www.europesays.com\/se\/wp-content\/uploads\/2025\/12\/800b6a78-eee9-4a66-8435-fd414e126092.jpeg\"   alt=\"F\u00f6rst till sommaren kan Viggo Bj\u00f6rck bli draftad av ett NHL-lag, men hans chanser att g\u00e5 i f\u00f6rstarundan ses som stora.\"\/><\/p>\n<p>      F\u00f6rst till sommaren kan Viggo Bj\u00f6rck bli draftad av ett NHL-lag, men hans chanser att g\u00e5 i f\u00f6rstarundan ses som stora.<\/p>\n<p>      Foto: Joel Marklund\/Bildbyr\u00e5n<\/p>\n<p>Inf\u00f6r s\u00e4songen 2024\/2025 tog ton\u00e5ringen steget fr\u00e5n moderklubben till Djurg\u00e5rden f\u00f6r spel i klubbens juniorlag.<\/p>\n<p>Efter att under sin f\u00f6rsta s\u00e4song gjort 74 po\u00e4ng p\u00e5 42 matcher i J20-laget, fick han den h\u00e4r s\u00e4songen chansen i A-laget. Den tog han med besked.<\/p>\n<p>Den ordinarie platsen i Djurg\u00e5rdens A-lag inneb\u00e4r matcher tv\u00e5-tre g\u00e5nger i veckan samt naturligtvis tr\u00e4ningar. Parallellt med det g\u00e5r Viggo Bj\u00f6rck andra \u00e5ret p\u00e5 gymnasiet.<\/p>\n<p>\u2013 Jag vill verkligen klara skolan ocks\u00e5, och jag f\u00e5r bra hj\u00e4lp av min studiecoach s\u00e5 det ska nog g\u00e5 \u00e4ven om n\u00e4rvaron inte alltid \u00e4r p\u00e5 topp, s\u00e4ger Viggo Bj\u00f6rck.<\/p>\n<p><strong>Lagom till<\/strong> <strong>att himlen<\/strong> hemma i Sverige lyses upp av ny\u00e5rsraketer g\u00f6r sig Juniorkronorna redo f\u00f6r den sista gruppspelsmatchen i JVM i Minneapolis.<\/p>\n<p>Vid tolvslaget \u00e4r det nedsl\u00e4pp i matchen mot v\u00e4rdnationen USA, som har vunnit tv\u00e5 raka guld i JVM.<\/p>\n<p>B\u00e5de Sverige och USA har g\u00e5tt obesegrade genom gruppen och m\u00f6tet dem emellan blir d\u00e4rmed en gruppfinal. Segraren i matchen vinner gruppen och f\u00e5r ett n\u00e5got enklare motst\u00e5nd i kvartsfinalen.<\/p>\n<p>          Fakta.S\u00e5 forts\u00e4tter JVM<\/p>\n<p>Samtliga tider \u00e4r svenska tider.<\/p>\n<p><strong>Sista gruppspelsmatchen<\/strong><\/p>\n<p>31 december 24.00: Sverige-USA<\/p>\n<p><strong>S\u00e5 avg\u00f6rs slutspelet<\/strong><\/p>\n<p>\u25cf\u00a0Gruppettorna m\u00f6ter gruppfyrorna, och grupptv\u00e5orna st\u00e4lls mot grupptreorna i kvartsfinalerna. Samtliga fyra kvartsfinaler spelas den 2 januari.<\/p>\n<p>\u25cf\u00a0Semifinalerna spelas den 4 januari, och final och bronsmatch den 5 januari.<\/p>\n<p>            Visa mer<\/p>\n<p>            Visa mindre<\/p>\n","protected":false},"excerpt":{"rendered":"\u2013 Det \u00e4r klart att vi vill ta guld, men det \u00e4r ett steg i taget som g\u00e4ller,&hellip;\n","protected":false},"author":2,"featured_media":121637,"comment_status":"","ping_status":"","sticky":false,"template":"","format":"standard","meta":{"footnotes":""},"categories":[68],"tags":[34,111,110,31,33,32,30],"class_list":{"0":"post-121636","1":"post","2":"type-post","3":"status-publish","4":"format-standard","5":"has-post-thumbnail","7":"category-sport","8":"tag-se","9":"tag-sport","10":"tag-sports","11":"tag-svenska","12":"tag-sverige","13":"tag-sweden","14":"tag-swedish"},"share_on_mastodon":{"url":"https:\/\/pubeurope.com\/@se\/115813857519563338","error":""},"_links":{"self":[{"href":"https:\/\/www.europesays.com\/se\/wp-json\/wp\/v2\/posts\/121636","targetHints":{"allow":["GET"]}}],"collection":[{"href":"https:\/\/www.europesays.com\/se\/wp-json\/wp\/v2\/posts"}],"about":[{"href":"https:\/\/www.europesays.com\/se\/wp-json\/wp\/v2\/types\/post"}],"author":[{"embeddable":true,"href":"https:\/\/www.europesays.com\/se\/wp-json\/wp\/v2\/users\/2"}],"replies":[{"embeddable":true,"href":"https:\/\/www.europesays.com\/se\/wp-json\/wp\/v2\/comments?post=121636"}],"version-history":[{"count":0,"href":"https:\/\/www.europesays.com\/se\/wp-json\/wp\/v2\/posts\/121636\/revisions"}],"wp:featuredmedia":[{"embeddable":true,"href":"https:\/\/www.europesays.com\/se\/wp-json\/wp\/v2\/media\/121637"}],"wp:attachment":[{"href":"https:\/\/www.europesays.com\/se\/wp-json\/wp\/v2\/media?parent=121636"}],"wp:term":[{"taxonomy":"category","embeddable":true,"href":"https:\/\/www.europesays.com\/se\/wp-json\/wp\/v2\/categories?post=121636"},{"taxonomy":"post_tag","embeddable":true,"href":"https:\/\/www.europesays.com\/se\/wp-json\/wp\/v2\/tags?post=121636"}],"curies":[{"name":"wp","href":"https:\/\/api.w.org\/{rel}","templated":true}]}}