{"id":121638,"date":"2025-12-31T11:08:07","date_gmt":"2025-12-31T11:08:07","guid":{"rendered":"https:\/\/www.europesays.com\/se\/121638\/"},"modified":"2025-12-31T11:08:07","modified_gmt":"2025-12-31T11:08:07","slug":"ai-stekhett-aven-nasta-ar-men-kraven-okar","status":"publish","type":"post","link":"https:\/\/www.europesays.com\/se\/121638\/","title":{"rendered":"AI stekhett \u00e4ven n\u00e4sta \u00e5r \u2013 men kraven \u00f6kar"},"content":{"rendered":"<p>AI v\u00e4ntas forts\u00e4tta vara temat p\u00e5 allas l\u00e4ppar under 2026, men i en lite annan tappning. Det s\u00e4ger Saxo-strategen Charu Chanana till Reuters. <\/p>\n<p>Mindre hausse och st\u00f6rre fokus p\u00e5 faktiskt genomslag och avkastning p\u00e5 de stora investeringarna v\u00e4ntas komma i f\u00f6rsta hand f\u00f6r investerarna.<\/p>\n<p>\u2013 Den st\u00f6rsta risken \u00e4r att investerare rusar mot utg\u00e5ngen inom b\u00e5de AI och \u00e4delmetaller, s\u00e4ger Chanana. <\/p>\n<p>Andra orosmoln \u00e4r Feds r\u00e4ntebana och de ekonomiska effekterna av tullarna, d\u00e4r marknaden kan ha varit lite v\u00e4l snabb att ta ut segern i f\u00f6rskott, varnar han. <\/p>\n<p>SPI-f\u00f6rvaltaren Stephen Innes \u00e4r inne p\u00e5 en liknande linje och uppger att marknaden beh\u00f6ver f\u00e5 en bekr\u00e4ftelse att Federal Reserve kommer att infria f\u00f6rv\u00e4ntningarna f\u00f6r \u00e5tminstone en av tv\u00e5 inprisade r\u00e4ntes\u00e4nkningar f\u00f6r att b\u00f6rsen ska forts\u00e4tta upp\u00e5t, skriver AFP. <\/p>\n<p>Wall Street tappade fart i\u202fg\u00e5r och st\u00e4ngde p\u00e5 sm\u00e5 minus f\u00f6r tredje dagen i rad. Capital.com-analytikern Kyle Rodda p\u00e5pekar att marknaden rundar av \u00e5ret i ett d\u00e4mpat tempo och s\u00e4tter punkt f\u00f6r ett bra men stundvis nerv\u00f6st b\u00f6rs\u00e5r. <\/p>\n<p>\u2013 Marknaderna priss\u00e4tter i stort sett ett n\u00e4ra nog perfekt scenario inf\u00f6r n\u00e4sta \u00e5r, s\u00e4ger han till Bloomberg. <\/p>\n<p>Omni \u00e4r politiskt obundna och oberoende. Vi str\u00e4var efter att ge fler perspektiv p\u00e5 nyheterna. Har du fr\u00e5gor eller synpunkter kring v\u00e5r rapportering? <a href=\"https:\/\/omni.se\/strateg-ai-fortsatt-stekhett-nasta-ar-men-kraven-okar\/a\/mailto:redaktion@omni.se\" class=\"ArticleActions_contactLink__W2F1M\" rel=\"nofollow noopener\" target=\"_blank\">Kontakta redaktionen<\/a><\/p>\n","protected":false},"excerpt":{"rendered":"AI v\u00e4ntas forts\u00e4tta vara temat p\u00e5 allas l\u00e4ppar under 2026, men i en lite annan tappning. Det s\u00e4ger&hellip;\n","protected":false},"author":2,"featured_media":121639,"comment_status":"","ping_status":"","sticky":false,"template":"","format":"standard","meta":{"footnotes":""},"categories":[65],"tags":[72,70,71,268,34,31,33,32,30,74,398],"class_list":{"0":"post-121638","1":"post","2":"type-post","3":"status-publish","4":"format-standard","5":"has-post-thumbnail","7":"category-ekonomi","8":"tag-business","9":"tag-economy","10":"tag-ekonomi","11":"tag-nordamerika","12":"tag-se","13":"tag-svenska","14":"tag-sverige","15":"tag-sweden","16":"tag-swedish","17":"tag-usa","18":"tag-wall-street"},"share_on_mastodon":{"url":"https:\/\/pubeurope.com\/@se\/115813869403413907","error":""},"_links":{"self":[{"href":"https:\/\/www.europesays.com\/se\/wp-json\/wp\/v2\/posts\/121638","targetHints":{"allow":["GET"]}}],"collection":[{"href":"https:\/\/www.europesays.com\/se\/wp-json\/wp\/v2\/posts"}],"about":[{"href":"https:\/\/www.europesays.com\/se\/wp-json\/wp\/v2\/types\/post"}],"author":[{"embeddable":true,"href":"https:\/\/www.europesays.com\/se\/wp-json\/wp\/v2\/users\/2"}],"replies":[{"embeddable":true,"href":"https:\/\/www.europesays.com\/se\/wp-json\/wp\/v2\/comments?post=121638"}],"version-history":[{"count":0,"href":"https:\/\/www.europesays.com\/se\/wp-json\/wp\/v2\/posts\/121638\/revisions"}],"wp:featuredmedia":[{"embeddable":true,"href":"https:\/\/www.europesays.com\/se\/wp-json\/wp\/v2\/media\/121639"}],"wp:attachment":[{"href":"https:\/\/www.europesays.com\/se\/wp-json\/wp\/v2\/media?parent=121638"}],"wp:term":[{"taxonomy":"category","embeddable":true,"href":"https:\/\/www.europesays.com\/se\/wp-json\/wp\/v2\/categories?post=121638"},{"taxonomy":"post_tag","embeddable":true,"href":"https:\/\/www.europesays.com\/se\/wp-json\/wp\/v2\/tags?post=121638"}],"curies":[{"name":"wp","href":"https:\/\/api.w.org\/{rel}","templated":true}]}}