{"id":121640,"date":"2025-12-31T11:09:15","date_gmt":"2025-12-31T11:09:15","guid":{"rendered":"https:\/\/www.europesays.com\/se\/121640\/"},"modified":"2025-12-31T11:09:15","modified_gmt":"2025-12-31T11:09:15","slug":"kina-drar-sig-tillbaka-efter-ovning-vasterbottens-kuriren","status":"publish","type":"post","link":"https:\/\/www.europesays.com\/se\/121640\/","title":{"rendered":"Kina drar sig tillbaka efter \u00f6vning &#8211; V\u00e4sterbottens-Kuriren"},"content":{"rendered":"<ol>\n<li><a href=\"https:\/\/news.google.com\/rss\/articles\/CBMiekFVX3lxTE5JNXFxX2Z1RHJmWlJUTWpPTDdrWU9zcThuRnZqNm1mLVRUZ3NuakY1emotUU1OUjByY2ZVTjQ1bzRpcUpBb3FDaUU3TnhoSmhGWWhaX1lrZWhpUnVOdEdaVWZsUVFoY29qN1g4d0p3QWh6N3RacjZVTE93?oc=5\" target=\"_blank\" rel=\"nofollow noopener\">Kina drar sig tillbaka efter \u00f6vning<\/a>&nbsp;&nbsp;V\u00e4sterbottens-Kuriren<\/li>\n<li><a href=\"https:\/\/news.google.com\/rss\/articles\/CBMijwFBVV95cUxOX3hhMHU2aG9pbW9JVTBZRlo1ZENhZzFxc3ZuSFZDYmhsVVVSRTVIZmZNdzU1bzdZdS1qUFVEdkkzWlJ4MFlsLVBRM2Q0T2hSZEl4eV90cHZpaVlkajkxbzdzOUgybEM2blBNSlQ4eDRnWVBIZm83VnIzX3hVU0tSaHB0bEFJM2d3b21hdlY0Yw?oc=5\" target=\"_blank\" rel=\"nofollow noopener\">Taiwan: Kina drar sig tillbaka efter \u00f6vning<\/a>&nbsp;&nbsp;Aftonbladet<\/li>\n<li><a href=\"https:\/\/news.google.com\/rss\/articles\/CBMimwFBVV95cUxOdzZMYllTSmZ1RThYcjEzblZPWUtfNU0wZmJiRXVoYlRLQ09aR0VralhXNHpaekJOOUZvdmVxUkEzbVlxOEFjR3JfRUhCQzZtbTlQTmY4LVhldHBmamxpSVZ6bVRoQk1IR0J3MzB6OWJ5OTYwcHBMWXkwTVg1cFVScWhJaEFBWGxXZkFaMmpWVzZBNmdVa1pWeVI5OA?oc=5\" target=\"_blank\" rel=\"nofollow noopener\">Massiv milit\u00e4r\u00f6vning \u2013 simulerar blockad av \u00f6n<\/a>&nbsp;&nbsp;Sveriges Radio<\/li>\n<li><a href=\"https:\/\/news.google.com\/rss\/articles\/CBMidkFVX3lxTFBON25ic1d5Um1JUXFycnQ5SlI3NTA4LWZ3MTdoSm1Sb2lFdFZQRzFtVW5YQUFNdzRTQkxQVzFROWJCUFZVdHV3RWRMS3BocTE3SmY0eGRlc3lLbi1CdFJJRWUzcGxCUEdENzBkdTNueW0yZVpKMnc?oc=5\" target=\"_blank\" rel=\"nofollow noopener\">Kina avfyrar raketer runt Taiwan<\/a>&nbsp;&nbsp;SVT Nyheter<\/li>\n<li><a href=\"https:\/\/news.google.com\/rss\/articles\/CBMib0FVX3lxTFA3aGZJR1N0eFVhS1dfLThtUDNMSnZYc0lLelI2clN4bFpXZXhkUEZMZjVrWjZvZjlsYTd1MjF1bUhvOXRLVWV1bXd1Rm12U3hhUWJqS0dxSVBLT2V3SE9rQ0ZfVkNFQlp4MG9LZjd3NA?oc=5\" target=\"_blank\" rel=\"nofollow noopener\">SvD Morgonrapport: Macron: Ukraina-allierade ska m\u00f6tas<\/a>&nbsp;&nbsp;SvD<\/li>\n<\/ol>\n","protected":false},"excerpt":{"rendered":"Kina drar sig tillbaka efter \u00f6vning&nbsp;&nbsp;V\u00e4sterbottens-Kuriren Taiwan: Kina drar sig tillbaka efter \u00f6vning&nbsp;&nbsp;Aftonbladet Massiv milit\u00e4r\u00f6vning \u2013 simulerar blockad&hellip;\n","protected":false},"author":2,"featured_media":121641,"comment_status":"","ping_status":"","sticky":false,"template":"","format":"standard","meta":{"footnotes":""},"categories":[14],"tags":[22,23,26,27,17,21,24,25,28,29,15,16,18,34,31,33,32,30,19,20,51,52,53,54],"class_list":{"0":"post-121640","1":"post","2":"type-post","3":"status-publish","4":"format-standard","5":"has-post-thumbnail","7":"category-varlden","8":"tag-breaking-news","9":"tag-breakingnews","10":"tag-featured-news","11":"tag-featurednews","12":"tag-headlines","13":"tag-huvudnyheter","14":"tag-latest-news","15":"tag-latestnews","16":"tag-main-news","17":"tag-mainnews","18":"tag-news","19":"tag-nyheter","20":"tag-rubriker","21":"tag-se","22":"tag-svenska","23":"tag-sverige","24":"tag-sweden","25":"tag-swedish","26":"tag-top-stories","27":"tag-topstories","28":"tag-varlden","29":"tag-world","30":"tag-world-news","31":"tag-worldnews"},"share_on_mastodon":{"url":"https:\/\/pubeurope.com\/@se\/115813873242196328","error":""},"_links":{"self":[{"href":"https:\/\/www.europesays.com\/se\/wp-json\/wp\/v2\/posts\/121640","targetHints":{"allow":["GET"]}}],"collection":[{"href":"https:\/\/www.europesays.com\/se\/wp-json\/wp\/v2\/posts"}],"about":[{"href":"https:\/\/www.europesays.com\/se\/wp-json\/wp\/v2\/types\/post"}],"author":[{"embeddable":true,"href":"https:\/\/www.europesays.com\/se\/wp-json\/wp\/v2\/users\/2"}],"replies":[{"embeddable":true,"href":"https:\/\/www.europesays.com\/se\/wp-json\/wp\/v2\/comments?post=121640"}],"version-history":[{"count":0,"href":"https:\/\/www.europesays.com\/se\/wp-json\/wp\/v2\/posts\/121640\/revisions"}],"wp:featuredmedia":[{"embeddable":true,"href":"https:\/\/www.europesays.com\/se\/wp-json\/wp\/v2\/media\/121641"}],"wp:attachment":[{"href":"https:\/\/www.europesays.com\/se\/wp-json\/wp\/v2\/media?parent=121640"}],"wp:term":[{"taxonomy":"category","embeddable":true,"href":"https:\/\/www.europesays.com\/se\/wp-json\/wp\/v2\/categories?post=121640"},{"taxonomy":"post_tag","embeddable":true,"href":"https:\/\/www.europesays.com\/se\/wp-json\/wp\/v2\/tags?post=121640"}],"curies":[{"name":"wp","href":"https:\/\/api.w.org\/{rel}","templated":true}]}}