{"id":121644,"date":"2025-12-31T11:16:16","date_gmt":"2025-12-31T11:16:16","guid":{"rendered":"https:\/\/www.europesays.com\/se\/121644\/"},"modified":"2025-12-31T11:16:16","modified_gmt":"2025-12-31T11:16:16","slug":"christer-dubblerar-dikorna-pa-julseryds-gard-i-tranas","status":"publish","type":"post","link":"https:\/\/www.europesays.com\/se\/121644\/","title":{"rendered":"Christer dubblerar dikorna p\u00e5 Julseryds g\u00e5rd i Tran\u00e5s"},"content":{"rendered":"<p>Christer Carlsson har 45 dikor och totalt 160 djur i tv\u00e5 gamla stallar, uppf\u00f6rda i b\u00f6rjan respektive mitten av 1900-talet. Milj\u00f6n \u00e4r tr\u00f6gjobbad, stallplatserna \u00e4r f\u00f6r f\u00e5 och det saknas m\u00f6jligheter att f\u00e5 till bra platser inom befintliga v\u00e4ggar. D\u00e4rf\u00f6r bygger han nu nytt och vill f\u00f6rdubbla bes\u00e4ttningen med dikor.<\/p>\n<p>\u2013 Det blir 120 liggb\u00e5s och plats f\u00f6r 80 kalvar. Det blir 150 kvadratmeter str\u00f6b\u00e4dd till kalvarna men den g\u00e5r ju att anv\u00e4nda till annat ocks\u00e5 n\u00e4r det inte \u00e4r kalvs\u00e4song, s\u00e4ger Christer Carlsson.<\/p>\n<p>Han \u00e4r fj\u00e4rde generationen lantbrukare p\u00e5 Julseryds g\u00e5rd och har varit ansvarig f\u00f6r driften i sex \u00e5r. Han \u00e4r ocks\u00e5 utbildad snickare och bygger stallet i egen regi med hj\u00e4lp av lokala hantverkare.<\/p>\n<p>De f\u00f6rsta djuren stallades in i den nya byggnaden den 6 december med tillst\u00e5nd fr\u00e5n l\u00e4nsstyrelsen att stalla in innan slutbesiktningen \u00e4r gjord. Nu v\u00e4ntar den sista monteringen av inredningen och lite sm\u00e5grejer innan stallet \u00e4r helt f\u00e4rdigt.<\/p>\n<p>Han k\u00f6pte in 17 kvigor i v\u00e5ras som ska kalva in till n\u00e4sta v\u00e5r. Och ytterligare 15 dr\u00e4ktiga kvigor har k\u00f6pts in f\u00f6r att fylla stallet.<\/p>\n<p>\u2013 Jag vill helst att stallet ska vara fullt fr\u00e5n b\u00f6rjan. Att jobba med egen rekrytering tar f\u00f6r l\u00e5ng tid, s\u00e4ger Christer Carlsson.<\/p>\n<p>Intresse f\u00f6r lantbruk<\/p>\n<p>Han tycker att just dikoproduktionen \u00e4r rolig eftersom det \u00e4r m\u00e5nga parametrar d\u00e4r bonden sj\u00e4lv kan p\u00e5verka fr\u00e5n avel till slakt. Bakom satsningen ligger ocks\u00e5 ett stort intresse f\u00f6r lantbruk och svensk livsmedelsproduktion.<\/p>\n<p>\u2013 Sj\u00e4lvf\u00f6rs\u00f6rjningsgraden p\u00e5 n\u00f6tk\u00f6tt \u00e4r f\u00f6r l\u00e5g i Sverige i ett beredskapsperspektiv och det vill jag vara med och \u00e4ndra p\u00e5. Det har ocks\u00e5 varit sv\u00e5rt att f\u00e5 tag p\u00e5 kalv en tid och du blir ganska s\u00e5rbar om du bara ska k\u00f6pa djur hela tiden, s\u00e4ger han.<\/p>\n<p>Till g\u00e5rden h\u00f6r 110 hektar naturbetesmarker. Djuren g\u00e5r normalt ute fr\u00e5n mitten av april till oktober. Tack vare den milda h\u00f6sten och bra tillg\u00e5ng till bete \u00e4r installningen ett par veckor senare i \u00e5r.<\/p>\n<p>\u2013 Vi tog ingen fj\u00e4rde vallsk\u00f6rd i \u00e5r utan den fick djuren beta ner s\u00e5 vi hade bete en l\u00e4ngre tid till dikor och kalvar och kunde stalla in sent med bra tillv\u00e4xt p\u00e5 kalvarna hela v\u00e4gen, s\u00e4ger Christer Carlsson.<\/p>\n<p>Tredje sk\u00f6rden en besvikelse<\/p>\n<p>G\u00e5rden \u00e4r sj\u00e4lvf\u00f6rs\u00f6rjande p\u00e5 foder och odlar vall, h\u00f6stvete och v\u00e5rspannm\u00e5l p\u00e5 65 hektar. F\u00f6rsta och andra vallsk\u00f6rden blev bra i \u00e5r medan den tredje vallsk\u00f6rden var n\u00e5got av en besvikelse, enligt Christer Carlsson.<\/p>\n<p>\u2013 Men totalt sett var det ett gynnsamt sk\u00f6rde\u00e5r. Vi har nog aldrig producerat s\u00e5 mycket spannm\u00e5l som vi gjorde i \u00e5r, s\u00e4ger han.<\/p>\n<p>Investeringen i nytt stall och g\u00f6dselbrunn v\u00e4ntas landa p\u00e5 10,5 miljoner kronor med ett investeringsst\u00f6d p\u00e5 2,4 miljoner kronor. Beskedet om att investeringsst\u00f6det beviljats kom n\u00e4r bygget redan var i g\u00e5ng och blev en glad \u00f6verraskning som f\u00f6rb\u00e4ttrade kalkylen p\u00e5tagligt.<\/p>\n<p>Christer Carlsson uts\u00e5gs till \u00c5rets n\u00f6tk\u00f6ttsproducent i J\u00f6nk\u00f6pings l\u00e4n 2025 f\u00f6r storsatsningen p\u00e5 g\u00e5rden i Julseryd.<\/p>\n<p>\u2013 Det var kul att bara vara nominerad och s\u00e5 klart extra kul att vinna. Det k\u00e4nns bra att det vi g\u00f6r p\u00e5 g\u00e5rden uppskattas, s\u00e4ger han.<\/p>\n<p>Julseryds g\u00e5rd<\/p>\n<p><strong>Drivs av: <\/strong>Christer Carlsson.<\/p>\n<p><strong>\u00c5lder: <\/strong>33 \u00e5r.<\/p>\n<p><strong>Bor: <\/strong>Tran\u00e5s.<\/p>\n<p><strong>Familj: <\/strong>Sambo Sofie Knutsson och Melker Carlsson, 2,5 \u00e5r.<\/p>\n<p><strong>Verksamhet: <\/strong>N\u00f6tk\u00f6ttsproduktion, v\u00e4xtodling.<\/p>\n<p><strong>Odlad areal: <\/strong>65 hektar vall, h\u00f6stvete, v\u00e5rspannm\u00e5l.<\/p>\n<p><strong>Medarbetare: <\/strong>Pappa G\u00f6ran Carlsson plus F-skattare.<\/p>\n<p><strong>Aktuell: <\/strong>Bygger nytt dikostall, \u00c5rets n\u00f6tk\u00f6ttsproducent i J\u00f6nk\u00f6pings l\u00e4n.<\/p>\n","protected":false},"excerpt":{"rendered":"Christer Carlsson har 45 dikor och totalt 160 djur i tv\u00e5 gamla stallar, uppf\u00f6rda i b\u00f6rjan respektive mitten&hellip;\n","protected":false},"author":2,"featured_media":121645,"comment_status":"","ping_status":"","sticky":false,"template":"","format":"standard","meta":{"footnotes":""},"categories":[65],"tags":[72,70,71,34,31,33,32,30],"class_list":{"0":"post-121644","1":"post","2":"type-post","3":"status-publish","4":"format-standard","5":"has-post-thumbnail","7":"category-ekonomi","8":"tag-business","9":"tag-economy","10":"tag-ekonomi","11":"tag-se","12":"tag-svenska","13":"tag-sverige","14":"tag-sweden","15":"tag-swedish"},"share_on_mastodon":{"url":"https:\/\/pubeurope.com\/@se\/115813900807368181","error":""},"_links":{"self":[{"href":"https:\/\/www.europesays.com\/se\/wp-json\/wp\/v2\/posts\/121644","targetHints":{"allow":["GET"]}}],"collection":[{"href":"https:\/\/www.europesays.com\/se\/wp-json\/wp\/v2\/posts"}],"about":[{"href":"https:\/\/www.europesays.com\/se\/wp-json\/wp\/v2\/types\/post"}],"author":[{"embeddable":true,"href":"https:\/\/www.europesays.com\/se\/wp-json\/wp\/v2\/users\/2"}],"replies":[{"embeddable":true,"href":"https:\/\/www.europesays.com\/se\/wp-json\/wp\/v2\/comments?post=121644"}],"version-history":[{"count":0,"href":"https:\/\/www.europesays.com\/se\/wp-json\/wp\/v2\/posts\/121644\/revisions"}],"wp:featuredmedia":[{"embeddable":true,"href":"https:\/\/www.europesays.com\/se\/wp-json\/wp\/v2\/media\/121645"}],"wp:attachment":[{"href":"https:\/\/www.europesays.com\/se\/wp-json\/wp\/v2\/media?parent=121644"}],"wp:term":[{"taxonomy":"category","embeddable":true,"href":"https:\/\/www.europesays.com\/se\/wp-json\/wp\/v2\/categories?post=121644"},{"taxonomy":"post_tag","embeddable":true,"href":"https:\/\/www.europesays.com\/se\/wp-json\/wp\/v2\/tags?post=121644"}],"curies":[{"name":"wp","href":"https:\/\/api.w.org\/{rel}","templated":true}]}}