{"id":121648,"date":"2025-12-31T11:22:14","date_gmt":"2025-12-31T11:22:14","guid":{"rendered":"https:\/\/www.europesays.com\/se\/121648\/"},"modified":"2025-12-31T11:22:14","modified_gmt":"2025-12-31T11:22:14","slug":"redaktionen-tipsar-om-de-basta-serierna-fran-2025-filmtopps-favoriter","status":"publish","type":"post","link":"https:\/\/www.europesays.com\/se\/121648\/","title":{"rendered":"Redaktionen tipsar om de b\u00e4sta serierna fr\u00e5n 2025 \u2013 Filmtopps favoriter"},"content":{"rendered":"<p><strong>Filmtopp\u00a0<\/strong>tar farv\u00e4l av serie\u00e5ret 2025 genom att blicka tillbaka en sista g\u00e5ng p\u00e5 det som bjudits de senaste tolv m\u00e5naderna. Nu h\u00f6jer vi ett glas f\u00f6r de titlar som hade premi\u00e4r under \u00e5ret och som vi \u00e4lskade allra mest.\u00a0<\/p>\n<p>Tillsammans har Filmtopps medarbetare listat fem personliga favoritserier vardera och dessa har sedan slagits samman till den ranking som f\u00f6ljer nedan. Totalt lyftes\u00a0<strong>26 olika serier fr\u00e5n 2025\u00a0<\/strong>fram p\u00e5 de individuella topplistorna (de individuella bidragen hittar du l\u00e4ngre ned i artikeln).\u00a0<\/p>\n<p>Information om hur titlarna har rangordnats hittar du i slutet av artikeln.<\/p>\n<p>Serierna fr\u00e5n 2025 som \u00e4lskades av Filmtopps medarbetare<br \/>\nPlats 23 (delad mellan fyra serier):<\/p>\n<ul>&#13;<\/p>\n<li><strong>Bara sex<\/strong> \u2013 SVT Play<\/li>\n<p>&#13;<\/p>\n<li><strong>Common Side Effects<\/strong> \u2013 HBO Max<\/li>\n<p>&#13;<\/p>\n<li><strong>D\u00e4r solen alltid skiner<\/strong> \u2013 SkyShowtime<\/li>\n<p>&#13;<\/p>\n<li><strong>South Park<\/strong><\/li>\n<p>&#13;\n<\/ul>\n<p><img loading=\"lazy\" decoding=\"async\" src=\"https:\/\/www.europesays.com\/se\/wp-content\/uploads\/2025\/12\/Pluribus_s1_02.jpg\" alt=\"Pluribus p\u00e5 Apple TV.\" width=\"1250\" height=\"800\"\/>&#13;<br \/>\n\u201dPluribus\u201d (plats 17). Foto: Apple TV.&#13;<\/p>\n<p>Plats 17 (delad mellan sex serier):<\/p>\n<ul>&#13;<\/p>\n<li><strong>Alien: Earth<\/strong> \u2013 Disney+<\/li>\n<p>&#13;<\/p>\n<li><strong>Pluribus<\/strong> \u2013 Apple TV<\/li>\n<p>&#13;<\/p>\n<li><strong>Sirens<\/strong> \u2013 Netflix<\/li>\n<p>&#13;<\/p>\n<li><strong>Stranger Things<\/strong> \u2013 Netflix<\/li>\n<p>&#13;<\/p>\n<li><strong>The Bear<\/strong> \u2013 Disney+<\/li>\n<p>&#13;<\/p>\n<li><strong>Whiskey on the Rocks<\/strong> \u2013 SVT Play\/Disney+<\/li>\n<p>&#13;\n<\/ul>\n<p><img loading=\"lazy\" decoding=\"async\" src=\"https:\/\/www.europesays.com\/se\/wp-content\/uploads\/2025\/12\/Severance_s2_01.jpg\" alt=\"Severance p\u00e5 Apple TV.\" width=\"1250\" height=\"800\"\/>&#13;<br \/>\nAdam Scott i \u201dSeverance\u201d s\u00e4song 2 (plats 11). Foto: Apple TV.&#13;<\/p>\n<p>Plats 11 (delad mellan sex serier):<\/p>\n<ul>&#13;<\/p>\n<li><strong>A Thousand Blows<\/strong> \u2013 Disney+\u00a0<\/li>\n<p>&#13;<\/p>\n<li><strong>Paradise<\/strong> \u2013 Disney+<\/li>\n<p>&#13;<\/p>\n<li><strong>Sandman<\/strong> \u2013 Netflix<\/li>\n<p>&#13;<\/p>\n<li><strong>Severance<\/strong> \u2013 Apple TV<\/li>\n<p>&#13;<\/p>\n<li><strong>The Last of Us<\/strong> \u2013 HBO Max<\/li>\n<p>&#13;<\/p>\n<li><strong>1923<\/strong> \u2013 SkyShowtime<\/li>\n<p>&#13;\n<\/ul>\n<p><img loading=\"lazy\" decoding=\"async\" src=\"https:\/\/www.europesays.com\/se\/wp-content\/uploads\/2025\/12\/1767180132_140_Mobland_VB_06.jpg\" alt=\"MobLand p\u00e5 SkyShowtime.\" width=\"1250\" height=\"800\"\/>&#13;<br \/>\nPierce Brosnan i \u201dMobLand\u201d (plats 9). Foto: SkyShowtime.&#13;<\/p>\n<p>Plats 9 (delad mellan tv\u00e5 serier):<\/p>\n<ul>&#13;<\/p>\n<li><strong>Dying for Sex<\/strong> \u2013 Disney+<\/li>\n<p>&#13;<\/p>\n<li><strong>MobLand<\/strong> \u2013 SkyShowtime<\/li>\n<p>&#13;\n<\/ul>\n<p><img loading=\"lazy\" decoding=\"async\" src=\"https:\/\/www.europesays.com\/se\/wp-content\/uploads\/2025\/12\/The_Studio_01.jpg\" alt=\"The Studio p\u00e5 Apple TV.\" width=\"1250\" height=\"800\"\/>&#13;<br \/>\nOlivia Wilde och Seth Rogen i \u201dThe Studio\u201d. Foto: Apple TV.&#13;<\/p>\n<p>6. The Studio \u2013 Apple TV (delad sj\u00e4tteplats)<\/p>\n<p>En metaber\u00e4ttelse om filmbranschen, f\u00f6r film\u00e4lskare och gjord av film\u00e4lskare \u2013 dessutom med flera av branschens st\u00f6rsta i rollerna!\u00a0<a href=\"https:\/\/www.filmtopp.se\/recension\/appletvplus-the-studio-sasong-1-en-perfekt-komediserie-for-filmalskare\" target=\"_blank\" rel=\"noopener nofollow\">The Studio<\/a> \u00e4r en av \u00e5rets mest sj\u00e4lvklara succ\u00e9er.<\/p>\n<p><strong><a href=\"https:\/\/www.filmtopp.se\/skribent\/simon-andersson\" target=\"_blank\" rel=\"noopener nofollow\">Simon Andersson<\/a> motiverar:<\/strong> \u201dJag vet inte om jag n\u00e5gonsin har haft s\u00e5 kul med en TV-serie som jag hade med The Studio. Kaotiskt, meta p\u00e5 ett s\u00e4tt som fungerar v\u00e4ldigt bra trots att det inte borde g\u00f6ra det, och fylld av \u00f6gonblick d\u00e4r jag k\u00e4nt igen en Hollywoodstj\u00e4rna och pekat mot TV:n som <strong>Leo DiCaprio<\/strong>-memet fr\u00e5n Once Upon a Time in Hollywood.\u201d<\/p>\n<p><img loading=\"lazy\" decoding=\"async\" src=\"https:\/\/www.europesays.com\/se\/wp-content\/uploads\/2025\/12\/Visningsbild_The_Pitt_01.jpg\" alt=\"Max \u201dsp\u00e4nnande\u201d nya sjukhusdrama hyllas och j\u00e4mf\u00f6rs med \u201dCityakuten\u201d\" width=\"1250\" height=\"800\"\/>&#13;<br \/>\nFoto: HBO Max.&#13;<\/p>\n<p>6. The Pitt \u2013 HBO Max (delad sj\u00e4tteplats)<\/p>\n<p>Att ett sjukhusdrama kan h\u00e5lla absolut h\u00f6gsta kvalitet \u00e4ven i den moderna streamingeran fick vi ett tydligt bevis p\u00e5 med lysande\u00a0The Pitt.<\/p>\n<p><strong><a href=\"https:\/\/www.filmtopp.se\/skribent\/andreas-ziegler\" target=\"_blank\" rel=\"noopener nofollow\">Andreas Ziegler<\/a> skriver:<\/strong> \u201dJag har sett fasligt m\u00e5nga l\u00e4karserier. The Pitt \u00e4r helt klart den b\u00e4sta serien i denna subgenre. Handlingen utspelar sig i realtid och gagnas av att vara producerad av <strong>HBO<\/strong>, vilket g\u00f6r att b\u00e5de spr\u00e5k och handling \u00e4r opolerade. Serien bjuder p\u00e5 skratt, sp\u00e4nning och starka k\u00e4nslor. Ha n\u00e4sdukar l\u00e4ttillg\u00e4ngliga.\u201d<\/p>\n<p><img loading=\"lazy\" decoding=\"async\" src=\"https:\/\/www.europesays.com\/se\/wp-content\/uploads\/2025\/12\/IT_Welcome_to_Derry_01.jpg\" alt=\"IT: Welcome to Derry\" width=\"1250\" height=\"800\"\/>&#13;<br \/>\nFoto: HBO Max.&#13;<\/p>\n<p>6. IT: Welcome to Derry \u2013 HBO Max (delad sj\u00e4tteplats)<\/p>\n<p><strong>Stephen King<\/strong>-universumet med\u00a0<strong>Bill Skarsg\u00e5rd<\/strong> som Pennywise expanderade under h\u00f6sten och vintern med den nya, lyckade serien <a href=\"https:\/\/www.filmtopp.se\/recension\/hbo-det-har-aldrig-varit-laskigare-an-i-it-welcome-to-derry\" target=\"_blank\" rel=\"noopener nofollow\">IT: Welcome to Derry<\/a>.<\/p>\n<p><strong><a href=\"https:\/\/www.filmtopp.se\/skribent\/nathalie-leth\" target=\"_blank\" rel=\"noopener nofollow\">Nathalie Leth<\/a> motiverar:<\/strong> \u201dIT: Welcome to Derry bryter mot alla Hollywoods regler och chockar, \u00e4cklar och skr\u00e4mmer i uppskruvad &#8221;stories we tell in the dark&#8221;-stil. Jag kan inte komma p\u00e5 n\u00e5got som toppar denna splatter-fest!\u201d<\/p>\n<p><img loading=\"lazy\" decoding=\"async\" src=\"https:\/\/www.europesays.com\/se\/wp-content\/uploads\/2025\/12\/Koka_bjorn_2025_Visningsbild_04.jpg\" alt=\"\u00c5rets m\u00f6rkaste nordiska thriller \u201cKoka bj\u00f6rn\u201d\" width=\"1250\" height=\"800\"\/>&#13;<br \/>\nGustaf Skarsg\u00e5rd i \u201dKoka bj\u00f6rn\u201d. Foto: Disney+&#13;<\/p>\n<p>5. Koka bj\u00f6rn \u2013 Disney+<\/p>\n<p>Under h\u00f6sten sj\u00f6satte\u00a0<strong>Disney+<\/strong> en svensk storsatsning \u2013 och det med bravur. Filmatiseringen av\u00a0<strong>Michael Niemis<\/strong> roman osade av klass och blev v\u00e4lf\u00f6rtj\u00e4nt en Filmtopp-favorit.<\/p>\n<p><strong><a href=\"https:\/\/www.filmtopp.se\/recension\/disneyplus-arets-morkaste-nordiska-thriller-koka-bjorn-far-hogt-betyg-imponerande\" target=\"_blank\" rel=\"noopener nofollow\">I Filmtopps recension<\/a> av serien skrev Thindra Rundstr\u00f6m f\u00f6ljande:<\/strong> \u201d<strong>Gustaf Skarsg\u00e5rd<\/strong> briljerar i historisk thriller d\u00e4r kriminaltekniken f\u00f6ds i Tornedalen och makten klamrar sig fast vid l\u00f6gnen [\u2026] F\u00f6r den som l\u00e4ngtar efter l\u00e5ngsam film i serieformat, d\u00e4r varje bild \u00e4r komponerad med omsorg och varje replik v\u00e4ger tungt, \u00e4r Koka bj\u00f6rn h\u00f6stens mest sp\u00e4nnande svenska premi\u00e4r.\u201d<\/p>\n<p><img loading=\"lazy\" decoding=\"async\" src=\"https:\/\/www.europesays.com\/se\/wp-content\/uploads\/2025\/12\/Peacemaker_s2_02.jpg\" alt=\"Peacemaker\" width=\"1250\" height=\"800\"\/>&#13;<br \/>\n\u201dPeacemaker\u201d-g\u00e4nget firar den ov\u00e4ntat fina placeringen. Foto: HBO Max.&#13;<\/p>\n<p>4. Peacemaker \u2013 HBO Max<\/p>\n<p><a href=\"https:\/\/www.filmtopp.se\/recension\/hbo-peacemaker-sasong-2-gor-ingen-besviken-finfin-underhallning\" target=\"_blank\" rel=\"noopener nofollow\">Den andra s\u00e4songen av\u00a0Peacemaker<\/a> sl\u00e4pptes tidigare i \u00e5r och st\u00e5ngade sig in i Filmtopp-redaktionens hj\u00e4rta (\u00e5tminstone delar av den).<\/p>\n<p><strong><a href=\"https:\/\/www.filmtopp.se\/skribent\/emil-oscar-rasmussen\" target=\"_blank\" rel=\"noopener nofollow\">Emil Oscar Rasmussen<\/a> motiverar:<\/strong> \u201dKnappast objektivt bland de b\u00e4sta, men n\u00e5gon lika okonstlat underh\u00e5llande serie har jag inte sett i \u00e5r.\u00a0Peacemaker \u00e4r en serie som vet exakt vad den vill \u00e5stadkomma och\u00a0<strong>John Cena<\/strong> \u00e4r f\u00f6dd f\u00f6r rollen som antihj\u00e4lten \u2013 han f\u00f6rkroppsligar perfekt den avv\u00e4pnande kombinationen av trams och bl\u00f6dighet som genomsyrar den p\u00e5 ytan s\u00e5 v\u00e5ldsamma serien.\u201d<\/p>\n<p><img loading=\"lazy\" decoding=\"async\" src=\"https:\/\/www.europesays.com\/se\/wp-content\/uploads\/2025\/12\/1767180134_494_Parterapi_i_gagnef_Foto_svt.jpg\" alt=\"Parterapi i Gagnef p\u00e5 SVT Play.\" width=\"1250\" height=\"800\"\/>&#13;<br \/>\nFoto: SVT.&#13;<\/p>\n<p>3. Parterapi i Gagnef \u2013 SVT Play<\/p>\n<p><a href=\"https:\/\/www.filmtopp.se\/recension\/svtplay-svt-s-nya-serie-parterapi-i-gagnef-far-hogt-betyg-skickligt-berattad\" target=\"_blank\" rel=\"noopener nofollow\">Den svenska serien\u00a0Parterapi i Gagnef<\/a> kniper gl\u00e4djande en pallplats p\u00e5 topplistan.<\/p>\n<p><strong><a href=\"https:\/\/www.filmtopp.se\/skribent\/axel-diedrichs\" target=\"_blank\" rel=\"noopener nofollow\">Axel Diedrichs<\/a> motiverar:<\/strong> \u201dFantastiskt roliga och trasiga Parterapi i Gagnef d\u00f6k upp fr\u00e5n ingenstans och fyllde mitt stela hj\u00e4rta med v\u00e4rme jag inte visste fanns. Dessutom fick den mig att inse vad jag saknat i livet: <strong>Magnus Krepper<\/strong> som talar dalm\u00e5l. \u00c4lskade <strong>Joel Spira<\/strong> ska ocks\u00e5 ha ett tack. Hoppas p\u00e5 s\u00e4song 2!\u201d<\/p>\n<p><img loading=\"lazy\" decoding=\"async\" src=\"https:\/\/www.europesays.com\/se\/wp-content\/uploads\/2025\/12\/Andor_s2_Visningsbild_02.jpg\" alt=\"Andor (s\u00e4song 2) \u2013 minst lika bra som f\u00f6rsta s\u00e4songen\" width=\"1250\" height=\"800\"\/>&#13;<br \/>\nStellan Skarsg\u00e5rd i \u201dAndor\u201d s\u00e4song 2. Foto: Disney+&#13;<\/p>\n<p>2. Andor \u2013 Disney+<\/p>\n<p>Den efterl\u00e4ngtade <a href=\"https:\/\/www.filmtopp.se\/recension\/disneyplus-recension-andor-sasong-2-minst-lika-bra-som-forsta-sasongen\" target=\"_blank\" rel=\"noopener nofollow\">andra s\u00e4songen av\u00a0<\/a><a href=\"https:\/\/www.filmtopp.se\/recension\/disneyplus-recension-andor-sasong-2-minst-lika-bra-som-forsta-sasongen\" target=\"_blank\" rel=\"noopener nofollow\">Andor<\/a>\u00a0har hyllats av kritiker och tittare \u2013 och \u00e4ven av Filmtopp.\u00a0<\/p>\n<p><strong><a href=\"https:\/\/www.filmtopp.se\/skribent\/thindra-rundstr%C3%B6m\" target=\"_blank\" rel=\"noopener nofollow\">Thindra Rundstr\u00f6m<\/a> motiverar:<\/strong> \u201d<strong>Stellan Skarsg\u00e5rd<\/strong> g\u00f6r sin andra prisv\u00e4rda sk\u00e5despelarinsats detta \u00e5r i den politiska thrillern Andor som k\u00e4nns mer p\u00e5taglig \u00e4n Star Wars n\u00e5gonsin varit. Andor suddar ut linjen mellan serie och film och regin kryper minst sagt upp p\u00e5 en likt en klaustrofobisk kram.\u201d<\/p>\n<p><img loading=\"lazy\" decoding=\"async\" src=\"https:\/\/www.europesays.com\/se\/wp-content\/uploads\/2025\/12\/Visningsbild_Adolescence_01.jpg\" alt=\"Adolescence p\u00e5 Netflix.\" width=\"1250\" height=\"800\"\/>&#13;<br \/>\nStephen Graham i \u201dAdolescence\u201d. Foto: Netflix.&#13;<\/p>\n<p>1. Adolescence \u2013 Netflix<\/p>\n<p>\u00c5rets kanske mest omtalade serie, <a href=\"https:\/\/www.filmtopp.se\/recension\/netflix-adolescence-sasong-1-en-foralders-varsta-mardrom\" target=\"_blank\" rel=\"noopener nofollow\">Adolescence<\/a>, blev ocks\u00e5 den som inkluderades p\u00e5 flest individuella topplistor p\u00e5 redaktionen.\u00a0<\/p>\n<p><strong><a href=\"https:\/\/www.filmtopp.se\/skribent\/sebastian-sterner\" target=\"_blank\" rel=\"noopener nofollow\">Sebastian Sterner<\/a> motiverar:\u00a0<\/strong>\u201d\u00c5rets mest skr\u00e4mmande och gastkramande upplevelse \u00e4r det tredje avsnittet av m\u00e4sterverket Adolescence. Jag m\u00e5 vara svag f\u00f6r l\u00e5nga entagningar (s\u00e5kallade &#8221;oners&#8221;) men h\u00e4r utnyttjas det med s\u00e5dan finess f\u00f6r att f\u00e5nga sp\u00e4nning och nerv. N\u00e4r serien var slut s\u00e5g jag p\u00e5 v\u00e4rlden med ny blick. Fantastiskt.\u201d<\/p>\n<p>S\u00e5 r\u00f6stade respektive person<br \/>\nThindra Rundstr\u00f6ms topplista:<\/p>\n<ol>&#13;<\/p>\n<li>Andor<\/li>\n<p>&#13;<\/p>\n<li>Dying for Sex<\/li>\n<p>&#13;<\/p>\n<li>Severance<\/li>\n<p>&#13;<\/p>\n<li>Adolescence<\/li>\n<p>&#13;<\/p>\n<li>Koka bj\u00f6rn<\/li>\n<p>&#13;\n<\/ol>\n<p>Andreas Zieglers topplista:\u00a0<\/p>\n<ol>&#13;<\/p>\n<li>The Pitt<\/li>\n<p>&#13;<\/p>\n<li>Andor<\/li>\n<p>&#13;<\/p>\n<li>1923<\/li>\n<p>&#13;<\/p>\n<li>Stranger Things<\/li>\n<p>&#13;<\/p>\n<li>Peacemaker<\/li>\n<p>&#13;\n<\/ol>\n<p>Nathalie Leths topplista:<\/p>\n<ol>&#13;<\/p>\n<li>IT: Welcome to Derry<\/li>\n<p>&#13;<\/p>\n<li>Adolescence<\/li>\n<p>&#13;<\/p>\n<li>Sandman<\/li>\n<p>&#13;<\/p>\n<li>Sirens<\/li>\n<p>&#13;<\/p>\n<li>South Park<\/li>\n<p>&#13;\n<\/ol>\n<p>Axel Diedrichs topplista:<\/p>\n<ol>&#13;<\/p>\n<li>Parterapi i Gagnef<\/li>\n<p>&#13;<\/p>\n<li>MobLand<\/li>\n<p>&#13;<\/p>\n<li>A Thousand Blows<\/li>\n<p>&#13;<\/p>\n<li>Whiskey on the Rocks<\/li>\n<p>&#13;<\/p>\n<li>D\u00e4r solen alltid skiner<\/li>\n<p>&#13;\n<\/ol>\n<p>Simon Anderssons topplista:<\/p>\n<ol>&#13;<\/p>\n<li>The Studio<\/li>\n<p>&#13;<\/p>\n<li>Adolescence<\/li>\n<p>&#13;<\/p>\n<li>Parterapi i Gagnef<\/li>\n<p>&#13;<\/p>\n<li>Pluribus<\/li>\n<p>&#13;<\/p>\n<li>Koka bj\u00f6rn<\/li>\n<p>&#13;\n<\/ol>\n<p>Emil Oscar Rasmussens topplista:<\/p>\n<ol>&#13;<\/p>\n<li>Adolescence<\/li>\n<p>&#13;<\/p>\n<li>Peacemaker<\/li>\n<p>&#13;<\/p>\n<li>Paradise<\/li>\n<p>&#13;<\/p>\n<li>The Bear<\/li>\n<p>&#13;<\/p>\n<li>Common Side Effects<\/li>\n<p>&#13;\n<\/ol>\n<p>Sebastian Sterners topplista:<\/p>\n<ol>&#13;<\/p>\n<li>Adolescence<\/li>\n<p>&#13;<\/p>\n<li>Andor<\/li>\n<p>&#13;<\/p>\n<li>The Last of Us<\/li>\n<p>&#13;<\/p>\n<li>Alien: Earth<\/li>\n<p>&#13;<\/p>\n<li>Bara sex<\/li>\n<p>&#13;\n<\/ol>\n<p>S\u00e5 har titlarna p\u00e5 topplistan rangordnats<\/p>\n<p>F\u00f6r att skapa rangordningen har Filmtopp sammanst\u00e4llt alla de individuella topplistorna och gett respektive titel en po\u00e4ng f\u00f6r varje g\u00e5ng den inkluderats. Om tv\u00e5 eller fler titlar f\u00e5tt samma po\u00e4ng \u00e4r det deras h\u00f6gsta placering p\u00e5 en individuell lista som f\u00e5tt avg\u00f6ra deras position p\u00e5 rankingen. Om det d\u00e4refter inte g\u00e5tt att separera titlarna har de tilldelats en delad plats p\u00e5 topplistan.\u00a0<\/p>\n<p><strong>L\u00c4S OCKS\u00c5:<\/strong>\u00a0<a href=\"https:\/\/www.filmtopp.se\/lista\/basta-serierna-2025-filmtopp-listar-arets-basta-serier\" target=\"_blank\" rel=\"noopener nofollow\">B\u00e4sta serierna 2025 \u2013 Filmtopp listar \u00e5rets b\u00e4sta serier<\/a><\/p>\n<p><strong><a href=\"https:\/\/www.filmtopp.se\/\" rel=\"nofollow noopener\" target=\"_blank\">Filmtopp<\/a> uppdaterar dig med nyheter och tips inom streaming. F\u00f6r att inte missa n\u00e5gon stor h\u00e4ndelse \u2013 <a href=\"https:\/\/www.facebook.com\/filmtopp\" target=\"_blank\" rel=\"noopener nofollow\">f\u00f6lj oss p\u00e5 Facebook<\/a>.<\/strong><\/p>\n","protected":false},"excerpt":{"rendered":"Filmtopp\u00a0tar farv\u00e4l av serie\u00e5ret 2025 genom att blicka tillbaka en sista g\u00e5ng p\u00e5 det som bjudits de senaste&hellip;\n","protected":false},"author":2,"featured_media":121649,"comment_status":"","ping_status":"","sticky":false,"template":"","format":"standard","meta":{"footnotes":""},"categories":[67],"tags":[104,34,31,33,32,30,105],"class_list":{"0":"post-121648","1":"post","2":"type-post","3":"status-publish","4":"format-standard","5":"has-post-thumbnail","7":"category-underhallning","8":"tag-entertainment","9":"tag-se","10":"tag-svenska","11":"tag-sverige","12":"tag-sweden","13":"tag-swedish","14":"tag-underhallning"},"share_on_mastodon":{"url":"https:\/\/pubeurope.com\/@se\/115813924492128344","error":""},"_links":{"self":[{"href":"https:\/\/www.europesays.com\/se\/wp-json\/wp\/v2\/posts\/121648","targetHints":{"allow":["GET"]}}],"collection":[{"href":"https:\/\/www.europesays.com\/se\/wp-json\/wp\/v2\/posts"}],"about":[{"href":"https:\/\/www.europesays.com\/se\/wp-json\/wp\/v2\/types\/post"}],"author":[{"embeddable":true,"href":"https:\/\/www.europesays.com\/se\/wp-json\/wp\/v2\/users\/2"}],"replies":[{"embeddable":true,"href":"https:\/\/www.europesays.com\/se\/wp-json\/wp\/v2\/comments?post=121648"}],"version-history":[{"count":0,"href":"https:\/\/www.europesays.com\/se\/wp-json\/wp\/v2\/posts\/121648\/revisions"}],"wp:featuredmedia":[{"embeddable":true,"href":"https:\/\/www.europesays.com\/se\/wp-json\/wp\/v2\/media\/121649"}],"wp:attachment":[{"href":"https:\/\/www.europesays.com\/se\/wp-json\/wp\/v2\/media?parent=121648"}],"wp:term":[{"taxonomy":"category","embeddable":true,"href":"https:\/\/www.europesays.com\/se\/wp-json\/wp\/v2\/categories?post=121648"},{"taxonomy":"post_tag","embeddable":true,"href":"https:\/\/www.europesays.com\/se\/wp-json\/wp\/v2\/tags?post=121648"}],"curies":[{"name":"wp","href":"https:\/\/api.w.org\/{rel}","templated":true}]}}