{"id":121652,"date":"2025-12-31T11:26:17","date_gmt":"2025-12-31T11:26:17","guid":{"rendered":"https:\/\/www.europesays.com\/se\/121652\/"},"modified":"2025-12-31T11:26:17","modified_gmt":"2025-12-31T11:26:17","slug":"darfor-ar-namn-och-bildpublicering-inte-sjalvklart","status":"publish","type":"post","link":"https:\/\/www.europesays.com\/se\/121652\/","title":{"rendered":"D\u00e4rf\u00f6r \u00e4r namn- och bildpublicering inte sj\u00e4lvklart"},"content":{"rendered":"<p>Vi \u00e4r m\u00e5nga som ber\u00f6rs p\u00e5 djupet. Engagemanget f\u00f6r dessa kvinnor och deras familjers \u00f6de \u00e4r s\u00e5 p\u00e5tagligt. En vanlig fr\u00e5ga till redaktionen just nu \u00e4r varf\u00f6r vi undanh\u00e5ller uppgifter om offer och de misst\u00e4nkta g\u00e4rningsm\u00e4nnen. <\/p>\n<p>Det \u00e4r en rimlig fr\u00e5ga. Krocken mellan den g\u00e4ngse medieetiken och m\u00e4nniskors f\u00f6rv\u00e4ntan p\u00e5 l\u00e4ttillg\u00e4nglig information har nog aldrig varit s\u00e5 tydlig som nu.<\/p>\n<p>Overifierad information och p\u00e5st\u00e5enden om dessa m\u00e4nniskors v\u00e4rv och privatliv finns ju bara en googling bort. Utbudet av sociala forum och sajter i Flashbackgenren \u00e4r rikt. Samtidigt som redaktionella medier fattar olika beslut r\u00f6rande exempelvis namn- och bildpubliceringar. H\u00e4r \u00e4r s\u00e4llan SVT Nyheter offensiva i j\u00e4mf\u00f6relse med exempelvis kv\u00e4llstidningarna.<\/p>\n<p>\u201dVarje fall \u00e4r unikt\u201d<\/p>\n<p>I nul\u00e4get vet vi mycket lite om de misst\u00e4nka g\u00e4rningsm\u00e4nnens, varav den ene \u00e4r avliden, motiv. <\/p>\n<p>De kommande dagarna kanske bilden klarnar kring varf\u00f6r tv\u00e5 oskyldiga kvinnors liv sl\u00e4cktes s\u00e5 brutalt. <\/p>\n<p>Det finns inte en mall f\u00f6r hur mycket eller lite SVT Nyheter ber\u00e4ttar om offer och g\u00e4rningsman, varje fall \u00e4r unikt. \u00c4ven om man \u00f6nskar full transparens \u00e4r den inte alltid m\u00f6jlig. Olika faktorer beh\u00f6ver alltid v\u00e4gas in och ibland st\u00e4llas mot varandra n\u00e4r beslut om publicering ska tas. H\u00e4nsyn till inblandade och deras familjer \u00e4r typiska s\u00e5dana.<\/p>\n<p>Viktigt \u00e4r hur dessa beslut aldrig kan ristas i sten. De \u00e4r levande materia som kan f\u00f6r\u00e4ndras n\u00e4r nya fakta tillkommer.<\/p>\n","protected":false},"excerpt":{"rendered":"Vi \u00e4r m\u00e5nga som ber\u00f6rs p\u00e5 djupet. Engagemanget f\u00f6r dessa kvinnor och deras familjers \u00f6de \u00e4r s\u00e5 p\u00e5tagligt.&hellip;\n","protected":false},"author":2,"featured_media":121653,"comment_status":"","ping_status":"","sticky":false,"template":"","format":"standard","meta":{"footnotes":""},"categories":[12],"tags":[22,23,26,27,17,21,24,25,28,29,15,16,18,34,31,33,32,30,19,20],"class_list":{"0":"post-121652","1":"post","2":"type-post","3":"status-publish","4":"format-standard","5":"has-post-thumbnail","7":"category-sverige","8":"tag-breaking-news","9":"tag-breakingnews","10":"tag-featured-news","11":"tag-featurednews","12":"tag-headlines","13":"tag-huvudnyheter","14":"tag-latest-news","15":"tag-latestnews","16":"tag-main-news","17":"tag-mainnews","18":"tag-news","19":"tag-nyheter","20":"tag-rubriker","21":"tag-se","22":"tag-svenska","23":"tag-sverige","24":"tag-sweden","25":"tag-swedish","26":"tag-top-stories","27":"tag-topstories"},"share_on_mastodon":{"url":"https:\/\/pubeurope.com\/@se\/115813940224727830","error":""},"_links":{"self":[{"href":"https:\/\/www.europesays.com\/se\/wp-json\/wp\/v2\/posts\/121652","targetHints":{"allow":["GET"]}}],"collection":[{"href":"https:\/\/www.europesays.com\/se\/wp-json\/wp\/v2\/posts"}],"about":[{"href":"https:\/\/www.europesays.com\/se\/wp-json\/wp\/v2\/types\/post"}],"author":[{"embeddable":true,"href":"https:\/\/www.europesays.com\/se\/wp-json\/wp\/v2\/users\/2"}],"replies":[{"embeddable":true,"href":"https:\/\/www.europesays.com\/se\/wp-json\/wp\/v2\/comments?post=121652"}],"version-history":[{"count":0,"href":"https:\/\/www.europesays.com\/se\/wp-json\/wp\/v2\/posts\/121652\/revisions"}],"wp:featuredmedia":[{"embeddable":true,"href":"https:\/\/www.europesays.com\/se\/wp-json\/wp\/v2\/media\/121653"}],"wp:attachment":[{"href":"https:\/\/www.europesays.com\/se\/wp-json\/wp\/v2\/media?parent=121652"}],"wp:term":[{"taxonomy":"category","embeddable":true,"href":"https:\/\/www.europesays.com\/se\/wp-json\/wp\/v2\/categories?post=121652"},{"taxonomy":"post_tag","embeddable":true,"href":"https:\/\/www.europesays.com\/se\/wp-json\/wp\/v2\/tags?post=121652"}],"curies":[{"name":"wp","href":"https:\/\/api.w.org\/{rel}","templated":true}]}}