{"id":121658,"date":"2025-12-31T11:31:10","date_gmt":"2025-12-31T11:31:10","guid":{"rendered":"https:\/\/www.europesays.com\/se\/121658\/"},"modified":"2025-12-31T11:31:10","modified_gmt":"2025-12-31T11:31:10","slug":"motorola-lockar-med-ny-pro-modell","status":"publish","type":"post","link":"https:\/\/www.europesays.com\/se\/121658\/","title":{"rendered":"Motorola lockar med ny Pro\u2011modell"},"content":{"rendered":"<p class=\"kicker t20 font-Raleway\" style=\"\">Lite mer pro \u00e4n tidigare<\/p>\n<p>\n        Motorola Signature<\/p>\n<p>    Motorola har b\u00f6rjat visa upp Moto X70 Air Pro, en kommande mobil som v\u00e4ntas bli mer kraftfull \u00e4n Edge 70 och f\u00e5 snabbare laddning samt fler AI\u2011funktioner.<\/p>\n<p>Motorola har b\u00f6rjat\u00a0locka med\u00a0en ny mobilmodell med namnet\u00a0Moto\u00a0X70 Air Pro. Telefonen v\u00e4ntas lanseras i Kina f\u00f6rst och kan senare komma globalt under namnet\u00a0Edge\u00a070 Pro. Enligt f\u00f6retaget ska modellen vara mer avancerad \u00e4n den nyligen lanserade\u00a0Edge\u00a070 och f\u00e5 ett st\u00f6rre fokus p\u00e5 AI\u2011funktioner.\u00a0<\/p>\n<p>Den nya mobilen har tidigare synts i olika databaser under modellnamnet XT2603\u20111. Uppgifter d\u00e4rifr\u00e5n pekar p\u00e5 st\u00f6d f\u00f6r 90 W snabbladdning, vilket \u00e4r en tydlig f\u00f6rb\u00e4ttring j\u00e4mf\u00f6rt med\u00a0Edge\u00a070 som klarar 67 W. Prestandan v\u00e4ntas komma fr\u00e5n ett kommande\u00a0Snapdragon\u00a07+ Gen 5\u2011chip fr\u00e5n\u00a0Qualcomm, enligt b\u00e5de\u00a0Geekbench\u2011tester och branschuppgifter.\u00a0<\/p>\n<p>Samtidigt har Motorola \u00e4ven\u00a0lockat\u00a0med\u00a0en annan modell, kallad Motorola\u00a0Signature, via den indiska \u00e5terf\u00f6rs\u00e4ljaren\u00a0<a href=\"https:\/\/www.flipkart.com\/signature-class-is-coming-soon-store \" target=\"_blank\" rel=\"nofollow noopener\">Flipkart<\/a>. Den beskrivs som en mer p\u00e5kostad telefon och kan bli f\u00f6retagets n\u00e4sta flaggskepp. Rykten talar om\u00a0Snapdragon\u00a08 Gen 5, upp till 16\u00a0gigabyte arbetsminne, Android 16 och en 6,7\u2011tumssk\u00e4rm med h\u00f6g uppdateringsfrekvens.\u00a0<\/p>\n<p>Motorola har \u00e4nnu inte presenterat n\u00e5gra officiella lanseringsdatum eller fullst\u00e4ndiga specifikationer f\u00f6r de nya modellerna.\u00a0<\/p>\n","protected":false},"excerpt":{"rendered":"Lite mer pro \u00e4n tidigare Motorola Signature Motorola har b\u00f6rjat visa upp Moto X70 Air Pro, en kommande&hellip;\n","protected":false},"author":2,"featured_media":121659,"comment_status":"","ping_status":"","sticky":false,"template":"","format":"standard","meta":{"footnotes":""},"categories":[66],"tags":[80,78,79,34,31,33,32,30,81,84,83,82],"class_list":{"0":"post-121658","1":"post","2":"type-post","3":"status-publish","4":"format-standard","5":"has-post-thumbnail","7":"category-vetenskap-och-teknik","8":"tag-science","9":"tag-science-and-technology","10":"tag-scienceandtechnology","11":"tag-se","12":"tag-svenska","13":"tag-sverige","14":"tag-sweden","15":"tag-swedish","16":"tag-technology","17":"tag-teknik","18":"tag-vetenskap","19":"tag-vetenskapteknik"},"share_on_mastodon":{"url":"https:\/\/pubeurope.com\/@se\/115813960031671206","error":""},"_links":{"self":[{"href":"https:\/\/www.europesays.com\/se\/wp-json\/wp\/v2\/posts\/121658","targetHints":{"allow":["GET"]}}],"collection":[{"href":"https:\/\/www.europesays.com\/se\/wp-json\/wp\/v2\/posts"}],"about":[{"href":"https:\/\/www.europesays.com\/se\/wp-json\/wp\/v2\/types\/post"}],"author":[{"embeddable":true,"href":"https:\/\/www.europesays.com\/se\/wp-json\/wp\/v2\/users\/2"}],"replies":[{"embeddable":true,"href":"https:\/\/www.europesays.com\/se\/wp-json\/wp\/v2\/comments?post=121658"}],"version-history":[{"count":0,"href":"https:\/\/www.europesays.com\/se\/wp-json\/wp\/v2\/posts\/121658\/revisions"}],"wp:featuredmedia":[{"embeddable":true,"href":"https:\/\/www.europesays.com\/se\/wp-json\/wp\/v2\/media\/121659"}],"wp:attachment":[{"href":"https:\/\/www.europesays.com\/se\/wp-json\/wp\/v2\/media?parent=121658"}],"wp:term":[{"taxonomy":"category","embeddable":true,"href":"https:\/\/www.europesays.com\/se\/wp-json\/wp\/v2\/categories?post=121658"},{"taxonomy":"post_tag","embeddable":true,"href":"https:\/\/www.europesays.com\/se\/wp-json\/wp\/v2\/tags?post=121658"}],"curies":[{"name":"wp","href":"https:\/\/api.w.org\/{rel}","templated":true}]}}