{"id":121662,"date":"2025-12-31T11:34:10","date_gmt":"2025-12-31T11:34:10","guid":{"rendered":"https:\/\/www.europesays.com\/se\/121662\/"},"modified":"2025-12-31T11:34:10","modified_gmt":"2025-12-31T11:34:10","slug":"restauranger-i-uppsala-fullbokade-infor-nyar","status":"publish","type":"post","link":"https:\/\/www.europesays.com\/se\/121662\/","title":{"rendered":"Restauranger i Uppsala fullbokade inf\u00f6r ny\u00e5r"},"content":{"rendered":"<p>N\u00e4r ny\u00e5rsafton n\u00e4rmar sig g\u00e5r Uppsalas restauranger p\u00e5 h\u00f6gvarv. I k\u00f6ken finjusteras menyerna, de sista bokningarna faller p\u00e5 plats och st\u00e4mningen \u00e4r laddad inf\u00f6r \u00e5rets festligaste kv\u00e4ll.P\u00e5 restaurangen Dryck &amp; Mat \u00e4r ny\u00e5r en av \u00e5rets h\u00f6jdpunkter. H\u00e4r utg\u00e5r menyerna fr\u00e5n att drycken styr maten, och p\u00e5 ny\u00e5r v\u00e4xlas konceptet upp till fem serveringar mat och lika m\u00e5nga se<\/p>\n","protected":false},"excerpt":{"rendered":"N\u00e4r ny\u00e5rsafton n\u00e4rmar sig g\u00e5r Uppsalas restauranger p\u00e5 h\u00f6gvarv. I k\u00f6ken finjusteras menyerna, de sista bokningarna faller p\u00e5&hellip;\n","protected":false},"author":2,"featured_media":121663,"comment_status":"","ping_status":"","sticky":false,"template":"","format":"standard","meta":{"footnotes":""},"categories":[12],"tags":[22,23,26,27,17,21,24,25,28,29,15,16,18,34,31,33,32,30,19,20],"class_list":{"0":"post-121662","1":"post","2":"type-post","3":"status-publish","4":"format-standard","5":"has-post-thumbnail","7":"category-sverige","8":"tag-breaking-news","9":"tag-breakingnews","10":"tag-featured-news","11":"tag-featurednews","12":"tag-headlines","13":"tag-huvudnyheter","14":"tag-latest-news","15":"tag-latestnews","16":"tag-main-news","17":"tag-mainnews","18":"tag-news","19":"tag-nyheter","20":"tag-rubriker","21":"tag-se","22":"tag-svenska","23":"tag-sverige","24":"tag-sweden","25":"tag-swedish","26":"tag-top-stories","27":"tag-topstories"},"share_on_mastodon":{"url":"https:\/\/pubeurope.com\/@se\/115813971877692484","error":""},"_links":{"self":[{"href":"https:\/\/www.europesays.com\/se\/wp-json\/wp\/v2\/posts\/121662","targetHints":{"allow":["GET"]}}],"collection":[{"href":"https:\/\/www.europesays.com\/se\/wp-json\/wp\/v2\/posts"}],"about":[{"href":"https:\/\/www.europesays.com\/se\/wp-json\/wp\/v2\/types\/post"}],"author":[{"embeddable":true,"href":"https:\/\/www.europesays.com\/se\/wp-json\/wp\/v2\/users\/2"}],"replies":[{"embeddable":true,"href":"https:\/\/www.europesays.com\/se\/wp-json\/wp\/v2\/comments?post=121662"}],"version-history":[{"count":0,"href":"https:\/\/www.europesays.com\/se\/wp-json\/wp\/v2\/posts\/121662\/revisions"}],"wp:featuredmedia":[{"embeddable":true,"href":"https:\/\/www.europesays.com\/se\/wp-json\/wp\/v2\/media\/121663"}],"wp:attachment":[{"href":"https:\/\/www.europesays.com\/se\/wp-json\/wp\/v2\/media?parent=121662"}],"wp:term":[{"taxonomy":"category","embeddable":true,"href":"https:\/\/www.europesays.com\/se\/wp-json\/wp\/v2\/categories?post=121662"},{"taxonomy":"post_tag","embeddable":true,"href":"https:\/\/www.europesays.com\/se\/wp-json\/wp\/v2\/tags?post=121662"}],"curies":[{"name":"wp","href":"https:\/\/api.w.org\/{rel}","templated":true}]}}