{"id":121664,"date":"2025-12-31T11:35:20","date_gmt":"2025-12-31T11:35:20","guid":{"rendered":"https:\/\/www.europesays.com\/se\/121664\/"},"modified":"2025-12-31T11:35:20","modified_gmt":"2025-12-31T11:35:20","slug":"en-konkret-nollvision-och-vi-infor-ett-sarskilt-ministerrad","status":"publish","type":"post","link":"https:\/\/www.europesays.com\/se\/121664\/","title":{"rendered":"En konkret nollvision \u2013 och vi inf\u00f6r ett s\u00e4rskilt ministerr\u00e5d"},"content":{"rendered":"<p>Statsministern: Arbetet startar omedelbart efter ny\u00e5r<img decoding=\"async\" class=\"image-asset hyperion-css-n6kkq1\" data-test-tag=\"image-asset\" src=\"https:\/\/www.europesays.com\/se\/wp-content\/uploads\/2025\/08\/ab-icon-circle-quote@2x.png\"  alt=\"\"  loading=\"lazy\" fetchpriority=\"auto\" style=\"aspect-ratio:16 \/ 16\"\/><\/p>\n<p class=\"boxtextgrotesk-root_baa6 hyperion-css-qkznpo\"><strong>Detta \u00e4r en debattartikel.<\/strong> Det \u00e4r skribenten som st\u00e5r f\u00f6r \u00e5sikterna som f\u00f6rs fram i texten, inte Aftonbladet.<\/p>\n<p class=\"boxtextgrotesk-root_baa6 hyperion-css-7pajle\">Publicerad 2025-12-30 19.00<\/p>\n<p>share-arrowDela<\/p>\n<p>unsaveSpara<\/p>\n<p>expand-left<\/p>\n<p>helsk\u00e4rm<img decoding=\"async\" class=\"image-asset hyperion-css-u06ts1\" data-test-tag=\"image-asset\" src=\"https:\/\/www.europesays.com\/se\/wp-content\/uploads\/2025\/12\/abb572d1-6f1c-45cd-8c37-d9acde19f895.jpeg\"  alt=\"Folk s\u00f6rjer vid minnesplatsen i R\u00f6nninge efter mordet p\u00e5 en ung kvinna.\"  loading=\"eager\" fetchpriority=\"high\" style=\"aspect-ratio:1900 \/ 1267\"\/>Folk s\u00f6rjer vid minnesplatsen i R\u00f6nninge efter mordet p\u00e5 en ung kvinna. Foto: Carolina Byrmo<\/p>\n<p class=\"hyperion-css-1shl3oz\" data-test-tag=\"lead-text\">Den senaste veckans brutala v\u00e5ldsd\u00e5d i Boden och R\u00f6nninge har ber\u00f6rt v\u00e5rt land p\u00e5 djupet. <\/p>\n<p class=\"hyperion-css-1shl3oz\" data-test-tag=\"lead-text\">Regeringen bek\u00e4mpar m\u00e4ns v\u00e5ld mot kvinnor med samma beslutsamhet som g\u00e4ngkriminaliteten. <\/p>\n<p class=\"hyperion-css-1shl3oz\" data-test-tag=\"lead-text\">I v\u00e5r inf\u00f6rs ett nytt straff som g\u00f6r att pedofiler, seriev\u00e5ldt\u00e4ktsm\u00e4n och m\u00e4n som m\u00f6rdar kvinnor kan l\u00e5sas in och aldrig mer sl\u00e4ppas ut. <\/p>\n<p class=\"hyperion-css-1shl3oz\" data-test-tag=\"lead-text\">Nu tar vi n\u00e4sta steg genom att utforma en nollvision och inr\u00e4tta ett s\u00e4rskilt ministerr\u00e5d mot m\u00e4ns v\u00e5ld mot kvinnor. Det skriver statsminister Ulf Kristersson (M).<\/p>\n<p class=\"hyperion-css-1v9qo5x\">DEBATT. Den senaste veckans fruktansv\u00e4rda h\u00e4ndelser i Boden och <a data-test-tag=\"internal-link\" href=\"https:\/\/www.aftonbladet.se\/tagg\/ronninge\" class=\"hyperion-css-15jkft9\" rel=\"nofollow noopener\" target=\"\" aria-label=\"R\u00f6nninge\" theme=\"opinion\">R\u00f6nninge<\/a> har ber\u00f6rt v\u00e5rt land p\u00e5 djupet. Jag vet att det inte finns n\u00e5gonting som kan s\u00e4gas som nu mildrar den sorg som offrens familjer, anh\u00f6riga och v\u00e4nner k\u00e4nner. Men vi b\u00e4r sorgen tillsammans med dem.<\/p>\n<p class=\"hyperion-css-1v9qo5x\">Det \u00e4r mycket som vi fortfarande inte vet. Polis och \u00e5klagare utf\u00f6r nu sitt viktiga arbete f\u00f6r att utreda vad som har h\u00e4nt och tids nog f\u00e5r vi f\u00f6rhoppningsvis svaren. Samtidigt \u00e4r det uppenbart att d\u00e5den leder till b\u00e5de oro och r\u00e4dsla, inte minst bland m\u00e5nga kvinnor och f\u00f6r\u00e4ldrar till d\u00f6ttrar. Insikten att det som inte f\u00e5r h\u00e4nda faktiskt h\u00e4nder \u00e4r mardr\u00f6mslik.<\/p>\n<p class=\"hyperion-css-1v9qo5x\"><strong>Ingen uppgift \u00e4r lika viktig f\u00f6r den h\u00e4r regeringen som landets s\u00e4kerhet och medborgarnas trygghet. Det inneb\u00e4r att v\u00e5ld mot kvinnor ska bek\u00e4mpas med precis samma kraft och beslutsamhet som vi bek\u00e4mpar den organiserade brottsligheten. Konsekvent har vi ocks\u00e5 \u00e4ndrat lagar och regler f\u00f6r att b\u00e4ttre skydda kvinnor fr\u00e5n f\u00f6r\u00f6vare.<\/strong><\/p>\n<blockquote data-test-tag=\"blockquote\" class=\"blockquote-content_747c\"><p>pullquoteDetta \u00e4r ett paradigmskifte<\/p><\/blockquote>\n<p class=\"hyperion-css-1v9qo5x\">Vi har rivit sekretesshinder, s\u00e5 att socialtj\u00e4nst och polis kan dela information om riskpersoner f\u00f6r att f\u00f6rebygga och f\u00f6rhindra v\u00e5ldsd\u00e5d.<\/p>\n<p class=\"hyperion-css-1v9qo5x\">Vi ser till s\u00e5 att den som missk\u00f6ter sig i f\u00e4ngelse eller har h\u00f6g risk f\u00f6r att \u00e5terfalla i allvarlig brottslighet fr\u00e5n den 1 januari inte ska kunna sl\u00e4ppas ut i f\u00f6rtid.<\/p>\n<p class=\"hyperion-css-1v9qo5x\">Vi sk\u00e4rper straffen till sommaren s\u00e5 att den som beg\u00e5r upprepade grova v\u00e5ldt\u00e4kter kan d\u00f6mas till livstids f\u00e4ngelse. Och n\u00e4r vi h\u00f6jer straffen kommer tv\u00e5ngsmedel \u2013 till exempel avlyssning \u2013 att kunna anv\u00e4ndas i fler fall.<\/p>\n<p class=\"hyperion-css-1v9qo5x\"><strong>Och kanske allra viktigast: Vi inf\u00f6r nu till v\u00e5ren en ny p\u00e5f\u00f6ljd utan tidsbegr\u00e4nsning \u2013 s\u00e4kerhetsf\u00f6rvaring \u2013 s\u00e5 att samh\u00e4llets farligaste individer, de med h\u00f6g\u00e5terfallsrisk, kan l\u00e5sas in p\u00e5 obest\u00e4md tid. Det inneb\u00e4r att seriev\u00e5ldt\u00e4ktsm\u00e4n, m\u00e4n som m\u00f6rdar kvinnor och pedofiler kan l\u00e5sas in och inte sl\u00e4ppas ut igen. Detta \u00e4r ett paradigmskifte, som borde gjorts f\u00f6r l\u00e4nge sedan. Uppgiften att skydda samh\u00e4llet fr\u00e5n farliga personer kommer f\u00e5 en helt annan tyngd i kriminalpolitiken.<\/strong><\/p>\n<p class=\"hyperion-css-1v9qo5x\">M\u00e5nga regeringar f\u00f6re oss har pratat om vikten av att stoppa m\u00e4ns v\u00e5ld mot kvinnor. Trots det har sekretesshindren varit f\u00f6r stora och f\u00f6r m\u00e5nga, straffen f\u00f6r l\u00e5ga och verktygen f\u00f6r att skydda samh\u00e4llet fr\u00e5n de allra farligaste v\u00e5lds- och sexualbrottslingarna f\u00f6r svaga.<\/p>\n<p class=\"hyperion-css-1v9qo5x\">Vi g\u00f6r nu det som borde ha gjorts f\u00f6r l\u00e4nge sedan: ett genomgripande och helt n\u00f6dv\u00e4ndigt perspektivskifte fr\u00e5n g\u00e4rningsman till brottsoffer och samh\u00e4llsskydd. Laglydiga m\u00e4nniskors r\u00e4tt till trygghet ska g\u00e5 f\u00f6re farliga individers r\u00e4tt att r\u00f6ra sig fritt.<\/p>\n<blockquote data-test-tag=\"blockquote\" class=\"blockquote-content_747c\"><p>pullquoteEtt s\u00e4rskilt ministerr\u00e5d inr\u00e4ttas<\/p><\/blockquote>\n<p class=\"hyperion-css-1v9qo5x\">Men mer kommer att g\u00f6ras omedelbart efter ny\u00e5r:<\/p>\n<p class=\"hyperion-css-1v9qo5x\"><strong>F\u00f6r det f\u00f6rsta kommer regeringen ta initiativ till att utforma en konkret nollvision mot m\u00e4ns v\u00e5ld mot kvinnor. Varje kvinna som d\u00f6r till f\u00f6ljd av v\u00e5ldet fr\u00e5n en man \u2013 vare sig de har eller har haft en relation eller inte \u2013 \u00e4r ett enormt misslyckande. En nollvision som f\u00f6ljs upp med konkret handling \u00e4r n\u00f6dv\u00e4ndig.<\/strong><\/p>\n<p class=\"hyperion-css-1v9qo5x\"><strong>F\u00f6r det andra: Ska en nollvision fungera i praktiken kr\u00e4vs det en bred mobilisering fr\u00e5n m\u00e5nga samh\u00e4llsakt\u00f6rer. Regeringen kommer d\u00e4rf\u00f6r att inr\u00e4tta ett s\u00e4rskilt ministerr\u00e5d i Regeringskansliet som systematiserar det samlade arbetet med m\u00e4ns v\u00e5ld mot kvinnor.<\/strong><\/p>\n<p class=\"hyperion-css-1v9qo5x\">Jag kommer personligen att leda det r\u00e5det, med det redan existerande r\u00e5det mot organiserad brottslighet som modell. Ut\u00f6ver relevanta myndigheter kommer justitieministern, j\u00e4mst\u00e4lldhetsministern, socialministern med ansvar f\u00f6r psykiatri och socialtj\u00e4nstministern finnas bland medlemmarna i r\u00e5det.<\/p>\n<p class=\"hyperion-css-1v9qo5x\">Det inneb\u00e4r att r\u00e4ttsv\u00e4sendet, socialtj\u00e4nsten och sjukv\u00e5rden \u2013 inte minst psykiatrin \u2013 kommer att beh\u00f6va samverka f\u00f6r att kunna ta de steg som beh\u00f6vs f\u00f6r att detta inte ska h\u00e4nda igen. \u00c4ven civilsamh\u00e4llets viktiga organisationer som l\u00e4nge har arbetat mot m\u00e4ns v\u00e5ld mot kvinnor och mot v\u00e5ld i n\u00e4ra relationer kommer vara viktiga akt\u00f6rer. Regeringen \u00e5terkommer i n\u00e4rtid om den konkreta utformningen av s\u00e5v\u00e4l nollvisionen som ministerr\u00e5det.<\/p>\n<p class=\"hyperion-css-1v9qo5x\"><strong>Vi har nu ett stort ansvar mot de kvinnor som inte l\u00e4ngre kan f\u00f6ra sin egen talan, och vars liv togs ifr\u00e5n dem. L\u00e5t oss hedra deras minne genom att g\u00f6ra allt som st\u00e5r i v\u00e5r makt f\u00f6r att det som inte f\u00e5r h\u00e4nda inte ska kunna h\u00e4nda igen.<\/strong><\/p>\n<p><img decoding=\"async\" class=\"image-asset hyperion-css-u06ts1\" data-test-tag=\"image-asset\" src=\"https:\/\/www.europesays.com\/se\/wp-content\/uploads\/2025\/12\/1767180920_451_de9f2348-8035-4a2d-9763-a962274ff7de.png\"  alt=\"\"  loading=\"eager\" fetchpriority=\"high\" style=\"aspect-ratio:1401 \/ 38\"\/><\/p>\n<p class=\"hyperion-css-1v9qo5x\"><a data-test-tag=\"internal-link\" href=\"https:\/\/www.aftonbladet.se\/tagg\/ulf-kristersson\" class=\"hyperion-css-15jkft9\" rel=\"nofollow noopener\" target=\"\" theme=\"opinion\"><strong>Ulf Kristersson<\/strong><\/a>, statsminister (M)<\/p>\n<p>expand-left<\/p>\n<p>helsk\u00e4rm<img decoding=\"async\" class=\"image-asset hyperion-css-u06ts1\" data-test-tag=\"image-asset\" src=\"https:\/\/www.europesays.com\/se\/wp-content\/uploads\/2025\/12\/13d463b0-6064-4484-87e9-e6b0cc835fa8.jpeg\"  alt=\"Regeringen kommer att inr\u00e4tta ett s\u00e4rskilt ministerr\u00e5d i Regeringskansliet som systematiserar det samlade arbetet med m\u00e4ns v\u00e5ld mot kvinnor, skriver statsministern i en debattartikel.\"  loading=\"eager\" fetchpriority=\"high\" style=\"aspect-ratio:1200 \/ 627\"\/>Regeringen kommer att inr\u00e4tta ett s\u00e4rskilt ministerr\u00e5d i Regeringskansliet som systematiserar det samlade arbetet med m\u00e4ns v\u00e5ld mot kvinnor, skriver statsministern i en debattartikel. Foto: Ninni AnderssonFAKTAS\u00e5 skriver du en debattartikel<\/p>\n<p class=\"hyperion-css-jonaf8\"><strong>Vill du ocks\u00e5 debattera? S\u00e5 h\u00e4r g\u00f6r du om du vill skicka in debattartiklar och ins\u00e4ndare till Aftonbladet Debatt.<\/strong><\/p>\n<p class=\"hyperion-css-jonaf8\">arrow Debattartikel:<\/p>\n<p class=\"hyperion-css-jonaf8\">Skriv runt 3 500 tecken inklusive blanksteg och mejla texten till debatt@aftonbladet.se<\/p>\n<p class=\"hyperion-css-jonaf8\">Skicka med bild p\u00e5 dig sj\u00e4lv och kontaktuppgifter. Vi l\u00e4ser och svarar s\u00e5 fort vi kan, oftast inom 24 timmar.<\/p>\n<p class=\"hyperion-css-jonaf8\">arrow Replik:<\/p>\n<p class=\"hyperion-css-jonaf8\">Skriv max 2 000 tecken inklusive blanksteg och mejla texten till debatt@aftonbladet.se<\/p>\n<p>L\u00e4s mer<\/p>\n","protected":false},"excerpt":{"rendered":"Statsministern: Arbetet startar omedelbart efter ny\u00e5r Detta \u00e4r en debattartikel. Det \u00e4r skribenten som st\u00e5r f\u00f6r \u00e5sikterna som&hellip;\n","protected":false},"author":2,"featured_media":121665,"comment_status":"","ping_status":"","sticky":false,"template":"","format":"standard","meta":{"footnotes":""},"categories":[5],"tags":[22,23,26,27,17,21,24,25,28,29,15,16,18,34,31,33,32,30,19,20],"class_list":{"0":"post-121664","1":"post","2":"type-post","3":"status-publish","4":"format-standard","5":"has-post-thumbnail","7":"category-rubriker","8":"tag-breaking-news","9":"tag-breakingnews","10":"tag-featured-news","11":"tag-featurednews","12":"tag-headlines","13":"tag-huvudnyheter","14":"tag-latest-news","15":"tag-latestnews","16":"tag-main-news","17":"tag-mainnews","18":"tag-news","19":"tag-nyheter","20":"tag-rubriker","21":"tag-se","22":"tag-svenska","23":"tag-sverige","24":"tag-sweden","25":"tag-swedish","26":"tag-top-stories","27":"tag-topstories"},"share_on_mastodon":{"url":"https:\/\/pubeurope.com\/@se\/115813975498479824","error":""},"_links":{"self":[{"href":"https:\/\/www.europesays.com\/se\/wp-json\/wp\/v2\/posts\/121664","targetHints":{"allow":["GET"]}}],"collection":[{"href":"https:\/\/www.europesays.com\/se\/wp-json\/wp\/v2\/posts"}],"about":[{"href":"https:\/\/www.europesays.com\/se\/wp-json\/wp\/v2\/types\/post"}],"author":[{"embeddable":true,"href":"https:\/\/www.europesays.com\/se\/wp-json\/wp\/v2\/users\/2"}],"replies":[{"embeddable":true,"href":"https:\/\/www.europesays.com\/se\/wp-json\/wp\/v2\/comments?post=121664"}],"version-history":[{"count":0,"href":"https:\/\/www.europesays.com\/se\/wp-json\/wp\/v2\/posts\/121664\/revisions"}],"wp:featuredmedia":[{"embeddable":true,"href":"https:\/\/www.europesays.com\/se\/wp-json\/wp\/v2\/media\/121665"}],"wp:attachment":[{"href":"https:\/\/www.europesays.com\/se\/wp-json\/wp\/v2\/media?parent=121664"}],"wp:term":[{"taxonomy":"category","embeddable":true,"href":"https:\/\/www.europesays.com\/se\/wp-json\/wp\/v2\/categories?post=121664"},{"taxonomy":"post_tag","embeddable":true,"href":"https:\/\/www.europesays.com\/se\/wp-json\/wp\/v2\/tags?post=121664"}],"curies":[{"name":"wp","href":"https:\/\/api.w.org\/{rel}","templated":true}]}}