{"id":121670,"date":"2025-12-31T11:41:06","date_gmt":"2025-12-31T11:41:06","guid":{"rendered":"https:\/\/www.europesays.com\/se\/121670\/"},"modified":"2025-12-31T11:41:06","modified_gmt":"2025-12-31T11:41:06","slug":"kabelbrott-mellan-helsingfors-och-tallinn","status":"publish","type":"post","link":"https:\/\/www.europesays.com\/se\/121670\/","title":{"rendered":"Kabelbrott mellan Helsingfors och Tallinn"},"content":{"rendered":"<p class=\"sc-c25743f0-0 sc-e37c0145-2 hObFds DQgPn\">Ett misst\u00e4nkt kabelbrott har skett mellan Finland och Estland, rapporterar <a href=\"https:\/\/svenska.yle.fi\/\" class=\"pcc\" target=\"_blank\" rel=\"noopener noreferrer nofollow\">Svenska Yle<\/a>.<\/p>\n<p class=\"sc-c25743f0-0 sc-e37c0145-2 hObFds DQgPn\">\u2013 Statsledningen f\u00f6ljer situationen i n\u00e4ra samarbete. Finland \u00e4r f\u00f6rberett p\u00e5 olika s\u00e4kerhetsutmaningar och vi kommer att agera p\u00e5 dem vid behov, skriver Finlands president Alexander Stubb p\u00e5 X.<\/p>\n<p class=\"sc-c25743f0-0 sc-e37c0145-2 hObFds DQgPn\">Enligt kanalen handlar det om en datakommunikationskabel som skadats mellan Helsingfors och Tallinn.<\/p>\n<p class=\"sc-c25743f0-0 sc-e37c0145-2 hObFds DQgPn\">Finska myndigheter har identifierat ett misst\u00e4nkt fartyg vars ankark\u00e4tting var i vattnet. Fartyget unders\u00f6ks just nu av finska myndigheter, rapporterar <a href=\"https:\/\/www.iltalehti.fi\/kotimaa\/a\/a200bfab-f86c-4ec1-a510-1e255a5ac865\" class=\"pcc\" target=\"_blank\" rel=\"noopener noreferrer nofollow\">Italehti<\/a>.<\/p>\n<p class=\"sc-c25743f0-0 sc-e37c0145-2 hObFds DQgPn\">Riks\u00e5klagaren har v\u00e4ckt \u00e5tal och flera finska myndigheter utreder fallet.<\/p>\n","protected":false},"excerpt":{"rendered":"Ett misst\u00e4nkt kabelbrott har skett mellan Finland och Estland, rapporterar Svenska Yle. \u2013 Statsledningen f\u00f6ljer situationen i n\u00e4ra&hellip;\n","protected":false},"author":2,"featured_media":77179,"comment_status":"","ping_status":"","sticky":false,"template":"","format":"standard","meta":{"footnotes":""},"categories":[14],"tags":[22,23,26,27,17,21,24,25,28,29,15,16,18,34,31,33,32,30,19,20,51,52,53,54],"class_list":{"0":"post-121670","1":"post","2":"type-post","3":"status-publish","4":"format-standard","5":"has-post-thumbnail","7":"category-varlden","8":"tag-breaking-news","9":"tag-breakingnews","10":"tag-featured-news","11":"tag-featurednews","12":"tag-headlines","13":"tag-huvudnyheter","14":"tag-latest-news","15":"tag-latestnews","16":"tag-main-news","17":"tag-mainnews","18":"tag-news","19":"tag-nyheter","20":"tag-rubriker","21":"tag-se","22":"tag-svenska","23":"tag-sverige","24":"tag-sweden","25":"tag-swedish","26":"tag-top-stories","27":"tag-topstories","28":"tag-varlden","29":"tag-world","30":"tag-world-news","31":"tag-worldnews"},"share_on_mastodon":{"url":"https:\/\/pubeurope.com\/@se\/115813999151535276","error":""},"_links":{"self":[{"href":"https:\/\/www.europesays.com\/se\/wp-json\/wp\/v2\/posts\/121670","targetHints":{"allow":["GET"]}}],"collection":[{"href":"https:\/\/www.europesays.com\/se\/wp-json\/wp\/v2\/posts"}],"about":[{"href":"https:\/\/www.europesays.com\/se\/wp-json\/wp\/v2\/types\/post"}],"author":[{"embeddable":true,"href":"https:\/\/www.europesays.com\/se\/wp-json\/wp\/v2\/users\/2"}],"replies":[{"embeddable":true,"href":"https:\/\/www.europesays.com\/se\/wp-json\/wp\/v2\/comments?post=121670"}],"version-history":[{"count":0,"href":"https:\/\/www.europesays.com\/se\/wp-json\/wp\/v2\/posts\/121670\/revisions"}],"wp:featuredmedia":[{"embeddable":true,"href":"https:\/\/www.europesays.com\/se\/wp-json\/wp\/v2\/media\/77179"}],"wp:attachment":[{"href":"https:\/\/www.europesays.com\/se\/wp-json\/wp\/v2\/media?parent=121670"}],"wp:term":[{"taxonomy":"category","embeddable":true,"href":"https:\/\/www.europesays.com\/se\/wp-json\/wp\/v2\/categories?post=121670"},{"taxonomy":"post_tag","embeddable":true,"href":"https:\/\/www.europesays.com\/se\/wp-json\/wp\/v2\/tags?post=121670"}],"curies":[{"name":"wp","href":"https:\/\/api.w.org\/{rel}","templated":true}]}}