{"id":121675,"date":"2025-12-31T11:49:07","date_gmt":"2025-12-31T11:49:07","guid":{"rendered":"https:\/\/www.europesays.com\/se\/121675\/"},"modified":"2025-12-31T11:49:07","modified_gmt":"2025-12-31T11:49:07","slug":"ryssland-publicerar-video-av-pastadd-dronarattack-mot-putin","status":"publish","type":"post","link":"https:\/\/www.europesays.com\/se\/121675\/","title":{"rendered":"Ryssland publicerar video av p\u00e5st\u00e5dd dr\u00f6narattack mot Putin"},"content":{"rendered":"<p>Videon, som \u00e4r filmad p\u00e5 natten, visar en skadad dr\u00f6nare som ligger i sn\u00f6n i ett skogsomr\u00e5de. Departementet h\u00e4vdar att den p\u00e5st\u00e5dda attacken var \u201driktad, noggrant planerad och genomf\u00f6rd i flera steg\u201d.<\/p>\n<p>Ukraina tillbakavisar kategoriskt alla anklagelser om inblandning i h\u00e4ndelsen som man menar \u00e4r fabricerad f\u00f6r att sabotera fredssamtalen.<\/p>\n<p>\u00c4nnu en l\u00f6gn fr\u00e5n Ryssland, har den ukrainske presidenten Volodymyr Zelenskyj kommenterat.<\/p>\n<p>Ryssland har tidigare v\u00e4grat att dela bevis om den p\u00e5st\u00e5dda ukrainska attacken. Kremls talesperson Dmitrij Peskov sade p\u00e5 tisdagen att han inte tycker att det beh\u00f6vs \u201dn\u00e5gra bevis f\u00f6r en s\u00e5 massiv dr\u00f6narattack, som tack vare luftf\u00f6rsvarssystemets v\u00e4lkoordinerade arbete sk\u00f6ts ner\u201d.<\/p>\n<p>EU:s utrikeschef Kaja Kallas anklagar p\u00e5 onsdagen Ryssland f\u00f6r att l\u00e4gga fram \u201dogrundade p\u00e5st\u00e5enden\u201d om att Ukraina ska ha avfyrat dr\u00f6nare mot Putins bostad. Hon kallar anklagelsen en \u201davsiktlig distraktion\u201d fr\u00e5n fredsanstr\u00e4ngningarna.<\/p>\n<p>\u201dMoskva vill hindra Ukrainas och dess v\u00e4sterl\u00e4ndska partners verkliga framsteg mot fred\u201d, skriver hon p\u00e5 X.<\/p>\n","protected":false},"excerpt":{"rendered":"Videon, som \u00e4r filmad p\u00e5 natten, visar en skadad dr\u00f6nare som ligger i sn\u00f6n i ett skogsomr\u00e5de. Departementet&hellip;\n","protected":false},"author":2,"featured_media":121676,"comment_status":"","ping_status":"","sticky":false,"template":"","format":"standard","meta":{"footnotes":""},"categories":[14],"tags":[22,23,26,27,17,21,24,25,28,29,15,16,18,34,31,33,32,30,19,20,51,52,53,54],"class_list":{"0":"post-121675","1":"post","2":"type-post","3":"status-publish","4":"format-standard","5":"has-post-thumbnail","7":"category-varlden","8":"tag-breaking-news","9":"tag-breakingnews","10":"tag-featured-news","11":"tag-featurednews","12":"tag-headlines","13":"tag-huvudnyheter","14":"tag-latest-news","15":"tag-latestnews","16":"tag-main-news","17":"tag-mainnews","18":"tag-news","19":"tag-nyheter","20":"tag-rubriker","21":"tag-se","22":"tag-svenska","23":"tag-sverige","24":"tag-sweden","25":"tag-swedish","26":"tag-top-stories","27":"tag-topstories","28":"tag-varlden","29":"tag-world","30":"tag-world-news","31":"tag-worldnews"},"share_on_mastodon":{"url":"https:\/\/pubeurope.com\/@se\/115814030575485065","error":""},"_links":{"self":[{"href":"https:\/\/www.europesays.com\/se\/wp-json\/wp\/v2\/posts\/121675","targetHints":{"allow":["GET"]}}],"collection":[{"href":"https:\/\/www.europesays.com\/se\/wp-json\/wp\/v2\/posts"}],"about":[{"href":"https:\/\/www.europesays.com\/se\/wp-json\/wp\/v2\/types\/post"}],"author":[{"embeddable":true,"href":"https:\/\/www.europesays.com\/se\/wp-json\/wp\/v2\/users\/2"}],"replies":[{"embeddable":true,"href":"https:\/\/www.europesays.com\/se\/wp-json\/wp\/v2\/comments?post=121675"}],"version-history":[{"count":0,"href":"https:\/\/www.europesays.com\/se\/wp-json\/wp\/v2\/posts\/121675\/revisions"}],"wp:featuredmedia":[{"embeddable":true,"href":"https:\/\/www.europesays.com\/se\/wp-json\/wp\/v2\/media\/121676"}],"wp:attachment":[{"href":"https:\/\/www.europesays.com\/se\/wp-json\/wp\/v2\/media?parent=121675"}],"wp:term":[{"taxonomy":"category","embeddable":true,"href":"https:\/\/www.europesays.com\/se\/wp-json\/wp\/v2\/categories?post=121675"},{"taxonomy":"post_tag","embeddable":true,"href":"https:\/\/www.europesays.com\/se\/wp-json\/wp\/v2\/tags?post=121675"}],"curies":[{"name":"wp","href":"https:\/\/api.w.org\/{rel}","templated":true}]}}