{"id":121677,"date":"2025-12-31T11:51:11","date_gmt":"2025-12-31T11:51:11","guid":{"rendered":"https:\/\/www.europesays.com\/se\/121677\/"},"modified":"2025-12-31T11:51:11","modified_gmt":"2025-12-31T11:51:11","slug":"halt-vaglag-i-skane-flera-olyckor-utanfor-dalby","status":"publish","type":"post","link":"https:\/\/www.europesays.com\/se\/121677\/","title":{"rendered":"Halt v\u00e4glag i Sk\u00e5ne \u2013 flera olyckor utanf\u00f6r Dalby"},"content":{"rendered":"<p>P\u00e5 f\u00f6rmiddagen ny\u00e5rsafton inkom flera larm om trafikolyckor p\u00e5 v\u00e4g 11 utanf\u00f6r Dalby. Olyckorna ledde till k\u00f6er p\u00e5 platsen och enligt Trafikverket var v\u00e4g 11 fr\u00e5n Bj\u00f6rnstorp riktning mot Malm\u00f6 avst\u00e4ngd fram till trafikplats Dalby S. <\/p>\n<p>Innan lunchtid \u00f6ppnades v\u00e4gen igen. <\/p>\n<p>Enligt polisen ska fyra larm om olyckor ha inkommit. F\u00f6rsta olyckan intr\u00e4ffade i h\u00f6jd med \u00d6nnesl\u00f6v, d\u00e4r en personbil ska ha k\u00f6rt av v\u00e4gen. <\/p>\n<p>Kort d\u00e4refter, vid 10-tiden, intr\u00e4ffade en ny olycka p\u00e5 v\u00e4g 11 i h\u00f6jd med Bj\u00f6rnstorp. D\u00e4r ska tv\u00e5 bilar ha kolliderat. <\/p>\n<p>\u2013 Det uppges vara v\u00e4ldigt halt p\u00e5 platsen och bilister uppmanas att anpassa sin k\u00f6rning och om m\u00f6jligt v\u00e4lja en annan v\u00e4g, s\u00e4ger Katarina Rusin p\u00e5 polisens ledningscentral. <\/p>\n<p>Det \u00e4r i nul\u00e4get oklart om n\u00e5gon har skadats i olyckorna. <\/p>\n<p>\u2013 Vi \u00e4r klara p\u00e5 alla olycksplatser, men det \u00e4r oklart om n\u00e5gon beh\u00f6vts f\u00f6ras till sjukhus, s\u00e4ger Katarina Rusin. <\/p>\n<p>Varning f\u00f6r ishalka<\/p>\n<p>SMHI har g\u00e5tt ut med en gul varning f\u00f6r ishalka i nord\u00f6stra Sk\u00e5ne med start 02.00 fram till 15.00 den 1 januari. <\/p>\n<p>Under natten mot torsdag drar regn in v\u00e4sterifr\u00e5n som kan falla p\u00e5 kalla v\u00e4gar och ge problem med halka, skriver SMHI.<\/p>\n","protected":false},"excerpt":{"rendered":"P\u00e5 f\u00f6rmiddagen ny\u00e5rsafton inkom flera larm om trafikolyckor p\u00e5 v\u00e4g 11 utanf\u00f6r Dalby. Olyckorna ledde till k\u00f6er p\u00e5&hellip;\n","protected":false},"author":2,"featured_media":793,"comment_status":"","ping_status":"","sticky":false,"template":"","format":"standard","meta":{"footnotes":""},"categories":[5],"tags":[22,23,26,27,17,21,24,25,28,29,15,16,18,34,31,33,32,30,19,20],"class_list":{"0":"post-121677","1":"post","2":"type-post","3":"status-publish","4":"format-standard","5":"has-post-thumbnail","7":"category-rubriker","8":"tag-breaking-news","9":"tag-breakingnews","10":"tag-featured-news","11":"tag-featurednews","12":"tag-headlines","13":"tag-huvudnyheter","14":"tag-latest-news","15":"tag-latestnews","16":"tag-main-news","17":"tag-mainnews","18":"tag-news","19":"tag-nyheter","20":"tag-rubriker","21":"tag-se","22":"tag-svenska","23":"tag-sverige","24":"tag-sweden","25":"tag-swedish","26":"tag-top-stories","27":"tag-topstories"},"share_on_mastodon":{"url":"https:\/\/pubeurope.com\/@se\/115814038395228368","error":""},"_links":{"self":[{"href":"https:\/\/www.europesays.com\/se\/wp-json\/wp\/v2\/posts\/121677","targetHints":{"allow":["GET"]}}],"collection":[{"href":"https:\/\/www.europesays.com\/se\/wp-json\/wp\/v2\/posts"}],"about":[{"href":"https:\/\/www.europesays.com\/se\/wp-json\/wp\/v2\/types\/post"}],"author":[{"embeddable":true,"href":"https:\/\/www.europesays.com\/se\/wp-json\/wp\/v2\/users\/2"}],"replies":[{"embeddable":true,"href":"https:\/\/www.europesays.com\/se\/wp-json\/wp\/v2\/comments?post=121677"}],"version-history":[{"count":0,"href":"https:\/\/www.europesays.com\/se\/wp-json\/wp\/v2\/posts\/121677\/revisions"}],"wp:featuredmedia":[{"embeddable":true,"href":"https:\/\/www.europesays.com\/se\/wp-json\/wp\/v2\/media\/793"}],"wp:attachment":[{"href":"https:\/\/www.europesays.com\/se\/wp-json\/wp\/v2\/media?parent=121677"}],"wp:term":[{"taxonomy":"category","embeddable":true,"href":"https:\/\/www.europesays.com\/se\/wp-json\/wp\/v2\/categories?post=121677"},{"taxonomy":"post_tag","embeddable":true,"href":"https:\/\/www.europesays.com\/se\/wp-json\/wp\/v2\/tags?post=121677"}],"curies":[{"name":"wp","href":"https:\/\/api.w.org\/{rel}","templated":true}]}}