{"id":121688,"date":"2025-12-31T12:06:08","date_gmt":"2025-12-31T12:06:08","guid":{"rendered":"https:\/\/www.europesays.com\/se\/121688\/"},"modified":"2025-12-31T12:06:08","modified_gmt":"2025-12-31T12:06:08","slug":"kabelbrott-mellan-finland-och-estland-inrikes","status":"publish","type":"post","link":"https:\/\/www.europesays.com\/se\/121688\/","title":{"rendered":"Kabelbrott mellan Finland och Estland | Inrikes"},"content":{"rendered":"<p class=\"aw-1gybjub aw-5vja16 kEtdKx kmuxyA yle__article__paragraph\">Finl\u00e4ndska myndigheterna har beslagtagit ett fartyg som misst\u00e4nks f\u00f6r att ha orsaka kabelbrottet.<\/p>\n<p><img decoding=\"async\" alt=\"En karta \u00f6ver Finska viken d\u00e4r Tallinn och Helsingfors \u00e4r utm\u00e4rkta.\" src=\"https:\/\/images.cdn.yle.fi\/image\/upload\/c_crop,h_1080,w_1919,x_0,y_0\/ar_1.7777777777777777,c_fill,g_faces,h_431,w_767\/dpr_1.0\/q_auto:eco\/f_auto\/fl_lossy\/v1767180182\/39-1575944695506e8280a3\" class=\"aw-1l9m598 hKVVvP\"\/><\/p>\n<p>\u00d6ppna bildvisare<\/p>\n<p>Vid halv tv\u00e5 p\u00e5 onsdagseftermiddagen \u00e4r den exakta platsen f\u00f6r kabelbrottet ok\u00e4nd. Bild: Edvin Ekman \/ Yle, Mapcreator, OpenStreetMap<\/p>\n<p class=\"aw-1gybjub aw-1p7kakr kEtdKx cEmitX yle__article__paragraph\">En datakommunikationskabel har skadats mellan Helsingfors och Tallinn.<\/p>\n<p class=\"aw-1gybjub aw-1p7kakr kEtdKx cEmitX yle__article__paragraph\">Gr\u00e4nsbevakningsv\u00e4sendet har identifierat ett fartyg som misst\u00e4nks ha orsakat kabelbrottet. Fartyget hade sin ankarkedja i vattnet.<\/p>\n<p class=\"aw-1gybjub aw-1p7kakr kEtdKx cEmitX yle__article__paragraph\">St\u00e4llet d\u00e4r kabeln har skadats finns i Estlands ekonomiska zon.<\/p>\n<p class=\"aw-1gybjub aw-1p7kakr kEtdKx cEmitX yle__article__paragraph\">Det \u00e4r teleoperat\u00f6ren Elisas kabel som har blivit skadad. Enligt Elisa p\u00e5verkar skadan inte dess tj\u00e4nster.<\/p>\n<p class=\"aw-1gybjub aw-1p7kakr kEtdKx cEmitX yle__article__paragraph\">Finl\u00e4ndska myndigheterna har beslagtagit fartyget.<\/p>\n<p class=\"aw-1gybjub aw-1p7kakr kEtdKx cEmitX yle__article__paragraph\">Polisen utreder \u00e4rendet tillsammans med finl\u00e4ndska och estniska myndigheter.<\/p>\n<p class=\"aw-1gybjub aw-1p7kakr kEtdKx cEmitX yle__article__paragraph\">Artikeln uppdateras.<\/p>\n","protected":false},"excerpt":{"rendered":"Finl\u00e4ndska myndigheterna har beslagtagit ett fartyg som misst\u00e4nks f\u00f6r att ha orsaka kabelbrottet. \u00d6ppna bildvisare Vid halv tv\u00e5&hellip;\n","protected":false},"author":2,"featured_media":121689,"comment_status":"","ping_status":"","sticky":false,"template":"","format":"standard","meta":{"footnotes":""},"categories":[14],"tags":[22,23,128,5584,1561,26,27,684,4874,7521,17,21,683,24,25,28,29,15,16,18,34,12890,3970,31,33,32,30,19,20,51,52,53,54],"class_list":{"0":"post-121688","1":"post","2":"type-post","3":"status-publish","4":"format-standard","5":"has-post-thumbnail","7":"category-varlden","8":"tag-breaking-news","9":"tag-breakingnews","10":"tag-brott","11":"tag-brottsmisstankar","12":"tag-estland","13":"tag-featured-news","14":"tag-featurednews","15":"tag-finland","16":"tag-gransbevakningsvasendet","17":"tag-gransovervakning","18":"tag-headlines","19":"tag-huvudnyheter","20":"tag-inrikes","21":"tag-latest-news","22":"tag-latestnews","23":"tag-main-news","24":"tag-mainnews","25":"tag-news","26":"tag-nyheter","27":"tag-rubriker","28":"tag-se","29":"tag-sjokabel","30":"tag-sjotrafik","31":"tag-svenska","32":"tag-sverige","33":"tag-sweden","34":"tag-swedish","35":"tag-top-stories","36":"tag-topstories","37":"tag-varlden","38":"tag-world","39":"tag-world-news","40":"tag-worldnews"},"share_on_mastodon":{"url":"https:\/\/pubeurope.com\/@se\/115814097391600387","error":""},"_links":{"self":[{"href":"https:\/\/www.europesays.com\/se\/wp-json\/wp\/v2\/posts\/121688","targetHints":{"allow":["GET"]}}],"collection":[{"href":"https:\/\/www.europesays.com\/se\/wp-json\/wp\/v2\/posts"}],"about":[{"href":"https:\/\/www.europesays.com\/se\/wp-json\/wp\/v2\/types\/post"}],"author":[{"embeddable":true,"href":"https:\/\/www.europesays.com\/se\/wp-json\/wp\/v2\/users\/2"}],"replies":[{"embeddable":true,"href":"https:\/\/www.europesays.com\/se\/wp-json\/wp\/v2\/comments?post=121688"}],"version-history":[{"count":0,"href":"https:\/\/www.europesays.com\/se\/wp-json\/wp\/v2\/posts\/121688\/revisions"}],"wp:featuredmedia":[{"embeddable":true,"href":"https:\/\/www.europesays.com\/se\/wp-json\/wp\/v2\/media\/121689"}],"wp:attachment":[{"href":"https:\/\/www.europesays.com\/se\/wp-json\/wp\/v2\/media?parent=121688"}],"wp:term":[{"taxonomy":"category","embeddable":true,"href":"https:\/\/www.europesays.com\/se\/wp-json\/wp\/v2\/categories?post=121688"},{"taxonomy":"post_tag","embeddable":true,"href":"https:\/\/www.europesays.com\/se\/wp-json\/wp\/v2\/tags?post=121688"}],"curies":[{"name":"wp","href":"https:\/\/api.w.org\/{rel}","templated":true}]}}